{"id":149575,"date":"2024-04-03T21:33:02","date_gmt":"2024-04-03T20:33:02","guid":{"rendered":"https:\/\/lavozdehellin.com\/noticias\/?p=149575"},"modified":"2024-04-08T10:02:25","modified_gmt":"2024-04-08T09:02:25","slug":"v08-465-el-afan-de-superacion-y-el-talento-deportivo-protagonizan-los-premios-provinciales-al-deporte-2023-de-la-diputacion-de-albacete","status":"publish","type":"post","link":"https:\/\/lavozdehellin.com\/noticias\/v08-465-el-afan-de-superacion-y-el-talento-deportivo-protagonizan-los-premios-provinciales-al-deporte-2023-de-la-diputacion-de-albacete\/","title":{"rendered":"LVH NOTICIAS | EL AF\u00c1N DE SUPERACI\u00d3N Y EL TALENTO DEPORTIVO PROTAGONIZAN LOS PREMIOS PROVINCIALES AL DEPORTE 2023 DE LA DIPUTACI\u00d3N DE ALBACETE"},"content":{"rendered":"<p style=\"text-align: justify;\">La Diputaci\u00f3n de Albacete ha celebrado esta tarde-noche de mi\u00e9rcoles sus Premios Provinciales al Deporte 2023.<\/p>\n<p><!--more--><br \/>\n<!--publicidad-voz01--><a href=\"https:\/\/www.facebook.com\/SoloRadioHellin\/?locale=es_ES\"><img decoding=\"async\" class=\"alignnone size-medium\" src=\"https:\/\/blogger.googleusercontent.com\/img\/b\/R29vZ2xl\/AVvXsEiNncirNnyGedv00mhjZjh5Wl4_YPdJGanoAl8tL8zH-HwqE8uHqjEfSt340RHdx-9tuCSIkZ8rFamZiGyYlgDGxCsmXjCH_1xk5eYM3ntFZRvJP_jndOKR7w1UAo9Tu0vrZyOLfqRpHIxYI5SymJJ-pfGCQw6QVpggBH-UgfjiFQ2JOxqxG0Jx94kW83c\/s1600\/logo-principal.jpg\" width=\"100%\" height=\"100\" \/><\/a><!--bestpublic-voz01--><!--desk-in-out-voz01--><br \/>\n<!--publicidad-voz02--><a href=\"https:\/\/www.hellincf.com\/\"><img decoding=\"async\" class=\"alignnone size-medium\" src=\"https:\/\/blogger.googleusercontent.com\/img\/b\/R29vZ2xl\/AVvXsEhuZ4-XfBVj3UtdP8-RZugy3WVrg-Zv28c53m4oV47qYCxL1rX_dqWX_YddsGSnpH5SRDqZ7bZeKPIfDVCDncpjVlhy3aQs2vojcJBn7Gdv9hC2_Nzct_pRFrnFE1a7KTCdY1bT_kAgnY3-iadRZrGeJf1fR2P5fu11bokx0pWjaypoy-ctwCjklldpEbA\/s1600\/logo-principal7.jpg\" width=\"100%\" height=\"100\" \/><\/a><!--bestpublic-voz02--><!--desk-in-out-voz02--><\/p>\n<p style=\"text-align: justify;\">Lo ha hecho en un Teatro Circo \u2018lleno hasta la bandera\u2019 y m\u00e1s imponente que nunca gracias al gran elenco de protagonistas que han conformado \u201cuna convocatoria y alineaci\u00f3n de lujo\u201d para vivir la gran \u2018fiesta\u2019 en torno a los y las protagonistas del \u00e1mbito deportivo.<\/p>\n<p style=\"text-align: justify;\">As\u00ed lo ha se\u00f1alado el presidente, Santi Caba\u00f1ero, en una cita que, ha afirmado, resalta lo clave que es para un territorio reconocer y poner en valor a sus deportistas, y que muestra a las claras el papel que juega el deporte, tanto en la cohesi\u00f3n social como en el desarrollo personal, siendo los premiados y premiadas \u201cadem\u00e1s de un orgullo, un ejemplo\u201d para la poblaci\u00f3n provincial.<\/p>\n<p style=\"text-align: justify;\">Inicio de gala marcado por la alegr\u00eda, grandes exhibiciones y la ovaci\u00f3n cerrada a Alejando Gonz\u00e1lez<\/p>\n<p style=\"text-align: justify;\">Y precisamente en este sentido, Caba\u00f1ero ha tenido palabras especiales para Alejandro Gonz\u00e1lez, entrenador de las Escuelas de Baloncesto de Albacete que, tras superar el accidente de autob\u00fas que sufri\u00f3 junto a su equipo hace algo m\u00e1s de un a\u00f1o, ha recibido el aplauso un\u00e1nime del p\u00fablico y una Menci\u00f3n Especial en esta Gala, encarnando una historia de superaci\u00f3n y coraje que simboliza la resiliencia y el esp\u00edritu de superaci\u00f3n que siempre acompa\u00f1an al deporte, tambi\u00e9n en Albacete.<\/p>\n<p style=\"text-align: justify;\">El gran ambiente y la alegr\u00eda han colmado el evento desde sus proleg\u00f3menos, con un Teatro Circo rodeado por la m\u00fasica en directo y por las demostraciones deportivas varias (de judo, esgrima o WuShu) hasta que, con su caracter\u00edstica espectacularidad, las deportistas del Club Palas de Albacete han marcado el inicio oficial del encuentro, no \u2018a golpe de silbato\u2019, sino a ritmo de viol\u00edn.<\/p>\n<p style=\"text-align: justify;\">Un \u2018partido\u2019 tremendamente especial, dirigido por figuras emblem\u00e1ticas del periodismo deportivo: Silvia Barba (repitiendo experiencia del a\u00f1o pasado), la gran Paloma del R\u00edo y Miguel Yeste (poniendo el \u2018sabor a Albacete\u2019) han aportado su experiencia y pasi\u00f3n, contribuyendo a la magia de la noche, con Lydia Valent\u00edn y \u00c1lvaro Bautista \u2018abanderando\u2019 por todo lo alto al elenco de premiados y premiadas, a\u00f1adiendo m\u00e1s brillo si cabe a una noche ya de por s\u00ed estelar, donde las queridas Alba Redondo y Beatriz Laparra se han sentido de cerca aunque finalmente ninguna de las dos (ambas, reconocidas) hayan podido acudir por sus respectivos compromisos deportivos.<\/p>\n<p style=\"text-align: justify;\">Con 56 galardones entregados, la gala ha destacado tanto a promesas del deporte escolar (del programa \u2018Somos Deporte 3-18\u2019 que sufragan la Diputaci\u00f3n (con 350.000 euros) y JCCM, como a atletas m\u00e1s profesionalizados, demostrando el compromiso del Gobierno Provincial con el fomento deportivo en todas las etapas abarcando desde el reconocimiento a j\u00f3venes talentos hasta homenajes a carreras deportivas consolidadas, reflejo del dinamismo deportivo de Albacete.<\/p>\n<p style=\"text-align: justify;\">\u2018Agradecimiento\u2019 y \u2018compromiso\u2019 marcan las palabras de Caba\u00f1ero hacia las y los protagonistas del deporte provincial<\/p>\n<p style=\"text-align: justify;\">Santi Caba\u00f1ero ha centrado sus palabras en dos conceptos fundamentales: \u201cagradecimiento y compromiso\u201d. Sobre el primero, se ha volcado dando las gracias, en nombre de toda la provincia, a cada protagonista del evento: desde Paloma del R\u00edo, Silvia Barba, Miguel Yeste y, por supuesto, Lydia Valent\u00edn y \u00c1lvaro Bautista, a cada galardonado y galardonada, pasando por la \u2018familia\u2019 de la Asociaci\u00f3n de la Prensa Deportiva de Albacete; clubes, federaciones y equipos; madres y padres de los y las deportistas m\u00e1s j\u00f3venes; personal voluntario y del \u00e1mbito sanitario, agentes de las Fuerzas y Cuerpos de Seguridad del Estado y las Polic\u00edas Locales, bomberos y resto de instituciones y entidades que hacen posible, d\u00eda tras d\u00eda, \u201cque el deporte se sienta en Albacete\u201d, ha se\u00f1alado,<\/p>\n<p style=\"text-align: justify;\">Subrayando que, junto a la educaci\u00f3n, el deporte es uno de los grandes \u2018pilares\u2019 sobre los que se asienta desde que nacemos lo que vamos siendo como personas a lo largo de la vida, el presidente ha se\u00f1alado que los y las protagonistas de estos Premios encarnan a la perfecci\u00f3n algo clave: no el objetivo de ser \u2018los y las mejores\u2019, sino el de ser siempre buenos y buenas.<\/p>\n<p style=\"text-align: justify;\">Algo que demuestran, ha dicho, siendo ejemplos de que el esfuerzo vale la pena; de que, cuando se da todo lo que se lleva dentro, nunca se pierde (aunque no se gane); y de que nunca se est\u00e1 solo del todo: \u201cAunque en el d\u00eda a d\u00eda m\u00e1s duro (en los entrenamientos, las competiciones, los retos, los instantes de m\u00e1s flaqueza) sint\u00e1is que no hay nadie cerca\u2026 s\u00ed lo hay; siempre hay personas, equipos y seres queridos admirando, insuflando fuerzas, sintiendo orgullo\u2026\u201d, ha afirmado.<\/p>\n<p style=\"text-align: justify;\">Adem\u00e1s, ha resaltado que estos galardones reconocen \u201cel valor del deporte como herramienta de igualdad, cada vez con m\u00e1s mujeres (tanto en la Edad Escolar como en el \u00e1mbito m\u00e1s profesional); pero tambi\u00e9n igualdad entre personas (m\u00e1s all\u00e1 de las capacidades de cada cual) y entre lugares\u201d, resaltado el gran papel de cohesi\u00f3n territorial e intergeneracional del deporte, y como \u201cherramienta poderosa de salud mental\u201d porque \u201cel deporte alivia, cura y salva (a quien lo practica, pero tambi\u00e9n a quien lo disfruta)\u201d, ha asegurado.<\/p>\n<p style=\"text-align: justify;\">En alusi\u00f3n al concepto de \u2018compromiso\u2019 con el que abr\u00eda sus palabras, Caba\u00f1ero ha reafirmado el de su Gobierno con el deporte, plasmado en un significativo aumento (de carca del 150%) este a\u00f1o, superando los m\u00e1s de 3.700.000 euros destinados a esta \u201cinversi\u00f3n\u201d, ha subrayado, que siempre revierte multiplicada al territorio porque \u201capostar por el deporte siempre es barato; lo que sale caro, es no hacerlo\u2026.\u201d, ha se\u00f1alado, reiterando su m\u00e1s sincero agradecimiento a la \u2018gran familia\u2019 del deporte provincial.<\/p>\n<p style=\"text-align: justify;\">Una \u2018alineaci\u00f3n\u2019 de lujo completa la lista de deportistas y entidades reconocidos<\/p>\n<p style=\"text-align: justify;\">Dentro del programa \u2018Somos Deporte 3-18\u2019, han recibido reconocimientos:<\/p>\n<p style=\"text-align: justify;\">Francisco Moreno Hambrona (tenis de mesa); Pablo S\u00e1nchez del Ramo y Alejandro S\u00e1nchez del Ramo (ciclismo); Club Triatl\u00f3n Albacete; Club Aerotramp Albacete (r\u00edtmica); Carmen S\u00e1nchez Jim\u00e9nez (monta\u00f1a); Club de Judo de Casas Ib\u00e1\u00f1ez; Club de Nataci\u00f3n Sincronizada de Albacete; equipo Sub-16 masculino del Club Atletismo Albacete-Diputaci\u00f3n; Club Excalibur de Albacete (ajedrez); Carla Galiano Jim\u00e9nez (Taekwondo); Alejandro Rodr\u00edguez Molina y Noemy Garc\u00eda Mart\u00ednez (b\u00e1dminton); Club Albarena Infantil Masculino (voleibol); CBA Alev\u00edn Femenino y el EBA Alev\u00edn Masculino (baloncesto); Alfonso Mora Moreno y Carla Alcaraz Ram\u00edrez (esgrima); EFB Almansa (f\u00fatbol); Isabel Mart\u00ednez Cebri\u00e1n (tenis); y Sandra Mu\u00f1oz Descalzo (orientaci\u00f3n).<\/p>\n<p style=\"text-align: justify;\">Por su parte, los Premios del Jurado T\u00e9cnico correspondientes a 2023 han sido:<\/p>\n<p style=\"text-align: justify;\">\u2013 Pr\u00e1ctica deportiva: Jes\u00fas \u00c1ngel Rodr\u00edguez S\u00e1nchez (Club Atletismo Albacete-Diputaci\u00f3n).<\/p>\n<p style=\"text-align: justify;\">\u2013 Mejores deportistas provinciales: Alba Redondo y Beatriz Laparra.<\/p>\n<p style=\"text-align: justify;\">\u2013 Mejores clubes provinciales: Club Nataci\u00f3n Albacete y Club Palas.<\/p>\n<p style=\"text-align: justify;\">\u2013 Mejor labor t\u00e9cnica: Mila Mart\u00ednez y Rub\u00e9n Alb\u00e9s.<\/p>\n<p style=\"text-align: justify;\">\u2013 Deportistas con mayor proyecci\u00f3n: Jos\u00e9 Moreno (boxeo); Luc\u00eda Barbero (b\u00e1dminton); C\u00e9sar Prieto (Club Aerotramp); Andrea Torres (Club Atletismo Albacete-Diputaci\u00f3n); Hugo Mart\u00ednez \u2018Capi\u2019 (Albacete Balompi\u00e9).<\/p>\n<p style=\"text-align: justify;\">\u2013 Mejor evento deportivo: Leyendas del tenis.<\/p>\n<p style=\"text-align: justify;\">\u2013 Apoyo de la empresa privada al deporte: Rodacal.<\/p>\n<p style=\"text-align: justify;\">-Labor de toda una vida: Matilde Gonz\u00e1lez (voleibol); Gines Mel\u00e9ndez (f\u00fatbol) y Llanos Cebri\u00e1n (r\u00edtmica).<\/p>\n<p style=\"text-align: justify;\">-Premio Especial de la Prensa deportiva (APDA). Tano Mora, periodista de CMM.<\/p>\n<p style=\"text-align: justify;\">\u2013 Menciones especiales: Fundaci\u00f3n Albacete Genuines; Almudena Fajardo (dardos); H\u00e9ctor Carretero (ciclismo); Enrique Rubio (patinaje); Club Ciclista Onturense (Manuel Collado); Severino Felipe, Jos\u00e9 Mart\u00ednez Morote y Mar\u00eda Jos\u00e9 de Toro (atletismo); Jos\u00e9 Bernab\u00e9 Ortu\u00f1o (coordinaci\u00f3n de Deportes en Caudete); BSR AMIAB; Mar\u00eda Manjavacas (periodismo deportivo social); Club Wushu D\u00e1xu\u00e9 Albacete; Domingo S\u00e1nchez (taewondo); Alejandro Gonz\u00e1lez Cano (baloncesto); Escuela de Golf Las Pinaillas.<\/p>\n<p style=\"text-align: justify;\">\u2013 Mejor deportista regional: \u00c1lvaro Bautista<\/p>\n<p style=\"text-align: justify;\">\u2013 Evento solidario: Pilates solidario de Afanion.<\/p>\n<p><!--publicidad-voz03--><a href=\"https:\/\/www.facebook.com\/profile.php?id=100063593791305&amp;locale=es_ES\"><img decoding=\"async\" class=\"alignnone size-medium\" src=\"https:\/\/blogger.googleusercontent.com\/img\/b\/R29vZ2xl\/AVvXsEi8_n_ll8UOcGxCqzFvb_9Io4ICczlGC990BPtPj2w9Px-u7B3oqWUW5vtjZUqPNJ-nyjiUIorE0ATsib_l5tV8BVN-UJ03RTnU__IHJF_4DgDBtY4LIqXNG-FomrO-7ywes20CBCRM2Hcm7EJSh3UUw1dO-c_uTflUrtgY1i7uBRezj_DpympmEFkfbQY\/s1600\/logo-principal2.jpg\" width=\"100%\" height=\"100\" \/><\/a><!--bestpublic-voz03--><!--desk-in-out-voz03--><br \/>\n<!--publicidad-voz04--><a href=\"https:\/\/www.facebook.com\/profile.php?id=61557370768692&amp;locale=es_ES\"><img decoding=\"async\" class=\"alignnone size-medium\" src=\"https:\/\/blogger.googleusercontent.com\/img\/b\/R29vZ2xl\/AVvXsEgy5RdcfffrnrItnYTcV9bCJjgJwldsQLWssfVfrLbyfXeBNTFKgBf0rMIvhrUaGUhiXzVr9_eQgCbi-j63ZDpfTvLIty9w7s140y-m1yHe7eKmEK7v2NAHUJDVYGdfeiQFeRCqUjdwWmN1MX_AUxxz4IVdJ4WIM0APxit8bjWkXzrnEFGqBvW_1F13H1g\/s1600\/logo-principal5.jpg\" width=\"100%\" height=\"100\" \/><\/a><!--bestpublic-voz04--><!--desk-in-out-voz04--><br \/>\n<!--publicidad-voz05--><a href=\"https:\/\/www.facebook.com\/asociaciontamborileroshellin?locale=es_ES\"><img decoding=\"async\" class=\"alignnone size-medium\" src=\"https:\/\/blogger.googleusercontent.com\/img\/b\/R29vZ2xl\/AVvXsEhHEEpZsKK1VpwiYMrS7aE2ujtqIDZoLd4B5wtbiseSU9s2HdTdQfhF84So2XwEB1fv0BLw95GADm6hUl1bkKtzh-eIgVigXONuu_5RxeIMPhjk8q6uNX4EaEHbooKkbu7pCADWPpVJjhKIH5NQSJpWqedC-YBez4QAQeJYokkLot9bhrIaUAeztsGis6M\/s1600\/logo-principal3.jpg\" width=\"100%\" height=\"100\" \/><\/a><!--bestpublic-voz05--><!--desk-in-out-voz05--><br \/>\n<!--publicidad-voz06--><!--bestpublic-voz06--><!--desk-in-out-voz06--><br \/>\n<!--publicidad-voz07--><!--bestpublic-voz07--><!--desk-in-out-voz07--><br \/>\n<!--publicidad-voz08--><!--bestpublic-voz08--><!--desk-in-out-voz08--><br \/>\n<!--publicidad-voz09--><!--bestpublic-voz09--><!--desk-in-out-voz09--><br \/>\n<!--publicidad-voz10--><!--bestpublic-voz10--><!--desk-in-out-voz10--><br \/>\n<!--publicidad-voz11--><!--bestpublic-voz11--><!--desk-in-out-voz11--><br \/>\n<!--publicidad-voz12--><!--bestpublic-voz12--><!--desk-in-out-voz12--><br \/>\n<!--publicidad-voz13--><!--bestpublic-voz13--><!--desk-in-out-voz13--><br \/>\n<!--publicidad-voz14--><!--bestpublic-voz14--><!--desk-in-out-voz14--><br \/>\n<!--publicidad-voz15--><!--bestpublic-voz15--><!--desk-in-out-voz15--><br \/>\n<!--publicidad-voz16--><!--bestpublic-voz16--><!--desk-in-out-voz16--><\/p>\n","protected":false},"excerpt":{"rendered":"<p>La Diputaci\u00f3n de Albacete ha celebrado esta tarde-noche de mi\u00e9rcoles sus Premios Provinciales al Deporte 2023.<\/p>\n","protected":false},"author":2,"featured_media":149576,"comment_status":"closed","ping_status":"closed","sticky":false,"template":"","format":"standard","meta":{"footnotes":""},"categories":[753,718,715,716,717],"tags":[],"class_list":["post-149575","post","type-post","status-publish","format-standard","has-post-thumbnail","hentry","category-blog-lv034","category-blogger","category-la-voz-de-hellin","category-la-voz-de-hellin-la-voz-de-hellin","category-noticias"],"_links":{"self":[{"href":"https:\/\/lavozdehellin.com\/noticias\/wp-json\/wp\/v2\/posts\/149575","targetHints":{"allow":["GET"]}}],"collection":[{"href":"https:\/\/lavozdehellin.com\/noticias\/wp-json\/wp\/v2\/posts"}],"about":[{"href":"https:\/\/lavozdehellin.com\/noticias\/wp-json\/wp\/v2\/types\/post"}],"author":[{"embeddable":true,"href":"https:\/\/lavozdehellin.com\/noticias\/wp-json\/wp\/v2\/users\/2"}],"replies":[{"embeddable":true,"href":"https:\/\/lavozdehellin.com\/noticias\/wp-json\/wp\/v2\/comments?post=149575"}],"version-history":[{"count":0,"href":"https:\/\/lavozdehellin.com\/noticias\/wp-json\/wp\/v2\/posts\/149575\/revisions"}],"wp:featuredmedia":[{"embeddable":true,"href":"https:\/\/lavozdehellin.com\/noticias\/wp-json\/wp\/v2\/media\/149576"}],"wp:attachment":[{"href":"https:\/\/lavozdehellin.com\/noticias\/wp-json\/wp\/v2\/media?parent=149575"}],"wp:term":[{"taxonomy":"category","embeddable":true,"href":"https:\/\/lavozdehellin.com\/noticias\/wp-json\/wp\/v2\/categories?post=149575"},{"taxonomy":"post_tag","embeddable":true,"href":"https:\/\/lavozdehellin.com\/noticias\/wp-json\/wp\/v2\/tags?post=149575"}],"curies":[{"name":"wp","href":"https:\/\/api.w.org\/{rel}","templated":true}]}}