{"id":149578,"date":"2024-04-04T11:59:06","date_gmt":"2024-04-04T10:59:06","guid":{"rendered":"https:\/\/lavozdehellin.com\/noticias\/?p=149578"},"modified":"2024-04-08T10:02:25","modified_gmt":"2024-04-08T09:02:25","slug":"v08-466-el-pleno-de-la-diputacion-de-albacete-refrenda-avances-en-la-proteccion-del-patrimonio-historico-y-documental-de-la-provincia","status":"publish","type":"post","link":"https:\/\/lavozdehellin.com\/noticias\/v08-466-el-pleno-de-la-diputacion-de-albacete-refrenda-avances-en-la-proteccion-del-patrimonio-historico-y-documental-de-la-provincia\/","title":{"rendered":"LVH NOTICIAS | EL PLENO DE LA DIPUTACI\u00d3N DE ALBACETE REFRENDA AVANCES EN LA PROTECCI\u00d3N DEL PATRIMONIO HIST\u00d3RICO Y DOCUMENTAL DE LA PROVINCIA"},"content":{"rendered":"<p style=\"text-align: justify;\">Con diez puntos en su Orden del D\u00eda, la Diputaci\u00f3n de Albacete ha celebrado este jueves su Sesi\u00f3n Plenaria del presente mes.<\/p>\n<p><!--more--><br \/>\n<!--publicidad-voz01--><a href=\"https:\/\/www.facebook.com\/SoloRadioHellin\/?locale=es_ES\"><img decoding=\"async\" class=\"alignnone size-medium\" src=\"https:\/\/blogger.googleusercontent.com\/img\/b\/R29vZ2xl\/AVvXsEiNncirNnyGedv00mhjZjh5Wl4_YPdJGanoAl8tL8zH-HwqE8uHqjEfSt340RHdx-9tuCSIkZ8rFamZiGyYlgDGxCsmXjCH_1xk5eYM3ntFZRvJP_jndOKR7w1UAo9Tu0vrZyOLfqRpHIxYI5SymJJ-pfGCQw6QVpggBH-UgfjiFQ2JOxqxG0Jx94kW83c\/s1600\/logo-principal.jpg\" width=\"100%\" height=\"100\" \/><\/a><!--bestpublic-voz01--><!--desk-in-out-voz01--><br \/>\n<!--publicidad-voz02--><a href=\"https:\/\/www.hellincf.com\/\"><img decoding=\"async\" class=\"alignnone size-medium\" src=\"https:\/\/blogger.googleusercontent.com\/img\/b\/R29vZ2xl\/AVvXsEhuZ4-XfBVj3UtdP8-RZugy3WVrg-Zv28c53m4oV47qYCxL1rX_dqWX_YddsGSnpH5SRDqZ7bZeKPIfDVCDncpjVlhy3aQs2vojcJBn7Gdv9hC2_Nzct_pRFrnFE1a7KTCdY1bT_kAgnY3-iadRZrGeJf1fR2P5fu11bokx0pWjaypoy-ctwCjklldpEbA\/s1600\/logo-principal7.jpg\" width=\"100%\" height=\"100\" \/><\/a><!--bestpublic-voz02--><!--desk-in-out-voz02--><\/p>\n<p style=\"text-align: justify;\">Entre los temas abordados, en el punto cuarto la Corporaci\u00f3n Provincial ha dado \u2018luz verde\u2019 a la propuesta de modificaci\u00f3n de cr\u00e9ditos al Presupuesto General de 2024 para habilitar los 18.000 euros que la instituci\u00f3n va a destinar a la cofinanciaci\u00f3n de la restauraci\u00f3n del \u00f3rgano hist\u00f3rico de Lezuza.<\/p>\n<p style=\"text-align: justify;\">Se har\u00e1 efectivo, v\u00eda convenio con el ayuntamiento de la localidad, sum\u00e1ndose as\u00ed el Gobierno Provincial de Santi Caba\u00f1ero al esfuerzo que tambi\u00e9n har\u00e1n el propio consistorio, el Obispado de la Di\u00f3cesis de Albacete y la JCCM. Una cooperaci\u00f3n que permitir\u00e1 afrontar el tramo final de la recuperaci\u00f3n de este emblema cultural del municipio y que cobra un valor especial en el marco del V centenario del comienzo de las obras de su iglesia de Nuestra Se\u00f1ora de la Asunci\u00f3n.<\/p>\n<p style=\"text-align: justify;\">La aportaci\u00f3n econ\u00f3mica habilitada este jueves en el Pleno provincial se sumar\u00e1 a la implicaci\u00f3n econ\u00f3mica que el equipo de Caba\u00f1ero viene dedicando a la rehabilitaci\u00f3n del m\u00edtico \u00f3rgano. En 2022, dentro de las Ayudas a Ayuntamientos impulsadas ese mismo a\u00f1o por el Gobierno Provincial para la Rehabilitaci\u00f3n de Patrimonio Hist\u00f3rico (dotadas, desde entonces, con 350.000 euros anuales), se apoyaron acciones en 60 localidades: entre ellas, Lezuza.<\/p>\n<p style=\"text-align: justify;\">Gracias a una aportaci\u00f3n de 10.000 euros, la Diputaci\u00f3n contribuy\u00f3 entonces a la reconstrucci\u00f3n de la parte instrumental del \u00f3rgano mayor, siguiendo las caracter\u00edsticas t\u00e9cnicas y musicales de los \u00f3rganos de la segunda mitad del siglo XVIII. Algo que se reedit\u00f3 en 2023 (en ese caso, con 7.500 euros) dentro de la misma l\u00ednea de subvenciones a Entidades Locales para contribuir a la recuperaci\u00f3n de patrimonio hist\u00f3rico.<\/p>\n<p style=\"text-align: justify;\">El \u00f3rgano hist\u00f3rico de Lezuza es una pieza cuya creaci\u00f3n se estima en 1773 y que sufri\u00f3 da\u00f1os durante la Guerra Civil. Entre otros efectos positivos, su rehabilitaci\u00f3n favorecer\u00e1 la celebraci\u00f3n de conciertos con repercusi\u00f3n en toda la zona de Campo de Montiel, la provincia y la regi\u00f3n, con el consiguiente impulso de la actividad econ\u00f3mica local, a trav\u00e9s de una m\u00e1s amplia oferta tur\u00edstica que vendr\u00e1 a completar la que se realiza en torno al emblem\u00e1tico Parque Arqueol\u00f3gico de Libisosa.<\/p>\n<p style=\"text-align: justify;\">La Diputaci\u00f3n de Albacete se incorpora al Consejo Internacional de Archivos<\/p>\n<p style=\"text-align: justify;\">Adem\u00e1s de este paso hacia la protecci\u00f3n del patrimonio hist\u00f3rico y cultural de la provincia, el Pleno de la Diputaci\u00f3n ha avalado avances hacia la salvaguarda del patrimonio documental con la aprobaci\u00f3n, en el punto sexto del Orden del D\u00eda, de la afiliaci\u00f3n de la instituci\u00f3n al Consejo Internacional de Archivos, en su Rama de Archivos Municipales, y en la Secci\u00f3n Europa.<\/p>\n<p style=\"text-align: justify;\">Con esta adhesi\u00f3n, el Equipo de Gobierno de Caba\u00f1ero refrenda su compromiso de contribuir a la modernizaci\u00f3n y puesta en valor de los Archivos Municipales, resultando beneficiosa para ellos esta participaci\u00f3n directa en organizaciones profesionales que garantizan la mayor actualizaci\u00f3n t\u00e9cnica posible, al mismo tiempo que se consolida el papel de la Diputaci\u00f3n como intermediaria de las Entidades Locales en foros de alta visibilidad, con el objetivo de trasladar a los archivos de la provincia los mejores est\u00e1ndares y pr\u00e1cticas en un entorno f\u00edsico y digital.<\/p>\n<p style=\"text-align: justify;\">Y es que esta incorporaci\u00f3n al Consejo Internacional facilita que el personal de los archivos municipales de la provincia tengan a su disposici\u00f3n talleres, cursos y documentaci\u00f3n al contar con la Diputaci\u00f3n como intermediaria. Adem\u00e1s, dispone de secciones espec\u00edficas de patrimonio inmaterial o archivos orales que ayudar\u00e1n en la posibilidad de conformar un archivo comunitario de la provincia. Adem\u00e1s, aporta la garant\u00eda de ser un \u00d3rgano que viene trabajando desde 1948 en todo el mundo.<\/p>\n<p><!--publicidad-voz03--><a href=\"https:\/\/www.facebook.com\/profile.php?id=100063593791305&amp;locale=es_ES\"><img decoding=\"async\" class=\"alignnone size-medium\" src=\"https:\/\/blogger.googleusercontent.com\/img\/b\/R29vZ2xl\/AVvXsEi8_n_ll8UOcGxCqzFvb_9Io4ICczlGC990BPtPj2w9Px-u7B3oqWUW5vtjZUqPNJ-nyjiUIorE0ATsib_l5tV8BVN-UJ03RTnU__IHJF_4DgDBtY4LIqXNG-FomrO-7ywes20CBCRM2Hcm7EJSh3UUw1dO-c_uTflUrtgY1i7uBRezj_DpympmEFkfbQY\/s1600\/logo-principal2.jpg\" width=\"100%\" height=\"100\" \/><\/a><!--bestpublic-voz03--><!--desk-in-out-voz03--><br \/>\n<!--publicidad-voz04--><a href=\"https:\/\/www.facebook.com\/profile.php?id=61557370768692&amp;locale=es_ES\"><img decoding=\"async\" class=\"alignnone size-medium\" src=\"https:\/\/blogger.googleusercontent.com\/img\/b\/R29vZ2xl\/AVvXsEgy5RdcfffrnrItnYTcV9bCJjgJwldsQLWssfVfrLbyfXeBNTFKgBf0rMIvhrUaGUhiXzVr9_eQgCbi-j63ZDpfTvLIty9w7s140y-m1yHe7eKmEK7v2NAHUJDVYGdfeiQFeRCqUjdwWmN1MX_AUxxz4IVdJ4WIM0APxit8bjWkXzrnEFGqBvW_1F13H1g\/s1600\/logo-principal5.jpg\" width=\"100%\" height=\"100\" \/><\/a><!--bestpublic-voz04--><!--desk-in-out-voz04--><br \/>\n<!--publicidad-voz05--><a href=\"https:\/\/www.facebook.com\/asociaciontamborileroshellin?locale=es_ES\"><img decoding=\"async\" class=\"alignnone size-medium\" src=\"https:\/\/blogger.googleusercontent.com\/img\/b\/R29vZ2xl\/AVvXsEhHEEpZsKK1VpwiYMrS7aE2ujtqIDZoLd4B5wtbiseSU9s2HdTdQfhF84So2XwEB1fv0BLw95GADm6hUl1bkKtzh-eIgVigXONuu_5RxeIMPhjk8q6uNX4EaEHbooKkbu7pCADWPpVJjhKIH5NQSJpWqedC-YBez4QAQeJYokkLot9bhrIaUAeztsGis6M\/s1600\/logo-principal3.jpg\" width=\"100%\" height=\"100\" \/><\/a><!--bestpublic-voz05--><!--desk-in-out-voz05--><br \/>\n<!--publicidad-voz06--><!--bestpublic-voz06--><!--desk-in-out-voz06--><br \/>\n<!--publicidad-voz07--><!--bestpublic-voz07--><!--desk-in-out-voz07--><br \/>\n<!--publicidad-voz08--><!--bestpublic-voz08--><!--desk-in-out-voz08--><br \/>\n<!--publicidad-voz09--><!--bestpublic-voz09--><!--desk-in-out-voz09--><br \/>\n<!--publicidad-voz10--><!--bestpublic-voz10--><!--desk-in-out-voz10--><br \/>\n<!--publicidad-voz11--><!--bestpublic-voz11--><!--desk-in-out-voz11--><br \/>\n<!--publicidad-voz12--><!--bestpublic-voz12--><!--desk-in-out-voz12--><br \/>\n<!--publicidad-voz13--><!--bestpublic-voz13--><!--desk-in-out-voz13--><br \/>\n<!--publicidad-voz14--><!--bestpublic-voz14--><!--desk-in-out-voz14--><br \/>\n<!--publicidad-voz15--><!--bestpublic-voz15--><!--desk-in-out-voz15--><br \/>\n<!--publicidad-voz16--><!--bestpublic-voz16--><!--desk-in-out-voz16--><\/p>\n","protected":false},"excerpt":{"rendered":"<p>Con diez puntos en su Orden del D\u00eda, la Diputaci\u00f3n de Albacete ha celebrado este jueves su Sesi\u00f3n Plenaria del presente mes.<\/p>\n","protected":false},"author":2,"featured_media":149579,"comment_status":"closed","ping_status":"closed","sticky":false,"template":"","format":"standard","meta":{"footnotes":""},"categories":[753,718,715,716,717],"tags":[],"class_list":["post-149578","post","type-post","status-publish","format-standard","has-post-thumbnail","hentry","category-blog-lv034","category-blogger","category-la-voz-de-hellin","category-la-voz-de-hellin-la-voz-de-hellin","category-noticias"],"_links":{"self":[{"href":"https:\/\/lavozdehellin.com\/noticias\/wp-json\/wp\/v2\/posts\/149578","targetHints":{"allow":["GET"]}}],"collection":[{"href":"https:\/\/lavozdehellin.com\/noticias\/wp-json\/wp\/v2\/posts"}],"about":[{"href":"https:\/\/lavozdehellin.com\/noticias\/wp-json\/wp\/v2\/types\/post"}],"author":[{"embeddable":true,"href":"https:\/\/lavozdehellin.com\/noticias\/wp-json\/wp\/v2\/users\/2"}],"replies":[{"embeddable":true,"href":"https:\/\/lavozdehellin.com\/noticias\/wp-json\/wp\/v2\/comments?post=149578"}],"version-history":[{"count":0,"href":"https:\/\/lavozdehellin.com\/noticias\/wp-json\/wp\/v2\/posts\/149578\/revisions"}],"wp:featuredmedia":[{"embeddable":true,"href":"https:\/\/lavozdehellin.com\/noticias\/wp-json\/wp\/v2\/media\/149579"}],"wp:attachment":[{"href":"https:\/\/lavozdehellin.com\/noticias\/wp-json\/wp\/v2\/media?parent=149578"}],"wp:term":[{"taxonomy":"category","embeddable":true,"href":"https:\/\/lavozdehellin.com\/noticias\/wp-json\/wp\/v2\/categories?post=149578"},{"taxonomy":"post_tag","embeddable":true,"href":"https:\/\/lavozdehellin.com\/noticias\/wp-json\/wp\/v2\/tags?post=149578"}],"curies":[{"name":"wp","href":"https:\/\/api.w.org\/{rel}","templated":true}]}}