{"id":149584,"date":"2024-04-04T20:30:06","date_gmt":"2024-04-04T19:30:06","guid":{"rendered":"https:\/\/lavozdehellin.com\/noticias\/?p=149584"},"modified":"2024-04-08T10:02:25","modified_gmt":"2024-04-08T09:02:25","slug":"v08-468-album-familiar-de-pablo-lorente-inaugura-el-programa-miradas-primavera-fotografica-2024-de-la-diputacion-de-albacete","status":"publish","type":"post","link":"https:\/\/lavozdehellin.com\/noticias\/v08-468-album-familiar-de-pablo-lorente-inaugura-el-programa-miradas-primavera-fotografica-2024-de-la-diputacion-de-albacete\/","title":{"rendered":"LVH NOTICIAS | \u2018\u00c1LBUM FAMILIAR\u2019 DE PABLO LORENTE INAUGURA EL PROGRAMA \u2018MIRADAS, PRIMAVERA FOTOGR\u00c1FICA 2024\u2019 DE LA DIPUTACI\u00d3N DE ALBACETE"},"content":{"rendered":"<p style=\"text-align: justify;\">La exposici\u00f3n \u2018\u00c1lbum Familiar\u2019 del reconocido fot\u00f3grafo Pablo Lorente marca el inicio oficial del programa \u2018Miradas, Primavera Fotogr\u00e1fica\u2019 que impulsa anualmente la Diputaci\u00f3n de Albacete, y que este 2024 alcanza su 21\u00aa edici\u00f3n, \u201cla m\u00e1s ambiciosa\u201d.<\/p>\n<p><!--more--><br \/>\n<!--publicidad-voz01--><a href=\"https:\/\/www.facebook.com\/SoloRadioHellin\/?locale=es_ES\"><img decoding=\"async\" class=\"alignnone size-medium\" src=\"https:\/\/blogger.googleusercontent.com\/img\/b\/R29vZ2xl\/AVvXsEiNncirNnyGedv00mhjZjh5Wl4_YPdJGanoAl8tL8zH-HwqE8uHqjEfSt340RHdx-9tuCSIkZ8rFamZiGyYlgDGxCsmXjCH_1xk5eYM3ntFZRvJP_jndOKR7w1UAo9Tu0vrZyOLfqRpHIxYI5SymJJ-pfGCQw6QVpggBH-UgfjiFQ2JOxqxG0Jx94kW83c\/s1600\/logo-principal.jpg\" width=\"100%\" height=\"100\" \/><\/a><!--bestpublic-voz01--><!--desk-in-out-voz01--><br \/>\n<!--publicidad-voz02--><a href=\"https:\/\/www.hellincf.com\/\"><img decoding=\"async\" class=\"alignnone size-medium\" src=\"https:\/\/blogger.googleusercontent.com\/img\/b\/R29vZ2xl\/AVvXsEhuZ4-XfBVj3UtdP8-RZugy3WVrg-Zv28c53m4oV47qYCxL1rX_dqWX_YddsGSnpH5SRDqZ7bZeKPIfDVCDncpjVlhy3aQs2vojcJBn7Gdv9hC2_Nzct_pRFrnFE1a7KTCdY1bT_kAgnY3-iadRZrGeJf1fR2P5fu11bokx0pWjaypoy-ctwCjklldpEbA\/s1600\/logo-principal7.jpg\" width=\"100%\" height=\"100\" \/><\/a><!--bestpublic-voz02--><!--desk-in-out-voz02--><\/p>\n<p style=\"text-align: justify;\">El diputado provincial de Cultura, Miguel Zamora, ha sido el encargado de inaugurar esta muestra junto al autor, recordando que se podr\u00e1 visitar hasta el pr\u00f3ximo 27 de abril en el Claustro del Centro Cultural La Asunci\u00f3n, y advirtiendo el orgullo que supone \u2018arrancar\u2019 este festival con una obra de un artista contempor\u00e1neo de su proyecci\u00f3n.<\/p>\n<p style=\"text-align: justify;\">Lorente ha encontrado, primero en el fotoperiodismo, y despu\u00e9s en el retrato fotogr\u00e1fico y la fotograf\u00eda documental sus propios medios de expresi\u00f3n y comunicaci\u00f3n, plasmando en una imagen fija el instante que explica el momento preciso, pero siempre con un enfoque distinto, de esa parte de la realidad que otros ojos no ven o no saben apreciar, dej\u00e1ndose en cada fotograf\u00eda parte de su alma y su coraz\u00f3n.<\/p>\n<p style=\"text-align: justify;\">Algo que se pone de relieve en esta muestra marcada por la diversidad de proyectos que, sin embargo, comparten \u201cla calidad que caracteriza a este fot\u00f3grafo\u201d, y \u2018\u00e1lbum familiar\u2019 es un concepto que act\u00faa como hilo conductor a trav\u00e9s del cual se unen los proyectos creativos de Pablo Lorente, marcados por los 20 a\u00f1os que vivi\u00f3 en Albacete y los 20 que lo hizo en Ciudad Real. De hecho, el autor ofrece una visi\u00f3n \u00fanica y conmovedora de ese camino como narrativa documental, a trav\u00e9s de m\u00e1s de doscientas cincuenta im\u00e1genes seleccionadas meticulosamente.<\/p>\n<p style=\"text-align: justify;\">M\u00e1s de 250 im\u00e1genes en tres segmentos: \u2018La Nacional\u2019, \u2018Retratos\u2019 y \u2018Yallah\u2019<\/p>\n<p style=\"text-align: justify;\">As\u00ed, esta exposici\u00f3n est\u00e1 dividida en tres segmentos principales, recorriendo los conceptos del territorio, la identidad y la memoria. El centro de la muestra es \u2018La Nacional\u2019, un fotolibro expositivo de 64 p\u00e1ginas que retrata la uni\u00f3n entre Ciudad Real y Albacete, explorando la esencia de la carretera como lugar y tambi\u00e9n de aquellos que la habitan. Con m\u00e1s de 90 instant\u00e1neas, este trabajo revela el coraz\u00f3n de La Mancha y la evocaci\u00f3n de la memoria a lo largo de ese camino que trazan las l\u00edneas del asfalto.<\/p>\n<p style=\"text-align: justify;\">A esto se une \u2018Retratos\u2019, una selecci\u00f3n que presenta m\u00e1s de 100 fotograf\u00edas de personalidades destacadas en el mundo del arte, la prensa y la cocina (Paco Le\u00f3n; Ana Rosa Quintana, Javier C\u00e1mara, Rub\u00e9n Ochandiano, Palomo Spain, Lluis Homar, Joan Roca, Mar\u00eda Botto\u2026). Todas capturadas bajo el distintivo estilo personal del artista. M\u00e1s que simples im\u00e1genes, estas fotograf\u00edas buscan revelar la verdadera esencia de cada individuo, transmitiendo al espectador una gama completa de emociones y sensaciones.<\/p>\n<p style=\"text-align: justify;\">Y finalmente, \u2018Yallah\u2019, que es una publicaci\u00f3n en formato de revista, que aborda el tema de la migraci\u00f3n, ofreciendo una mirada a la vida de aquellos que cruzan fronteras y superan obst\u00e1culos en busca de sus sue\u00f1os. Con 24 p\u00e1ginas en blanco y negro, esta obra es un testimonio visual de la lucha y la esperanza de los \u2018nadies\u2019.<\/p>\n<p style=\"text-align: justify;\">De manera que \u00e9sta es una exposici\u00f3n \u201cmuy especial\u201d, tal y como ha subrayado Zamora, apuntando que el p\u00fablico encontrar\u00e1 diferentes formatos (que tambi\u00e9n incluyen proyecciones audiovisuales y las propias planchas de impresi\u00f3n del material) a trav\u00e9s de los que acercarse a la colecci\u00f3n, lo que \u201cpromete ser una experiencia visual y emocional impactante, invitando al p\u00fablico a sumergirse en las historias y los paisajes capturados por la lente de Pablo Lorente\u201d. Adem\u00e1s, esta colecci\u00f3n tambi\u00e9n se podr\u00e1 disfrutar a lo largo y ancho de la provincia de Albacete en el marco del programa EnRedArte que impulsa la propia Diputaci\u00f3n.<\/p>\n<p style=\"text-align: justify;\">Zamora ha explicado que la muestra se complementa con un conjunto de actividades paralelas que han arrancado este mismo jueves con una visitada guiada de la mano del autor, y continuar\u00e1 con dos talleres de fotograf\u00eda bajo el t\u00edtulo \u2018Atm\u00f3sferas en el retrato en blanco y negro\u2019. \u00c9stos tendr\u00e1n lugar los d\u00edas 12 y 13 y 19 y 20 de abril en torno a la fotograf\u00eda desde el punto de vista del retrato narrativo, editorial y contador de historias. Es totalmente gratuito (hasta un m\u00e1ximo de 30 participantes por sesi\u00f3n) y es imprescindible la inscripci\u00f3n previa a trav\u00e9s del Servicio Provincial de Cultura.<\/p>\n<p style=\"text-align: justify;\">La edici\u00f3n \u201cm\u00e1s ambiciosa\u201d de \u2018Miradas\u2019 con 42 exposiciones, 18 actividades complementarias y 26 espacios implicados<\/p>\n<p style=\"text-align: justify;\">Junto a esto, el diputado de Cultura ha destacado la importancia del programa \u2018Miradas, Primavera Fotogr\u00e1fica\u2019, que tras m\u00e1s de dos d\u00e9cadas de vida es \u201cun referente en materia fotograf\u00eda\u201d y esta 21\u00aa edici\u00f3n, que se extender\u00e1 hasta finales de junio, se ha convertido en la m\u00e1s amplia hasta la fecha: con 42 exposiciones y 18 actividades relacionadas con la fotograf\u00eda en las que est\u00e1n implicadas instituciones p\u00fablicas y los principales agentes culturales de Albacete y de la provincia.<\/p>\n<p style=\"text-align: justify;\">El Festival incluye muestras individuales y colectivas de destacados fot\u00f3grafos y fot\u00f3grafas del panorama nacional, como es el caso del propio Pablo Lorente, o de la artista internacional, Isabel Mu\u00f1oz (Premio Nacional de Fotograf\u00eda), que expondr\u00e1 en el Claustro del Centro Cultural La Asunci\u00f3n el pr\u00f3ximo mes de mayo con la exposici\u00f3n \u2018Agua\u2019.<\/p>\n<p style=\"text-align: justify;\">Adem\u00e1s, en esta ocasi\u00f3n contar\u00e1 con 26 espacios expositivos, gracias a la incorporaci\u00f3n de nuevas ubicaciones: Biblioteca Antigua Comisar\u00eda de Albacete, la Facultad de Relaciones Laborales (UCLM), el Centro Cultural San Sebasti\u00e1n de La Roda; el Almac\u00e9n de Yeste o el IES Jos\u00e9 Conde de Almansa.<\/p>\n<p style=\"text-align: justify;\">De hecho, Zamora ha agradecido su implicaci\u00f3n y colaboraci\u00f3n a las cerca de 40 entidades participantes (ayuntamientos, JCCM, UCLM, Cultural Albacete, Teatro Circo, museos, centros culturales, Jard\u00edn Bot\u00e1nico de C-LM, asociaciones, librer\u00edas, institutos\u2026), apuntando que una de las se\u00f1as de identidad de este programa es esta implicaci\u00f3n tan amplia y su ramificaci\u00f3n, favoreciendo que las distintas exposiciones fotograf\u00edas y actividades llegan a cada localidad.<\/p>\n<p style=\"text-align: justify;\">As\u00ed, el objetivo de este programa es dar a conocer las nuevas tendencias de la fotograf\u00eda actual producidas en nuestro pa\u00eds, acercando a la ciudadan\u00eda el arte de la fotograf\u00eda y, al mismo tiempo fomentar la promoci\u00f3n y proyecci\u00f3n de nuevos creadores y creadoras y sus inquietudes est\u00e9ticas, as\u00ed como los proyectos de distintos colectivos y asociaciones. Todo ello en l\u00ednea con el trabajo que desde la Diputaci\u00f3n de Albacete se realiza en esta direcci\u00f3n \u201cdesde una apuesta clara por dinamizar y promocionar la cultura, por impulsar el talento local, y por hacerla accesible al conjunto de la ciudadan\u00eda, democratiz\u00e1ndola\u201d.<\/p>\n<p style=\"text-align: justify;\">Adem\u00e1s, este programa, junto a las exposiciones, tambi\u00e9n incluye actividades complementarias en diferentes puntos de la provincia: visitas guiadas a las exposiciones, masterclass, proyecciones, encuentros con fot\u00f3grafos y fot\u00f3grafas, coloquios, concursos fotogr\u00e1ficos\u2026<\/p>\n<p style=\"text-align: justify;\">Y en la actualidad se pueden visitar las siguientes exposiciones en el marco de \u2018Miradas\u2019: \u2018Paisajes de Albacete\u2019 de Toni Real en la Plaza de la Constituci\u00f3n en Munera; \u2018Nuestros pueblos\u2019 de Colectivo Foto en el Hall de Estaci\u00f3n AVE Los Llanos de Albacete; y \u2018Objetivo naturaleza, Antonio Manzanares y el homenaje de 12 amigos\u2019 en el Jard\u00edn Bot\u00e1nico de C-LM en Albacete.<\/p>\n<p><!--publicidad-voz03--><a href=\"https:\/\/www.facebook.com\/profile.php?id=100063593791305&amp;locale=es_ES\"><img decoding=\"async\" class=\"alignnone size-medium\" src=\"https:\/\/blogger.googleusercontent.com\/img\/b\/R29vZ2xl\/AVvXsEi8_n_ll8UOcGxCqzFvb_9Io4ICczlGC990BPtPj2w9Px-u7B3oqWUW5vtjZUqPNJ-nyjiUIorE0ATsib_l5tV8BVN-UJ03RTnU__IHJF_4DgDBtY4LIqXNG-FomrO-7ywes20CBCRM2Hcm7EJSh3UUw1dO-c_uTflUrtgY1i7uBRezj_DpympmEFkfbQY\/s1600\/logo-principal2.jpg\" width=\"100%\" height=\"100\" \/><\/a><!--bestpublic-voz03--><!--desk-in-out-voz03--><br \/>\n<!--publicidad-voz04--><a href=\"https:\/\/www.facebook.com\/profile.php?id=61557370768692&amp;locale=es_ES\"><img decoding=\"async\" class=\"alignnone size-medium\" src=\"https:\/\/blogger.googleusercontent.com\/img\/b\/R29vZ2xl\/AVvXsEgy5RdcfffrnrItnYTcV9bCJjgJwldsQLWssfVfrLbyfXeBNTFKgBf0rMIvhrUaGUhiXzVr9_eQgCbi-j63ZDpfTvLIty9w7s140y-m1yHe7eKmEK7v2NAHUJDVYGdfeiQFeRCqUjdwWmN1MX_AUxxz4IVdJ4WIM0APxit8bjWkXzrnEFGqBvW_1F13H1g\/s1600\/logo-principal5.jpg\" width=\"100%\" height=\"100\" \/><\/a><!--bestpublic-voz04--><!--desk-in-out-voz04--><br \/>\n<!--publicidad-voz05--><a href=\"https:\/\/www.facebook.com\/asociaciontamborileroshellin?locale=es_ES\"><img decoding=\"async\" class=\"alignnone size-medium\" src=\"https:\/\/blogger.googleusercontent.com\/img\/b\/R29vZ2xl\/AVvXsEhHEEpZsKK1VpwiYMrS7aE2ujtqIDZoLd4B5wtbiseSU9s2HdTdQfhF84So2XwEB1fv0BLw95GADm6hUl1bkKtzh-eIgVigXONuu_5RxeIMPhjk8q6uNX4EaEHbooKkbu7pCADWPpVJjhKIH5NQSJpWqedC-YBez4QAQeJYokkLot9bhrIaUAeztsGis6M\/s1600\/logo-principal3.jpg\" width=\"100%\" height=\"100\" \/><\/a><!--bestpublic-voz05--><!--desk-in-out-voz05--><br \/>\n<!--publicidad-voz06--><!--bestpublic-voz06--><!--desk-in-out-voz06--><br \/>\n<!--publicidad-voz07--><!--bestpublic-voz07--><!--desk-in-out-voz07--><br \/>\n<!--publicidad-voz08--><!--bestpublic-voz08--><!--desk-in-out-voz08--><br \/>\n<!--publicidad-voz09--><!--bestpublic-voz09--><!--desk-in-out-voz09--><br \/>\n<!--publicidad-voz10--><!--bestpublic-voz10--><!--desk-in-out-voz10--><br \/>\n<!--publicidad-voz11--><!--bestpublic-voz11--><!--desk-in-out-voz11--><br \/>\n<!--publicidad-voz12--><!--bestpublic-voz12--><!--desk-in-out-voz12--><br \/>\n<!--publicidad-voz13--><!--bestpublic-voz13--><!--desk-in-out-voz13--><br \/>\n<!--publicidad-voz14--><!--bestpublic-voz14--><!--desk-in-out-voz14--><br \/>\n<!--publicidad-voz15--><!--bestpublic-voz15--><!--desk-in-out-voz15--><br \/>\n<!--publicidad-voz16--><!--bestpublic-voz16--><!--desk-in-out-voz16--><\/p>\n","protected":false},"excerpt":{"rendered":"<p>La exposici\u00f3n \u2018\u00c1lbum Familiar\u2019 del reconocido fot\u00f3grafo Pablo Lorente marca el inicio oficial del programa \u2018Miradas, Primavera Fotogr\u00e1fica\u2019 que impulsa anualmente la Diputaci\u00f3n de Albacete, y que este 2024 alcanza&#8230;<\/p>\n","protected":false},"author":2,"featured_media":149585,"comment_status":"closed","ping_status":"closed","sticky":false,"template":"","format":"standard","meta":{"footnotes":""},"categories":[753,718,715,716,717],"tags":[],"class_list":["post-149584","post","type-post","status-publish","format-standard","has-post-thumbnail","hentry","category-blog-lv034","category-blogger","category-la-voz-de-hellin","category-la-voz-de-hellin-la-voz-de-hellin","category-noticias"],"_links":{"self":[{"href":"https:\/\/lavozdehellin.com\/noticias\/wp-json\/wp\/v2\/posts\/149584","targetHints":{"allow":["GET"]}}],"collection":[{"href":"https:\/\/lavozdehellin.com\/noticias\/wp-json\/wp\/v2\/posts"}],"about":[{"href":"https:\/\/lavozdehellin.com\/noticias\/wp-json\/wp\/v2\/types\/post"}],"author":[{"embeddable":true,"href":"https:\/\/lavozdehellin.com\/noticias\/wp-json\/wp\/v2\/users\/2"}],"replies":[{"embeddable":true,"href":"https:\/\/lavozdehellin.com\/noticias\/wp-json\/wp\/v2\/comments?post=149584"}],"version-history":[{"count":0,"href":"https:\/\/lavozdehellin.com\/noticias\/wp-json\/wp\/v2\/posts\/149584\/revisions"}],"wp:featuredmedia":[{"embeddable":true,"href":"https:\/\/lavozdehellin.com\/noticias\/wp-json\/wp\/v2\/media\/149585"}],"wp:attachment":[{"href":"https:\/\/lavozdehellin.com\/noticias\/wp-json\/wp\/v2\/media?parent=149584"}],"wp:term":[{"taxonomy":"category","embeddable":true,"href":"https:\/\/lavozdehellin.com\/noticias\/wp-json\/wp\/v2\/categories?post=149584"},{"taxonomy":"post_tag","embeddable":true,"href":"https:\/\/lavozdehellin.com\/noticias\/wp-json\/wp\/v2\/tags?post=149584"}],"curies":[{"name":"wp","href":"https:\/\/api.w.org\/{rel}","templated":true}]}}