{"id":149587,"date":"2024-04-05T11:49:59","date_gmt":"2024-04-05T10:49:59","guid":{"rendered":"https:\/\/lavozdehellin.com\/noticias\/?p=149587"},"modified":"2024-04-08T10:02:25","modified_gmt":"2024-04-08T09:02:25","slug":"v08-469-cabanero-senala-que-el-nuevo-centro-de-atencion-integral-a-mujeres-victimas-de-violencia-sexual-es-un-nuevo-paso-en-la-lucha-unanime-contra-la-violencia-de-genero-en-todas-sus-formas","status":"publish","type":"post","link":"https:\/\/lavozdehellin.com\/noticias\/v08-469-cabanero-senala-que-el-nuevo-centro-de-atencion-integral-a-mujeres-victimas-de-violencia-sexual-es-un-nuevo-paso-en-la-lucha-unanime-contra-la-violencia-de-genero-en-todas-sus-formas\/","title":{"rendered":"LVH NOTICIAS | CABA\u00d1ERO SE\u00d1ALA QUE EL NUEVO CENTRO DE ATENCI\u00d3N INTEGRAL A MUJERES V\u00cdCTIMAS DE VIOLENCIA SEXUAL ES UN NUEVO PASO EN LA LUCHA UN\u00c1NIME CONTRA LA VIOLENCIA DE G\u00c9NERO EN TODAS SUS FORMAS"},"content":{"rendered":"<p style=\"text-align: justify;\">En un nuevo paso significativo dentro de la lucha contra la violencia de g\u00e9nero en todas sus formas, este viernes se ha inaugurado el Centro de Atenci\u00f3n Integral a Mujeres V\u00edctimas de Violencia Sexual de Albacete, ubicado en la calle Rosario, esquina con Dionisio Guardiola.<\/p>\n<p><!--more--><br \/>\n<!--publicidad-voz01--><a href=\"https:\/\/www.facebook.com\/SoloRadioHellin\/?locale=es_ES\"><img decoding=\"async\" class=\"alignnone size-medium\" src=\"https:\/\/blogger.googleusercontent.com\/img\/b\/R29vZ2xl\/AVvXsEiNncirNnyGedv00mhjZjh5Wl4_YPdJGanoAl8tL8zH-HwqE8uHqjEfSt340RHdx-9tuCSIkZ8rFamZiGyYlgDGxCsmXjCH_1xk5eYM3ntFZRvJP_jndOKR7w1UAo9Tu0vrZyOLfqRpHIxYI5SymJJ-pfGCQw6QVpggBH-UgfjiFQ2JOxqxG0Jx94kW83c\/s1600\/logo-principal.jpg\" width=\"100%\" height=\"100\" \/><\/a><!--bestpublic-voz01--><!--desk-in-out-voz01--><br \/>\n<!--publicidad-voz02--><a href=\"https:\/\/www.hellincf.com\/\"><img decoding=\"async\" class=\"alignnone size-medium\" src=\"https:\/\/blogger.googleusercontent.com\/img\/b\/R29vZ2xl\/AVvXsEhuZ4-XfBVj3UtdP8-RZugy3WVrg-Zv28c53m4oV47qYCxL1rX_dqWX_YddsGSnpH5SRDqZ7bZeKPIfDVCDncpjVlhy3aQs2vojcJBn7Gdv9hC2_Nzct_pRFrnFE1a7KTCdY1bT_kAgnY3-iadRZrGeJf1fR2P5fu11bokx0pWjaypoy-ctwCjklldpEbA\/s1600\/logo-principal7.jpg\" width=\"100%\" height=\"100\" \/><\/a><!--bestpublic-voz02--><!--desk-in-out-voz02--><\/p>\n<p style=\"text-align: justify;\">Una infraestructura posible gracias al impulso del Gobierno de Castilla-La Mancha a trav\u00e9s de m\u00e1s de 470.000 euros de fondos europeos procedentes del Mecanismo de Recuperaci\u00f3n y Resiliencia del Gobierno de Espa\u00f1a marcando un nuevo recurso crucial para el apoyo y la protecci\u00f3n de las mujeres v\u00edctimas de violencia sexual.<\/p>\n<p style=\"text-align: justify;\">El presidente de la Diputaci\u00f3n de Albacete, Santi Caba\u00f1ero, junto a la diputada y coordinadora del \u00c1rea de Igualdad de la instituci\u00f3n, Pilar Callado, ha participado en esta apertura encabezada por el jefe del Ejecutivo Auton\u00f3mico, Emiliano Garc\u00eda-Page.<\/p>\n<p style=\"text-align: justify;\">Tras la inauguraci\u00f3n y posterior recorrido por las instalaciones, Caba\u00f1ero ha subrayado la importancia de este centro como respuesta a un problema profundamente arraigado pero muy invisibilizado se\u00f1alando que, con s\u00f3lo un 8% de las agresiones sexuales fuera de la pareja siendo denunciadas, este recurso viene a ser, adem\u00e1s de un \u2018refugio\u2019, el s\u00edmbolo visible de una sociedad que se enfrenta abiertamente al dolor de las v\u00edctimas y las acompa\u00f1a.<\/p>\n<p style=\"text-align: justify;\">Reflejando una preocupante tendencia, las cifras muestran un incremento alarmante en los delitos sexuales cometidos por menores, m\u00e1s del doble desde 2016 a 2021. Realidad por la que, ha se\u00f1alado, el centro se posiciona tambi\u00e9n como una respuesta urgente a este crecimiento, promoviendo la educaci\u00f3n y la conciencia sobre un tema social tan cr\u00edtico.<\/p>\n<p style=\"text-align: justify;\">\u201cLa equidistancia en este tema, mata; y creo que desde lo p\u00fablico, tenemos que combatir a quienes tambi\u00e9n desde lo p\u00fablico dicen que Espa\u00f1a no tiene un problema espec\u00edfico de violencia de g\u00e9nero sino que todas las violencias son combatibles; pues claro hay que combatirlas todas, pero \u00e9sta de manera especial, porque \u00e9sta es muy especial. Y hay otro dato que personalmente me preocupa y que quiero denunciar y es c\u00f3mo est\u00e1 creciendo la violencia sexual en las generaciones m\u00e1s j\u00f3venes: se ha multiplicado por un 150%, y es un s\u00edntoma que no nos puede conformar porque quiere decir que, a futuro, vamos a peor si no ponemos remedio, y creo que tambi\u00e9n ah\u00ed desde la educaci\u00f3n tenemos que intervenir. S\u00ed, hay que educar en valores, porque educar en valores es hacerlo en convivencia, en el respeto a los derechos fundamentales, en que somos iguales\u2026 No es adoctrinar, es simplemente, educar\u201d, ha se\u00f1alado.<\/p>\n<p style=\"text-align: justify;\">Caracter\u00edsticas y servicios del Centro<\/p>\n<p style=\"text-align: justify;\">Con una inversi\u00f3n cercana al medio mill\u00f3n de euros, este edificio de la Junta de Comunidades de Castilla-La Mancha se ha transformado durante los \u00faltimos meses en un espacio de atenci\u00f3n integral 24 horas.<\/p>\n<p style=\"text-align: justify;\">Cuenta con servicios de psicolog\u00eda, jur\u00eddico y social en la planta baja, mientras que la segunda alberga dos estancias habitacionales temporales para las v\u00edctimas. Este recurso viene a sumarse a la Red de Centros de Atenci\u00f3n Integral a V\u00edctimas de Agresiones Sexuales del Gobierno de Castilla-La Mancha, siendo uno de los cinco que el Ejecutivo Auton\u00f3mico est\u00e1 impulsando en la regi\u00f3n dedicados a esta causa en concreto.<\/p>\n<p style=\"text-align: justify;\">Compromiso renovado con la protecci\u00f3n integral a las mujeres v\u00edctimas en el medio rural<\/p>\n<p style=\"text-align: justify;\">Aplaudiendo esa sensibilidad y compromisos contrastados, el presidente de la Diputaci\u00f3n de Albacete ha reiterado el compromiso del Gobierno Provincial con la protecci\u00f3n de las mujeres y sus hijos e hijas frente a la violencia de g\u00e9nero, especialmente, en el medio rural.<\/p>\n<p style=\"text-align: justify;\">As\u00ed, entre otras acciones, el Gobierno de la Diputaci\u00f3n de Albacete renueva su convenio con Cruz Roja para seguir garantizando tambi\u00e9n este a\u00f1o un servicio integral de acompa\u00f1amiento y atenci\u00f3n en municipios menores de 20.000 habitantes, respondiendo as\u00ed a la necesidad detectada y planteada en su d\u00eda por la Guardia Civil de Albacete.<\/p>\n<p style=\"text-align: justify;\">El papel fundamental de Europa<\/p>\n<p style=\"text-align: justify;\">En el marco de la inauguraci\u00f3n, Santi Caba\u00f1ero tambi\u00e9n ha aprovechado para destacar el papel crucial de los fondos europeos y la cogobernanza con la que el Gobierno Central, de la mano de Comunidades Aut\u00f3nomas y Diputaciones, est\u00e1 impulsando la realizaci\u00f3n de proyectos como este centro.<\/p>\n<p style=\"text-align: justify;\">Un claro ejemplo de c\u00f3mo Europa, junto con gobiernos comprometidos como el del presidente Garc\u00eda-Page, contribuye significativamente al bienestar y la seguridad de la poblaci\u00f3n. Este proyecto demuestra el impacto positivo que los fondos europeos est\u00e1n teniendo en aspectos fundamentales como la lucha contra la violencia de g\u00e9nero, la creaci\u00f3n de residencias de mayores y centros de d\u00eda o el impulso a iniciativas de eficiencia energ\u00e9tica a lo largo y ancho del territorio.<\/p>\n<p style=\"text-align: justify;\">Caba\u00f1ero ha reiterado que el Gobierno regional cuenta y seguir\u00e1 contando con la colaboraci\u00f3n de la Diputaci\u00f3n de Albacete para seguir trabajando de la mano en iniciativas que contin\u00faen mejorando la calidad de vida y la seguridad de toda la ciudadan\u00eda; en el caso referido a este nuevo Centro, demostrando \u201cun compromiso inquebrantable\u201d con la erradicaci\u00f3n de la violencia de g\u00e9nero en todas sus formas y frente a todo tipo de peligrosos discursos negacionistas de una realidad que est\u00e1 ah\u00ed y que es vital atajar, ha repetido.<\/p>\n<p style=\"text-align: justify;\">En el acto han participado tambi\u00e9n otros representantes institucionales, como el alcalde de Albacete, Manuel Serrano L\u00f3pez; la vicepresidenta de las Cortes de C-LM, Josefina Navarrete; la consejera de Igualdad, Sara Sim\u00f3n Alcorlo; el subdelegado del Gobierno en Albacete, Miguel Juan Espinosa Plaza; el Fiscar Superior de C-LM, Emilio Fern\u00e1ndez; diputados y senadores; el delegado de la JCCM en Albacete, Pedro Antonio Ru\u00edz Santos; o la directora Instituto de la Mujer de C-LM, Lourdes Luna Ruiz.<\/p>\n<p><!--publicidad-voz03--><a href=\"https:\/\/www.facebook.com\/profile.php?id=100063593791305&amp;locale=es_ES\"><img decoding=\"async\" class=\"alignnone size-medium\" src=\"https:\/\/blogger.googleusercontent.com\/img\/b\/R29vZ2xl\/AVvXsEi8_n_ll8UOcGxCqzFvb_9Io4ICczlGC990BPtPj2w9Px-u7B3oqWUW5vtjZUqPNJ-nyjiUIorE0ATsib_l5tV8BVN-UJ03RTnU__IHJF_4DgDBtY4LIqXNG-FomrO-7ywes20CBCRM2Hcm7EJSh3UUw1dO-c_uTflUrtgY1i7uBRezj_DpympmEFkfbQY\/s1600\/logo-principal2.jpg\" width=\"100%\" height=\"100\" \/><\/a><!--bestpublic-voz03--><!--desk-in-out-voz03--><br \/>\n<!--publicidad-voz04--><a href=\"https:\/\/www.facebook.com\/profile.php?id=61557370768692&amp;locale=es_ES\"><img decoding=\"async\" class=\"alignnone size-medium\" src=\"https:\/\/blogger.googleusercontent.com\/img\/b\/R29vZ2xl\/AVvXsEgy5RdcfffrnrItnYTcV9bCJjgJwldsQLWssfVfrLbyfXeBNTFKgBf0rMIvhrUaGUhiXzVr9_eQgCbi-j63ZDpfTvLIty9w7s140y-m1yHe7eKmEK7v2NAHUJDVYGdfeiQFeRCqUjdwWmN1MX_AUxxz4IVdJ4WIM0APxit8bjWkXzrnEFGqBvW_1F13H1g\/s1600\/logo-principal5.jpg\" width=\"100%\" height=\"100\" \/><\/a><!--bestpublic-voz04--><!--desk-in-out-voz04--><br \/>\n<!--publicidad-voz05--><a href=\"https:\/\/www.facebook.com\/asociaciontamborileroshellin?locale=es_ES\"><img decoding=\"async\" class=\"alignnone size-medium\" src=\"https:\/\/blogger.googleusercontent.com\/img\/b\/R29vZ2xl\/AVvXsEhHEEpZsKK1VpwiYMrS7aE2ujtqIDZoLd4B5wtbiseSU9s2HdTdQfhF84So2XwEB1fv0BLw95GADm6hUl1bkKtzh-eIgVigXONuu_5RxeIMPhjk8q6uNX4EaEHbooKkbu7pCADWPpVJjhKIH5NQSJpWqedC-YBez4QAQeJYokkLot9bhrIaUAeztsGis6M\/s1600\/logo-principal3.jpg\" width=\"100%\" height=\"100\" \/><\/a><!--bestpublic-voz05--><!--desk-in-out-voz05--><br \/>\n<!--publicidad-voz06--><!--bestpublic-voz06--><!--desk-in-out-voz06--><br \/>\n<!--publicidad-voz07--><!--bestpublic-voz07--><!--desk-in-out-voz07--><br \/>\n<!--publicidad-voz08--><!--bestpublic-voz08--><!--desk-in-out-voz08--><br \/>\n<!--publicidad-voz09--><!--bestpublic-voz09--><!--desk-in-out-voz09--><br \/>\n<!--publicidad-voz10--><!--bestpublic-voz10--><!--desk-in-out-voz10--><br \/>\n<!--publicidad-voz11--><!--bestpublic-voz11--><!--desk-in-out-voz11--><br \/>\n<!--publicidad-voz12--><!--bestpublic-voz12--><!--desk-in-out-voz12--><br \/>\n<!--publicidad-voz13--><!--bestpublic-voz13--><!--desk-in-out-voz13--><br \/>\n<!--publicidad-voz14--><!--bestpublic-voz14--><!--desk-in-out-voz14--><br \/>\n<!--publicidad-voz15--><!--bestpublic-voz15--><!--desk-in-out-voz15--><br \/>\n<!--publicidad-voz16--><!--bestpublic-voz16--><!--desk-in-out-voz16--><\/p>\n","protected":false},"excerpt":{"rendered":"<p>En un nuevo paso significativo dentro de la lucha contra la violencia de g\u00e9nero en todas sus formas, este viernes se ha inaugurado el Centro de Atenci\u00f3n Integral a Mujeres&#8230;<\/p>\n","protected":false},"author":2,"featured_media":149588,"comment_status":"closed","ping_status":"closed","sticky":false,"template":"","format":"standard","meta":{"footnotes":""},"categories":[753,718,715,716,717],"tags":[],"class_list":["post-149587","post","type-post","status-publish","format-standard","has-post-thumbnail","hentry","category-blog-lv034","category-blogger","category-la-voz-de-hellin","category-la-voz-de-hellin-la-voz-de-hellin","category-noticias"],"_links":{"self":[{"href":"https:\/\/lavozdehellin.com\/noticias\/wp-json\/wp\/v2\/posts\/149587","targetHints":{"allow":["GET"]}}],"collection":[{"href":"https:\/\/lavozdehellin.com\/noticias\/wp-json\/wp\/v2\/posts"}],"about":[{"href":"https:\/\/lavozdehellin.com\/noticias\/wp-json\/wp\/v2\/types\/post"}],"author":[{"embeddable":true,"href":"https:\/\/lavozdehellin.com\/noticias\/wp-json\/wp\/v2\/users\/2"}],"replies":[{"embeddable":true,"href":"https:\/\/lavozdehellin.com\/noticias\/wp-json\/wp\/v2\/comments?post=149587"}],"version-history":[{"count":0,"href":"https:\/\/lavozdehellin.com\/noticias\/wp-json\/wp\/v2\/posts\/149587\/revisions"}],"wp:featuredmedia":[{"embeddable":true,"href":"https:\/\/lavozdehellin.com\/noticias\/wp-json\/wp\/v2\/media\/149588"}],"wp:attachment":[{"href":"https:\/\/lavozdehellin.com\/noticias\/wp-json\/wp\/v2\/media?parent=149587"}],"wp:term":[{"taxonomy":"category","embeddable":true,"href":"https:\/\/lavozdehellin.com\/noticias\/wp-json\/wp\/v2\/categories?post=149587"},{"taxonomy":"post_tag","embeddable":true,"href":"https:\/\/lavozdehellin.com\/noticias\/wp-json\/wp\/v2\/tags?post=149587"}],"curies":[{"name":"wp","href":"https:\/\/api.w.org\/{rel}","templated":true}]}}