{"id":149590,"date":"2024-04-05T13:35:49","date_gmt":"2024-04-05T12:35:49","guid":{"rendered":"https:\/\/lavozdehellin.com\/noticias\/?p=149590"},"modified":"2024-04-08T10:02:25","modified_gmt":"2024-04-08T09:02:25","slug":"v08-470-el-presidente-de-la-diputacion-reafirma-su-compromiso-con-el-cooperativismo-que-ha-salvado-a-nuestros-pueblos-de-la-despoblacion","status":"publish","type":"post","link":"https:\/\/lavozdehellin.com\/noticias\/v08-470-el-presidente-de-la-diputacion-reafirma-su-compromiso-con-el-cooperativismo-que-ha-salvado-a-nuestros-pueblos-de-la-despoblacion\/","title":{"rendered":"LVH NOTICIAS | EL PRESIDENTE DE LA DIPUTACI\u00d3N REAFIRMA SU COMPROMISO CON EL COOPERATIVISMO QUE \u00abHA SALVADO A NUESTROS PUEBLOS DE LA DESPOBLACI\u00d3N\u00bb"},"content":{"rendered":"<p style=\"text-align: justify;\">El Gobierno Provincial, en voz de su presidente, Santi Caba\u00f1ero, ha reiterado su firme apoyo al cooperativismo agrario durante la celebraci\u00f3n del 40\u00ba aniversario de la Cooperativa Agraria San Ant\u00f3n de Albacete: un evento que ha tenido lugar en sus instalaciones del Pol\u00edgono Industrial de Campollano, con la presencia de m\u00faltiples representantes institucionales y sociales, incluyendo al presidente del Gobierno de Castilla-La Mancha, Emiliano Garc\u00eda-Page.<\/p>\n<p><!--more--><br \/>\n<!--publicidad-voz01--><a href=\"https:\/\/www.facebook.com\/SoloRadioHellin\/?locale=es_ES\"><img decoding=\"async\" class=\"alignnone size-medium\" src=\"https:\/\/blogger.googleusercontent.com\/img\/b\/R29vZ2xl\/AVvXsEiNncirNnyGedv00mhjZjh5Wl4_YPdJGanoAl8tL8zH-HwqE8uHqjEfSt340RHdx-9tuCSIkZ8rFamZiGyYlgDGxCsmXjCH_1xk5eYM3ntFZRvJP_jndOKR7w1UAo9Tu0vrZyOLfqRpHIxYI5SymJJ-pfGCQw6QVpggBH-UgfjiFQ2JOxqxG0Jx94kW83c\/s1600\/logo-principal.jpg\" width=\"100%\" height=\"100\" \/><\/a><!--bestpublic-voz01--><!--desk-in-out-voz01--><br \/>\n<!--publicidad-voz02--><a href=\"https:\/\/www.hellincf.com\/\"><img decoding=\"async\" class=\"alignnone size-medium\" src=\"https:\/\/blogger.googleusercontent.com\/img\/b\/R29vZ2xl\/AVvXsEhuZ4-XfBVj3UtdP8-RZugy3WVrg-Zv28c53m4oV47qYCxL1rX_dqWX_YddsGSnpH5SRDqZ7bZeKPIfDVCDncpjVlhy3aQs2vojcJBn7Gdv9hC2_Nzct_pRFrnFE1a7KTCdY1bT_kAgnY3-iadRZrGeJf1fR2P5fu11bokx0pWjaypoy-ctwCjklldpEbA\/s1600\/logo-principal7.jpg\" width=\"100%\" height=\"100\" \/><\/a><!--bestpublic-voz02--><!--desk-in-out-voz02--><\/p>\n<p style=\"text-align: justify;\">La Cooperativa Agraria San Ant\u00f3n, fundada en 1984 y ubicada en el coraz\u00f3n de Castilla-La Mancha, ha sido desde sus inicios un pilar fundamental en la econom\u00eda local y regional, representando el esp\u00edritu de uni\u00f3n y esfuerzo colectivo a trav\u00e9s de sus m\u00e1s de 15.000 hect\u00e1reas en regad\u00edo y 50.000 de secano.<\/p>\n<p style=\"text-align: justify;\">Su destacada trayectoria en el sector agroalimentario, donde se enfoca en el secado, limpieza, clasificaci\u00f3n, almacenamiento y comercializaci\u00f3n de productos cultivados, refleja la importancia del cooperativismo en el desarrollo econ\u00f3mico y social de la provincia, tal y como ha se\u00f1alado el presidente de la Diputaci\u00f3n durante sus palabras con motivo de este homenaje especial.<\/p>\n<p style=\"text-align: justify;\">Santi Caba\u00f1ero, que ha asistido junto al diputado de Medio Ambiente y consejero delegado del ITAP, Jos\u00e9 Antonio G\u00f3mez, ha destacado la contribuci\u00f3n inestimable de las cooperativas al desarrollo econ\u00f3mico de Albacete y su papel crucial en la lucha contra la despoblaci\u00f3n. \u00abLas cooperativas (especialmente, las agrarias) han sido y son vitales para garantizar empleo y estabilidad como fuente generadora de actividad econ\u00f3mica rural, resaltando la necesidad de promover el asociacionismo frente al individualismo en una sociedad cada vez m\u00e1s globalizada.<\/p>\n<p style=\"text-align: justify;\">\u201cEstamos en una provincia en la que m\u00e1s de dos tercios de los municipios t\u00edenen cooperativas agrarias que, estoy convencido, han salvado a nuestros pueblos de la despoblaci\u00f3n. Porque, en aquellos a\u00f1os en los que Espa\u00f1a sal\u00eda de una econom\u00eda aut\u00e1rquica e iba a una econom\u00eda m\u00e1s abierta, el peque\u00f1o agricultor ten\u00eda muy dif\u00edcil poder salir a competir en los mercados nacionales (y no digamos ya en los internacionales\u2026); y eran necesarios estos sistemas cooperativos para que el producto fuese competitivo en esos mercados. Y hoy, ya en los a\u00f1os \u201820 de siglo XXI, se vuelve a producir este fen\u00f3meno, con una globalizaci\u00f3n en la que cada vez los tama\u00f1os importan m\u00e1s y en la que los mercados ya non est\u00e1n en el pueblo de al lado o en la calle de al lado, est\u00e1n en la otra punta del mundo\u201d, ha se\u00f1alado.<\/p>\n<p style=\"text-align: justify;\">M\u00e1s de 23.200 familias obtienen rentas del modelo cooperativo en la provincia de Albacete<\/p>\n<p style=\"text-align: justify;\">Y es que, de los 87 municipios de la provincia, 51 tienen al menos una cooperativa agroalimentaria; que casi 4 de cada 10 de las de primer grado y SAT y 1 de cada 4 de las de segundo grado, est\u00e1n en zonas escasamente pobladas y en riesgo de despoblaci\u00f3n; y que casi 4 de cada 10 del total de las cooperativas de la provincia se encuentran en zonas con importantes con problemas de despoblaci\u00f3n.<\/p>\n<p style=\"text-align: justify;\">Con el convenio impulsado por el presidente Caba\u00f1ero el pasado 2023 entre la Diputaci\u00f3n y Cooperativas Agroalimentarias de C-LM, dotado con 30.000 euros, la instituci\u00f3n provincial busca fortalecer a\u00fan m\u00e1s al tejido cooperativo en el conjunto del territorio, donde demuestra un gran impacto. No en vano, m\u00e1s de 23.200 familias obtienen rentas del modelo cooperativo en la provincia de Albacete, donde las cooperativas agroalimentarias comercializan productos por valor de 36,2 millones de euros, tanto en la Uni\u00f3n Europea como en el resto del mundo.<\/p>\n<p style=\"text-align: justify;\">El estudio sobre el cooperativismo en la provincia, realizado en el marco del citado convenio, muestra tambi\u00e9n que el 35% de las cooperativas de toda la provincia se dedican al sector agroalimentario, caracteriz\u00e1ndose por su atomizaci\u00f3n, y mostrando un notable valor en los \u00faltimos a\u00f1os debido al incremento de los precios provocado por la situaci\u00f3n geopol\u00edtica, la sequ\u00eda y la crisis de materias primas.<\/p>\n<p style=\"text-align: justify;\">Dirigi\u00e9ndose al presidente del Consejo Rector, Antonio Melgarejo N\u00e1rdiz, Santi Caba\u00f1ero ha celebrado el legado de la \u2018familia\u2019 de la Cooperativa Agraria San Ant\u00f3n y ha reafirmado su compromiso con el fortalecimiento del cooperativismo como modelo econ\u00f3mico y social sostenible, capaz de generar riqueza y empleo en el medio rural como ning\u00fan otro, tal y como lo ha demostrado con creces en el pasado para tantas familias que se mantuvieron arraigadas a los pueblos gracias a las cooperativas.<br \/>\nCaba\u00f1ero llama a \u00abhacer de la necesidad, virtud\u00bb<\/p>\n<p style=\"text-align: justify;\">\u00abLa pandemia y las guerras nos han demostrado la importancia de la uni\u00f3n y el trabajo colectivo. Hoy, m\u00e1s que nunca, las cooperativas deben ser el motor de nuestros pueblos\u00bb, ha concluido Caba\u00f1ero, deseando una larga vida a la Cooperativa Agraria San Ant\u00f3n y a todas las cooperativas que contribuyen al desarrollo de la provincia de Albacete y de toda la regi\u00f3n.<\/p>\n<p style=\"text-align: justify;\">Adem\u00e1s, Caba\u00f1ero se ha referido a la situaci\u00f3n que atraviesa el sector agrario y el papel de sus distintos protagonistas. \u201cNadie quiere m\u00e1s al campo que los agricultores y nadie quiere m\u00e1s a los animales que el ganadero, por una sencilla raz\u00f3n: aunque sea ego\u00edstamente, porque vive de \u00e9l. Es quien m\u00e1s quiere quien m\u00e1s respeta; y creo que tenemos que hacer de la necesidad, virtud. Es verdad que vivimos momentos complicados, pero tambi\u00e9n que surgen oportunidades\u201d, ha afirmado.<\/p>\n<p style=\"text-align: justify;\">\u201cTodos los que gestionamos fondos europeos sabemos de lo complicado de la \u2018ortodoxia\u2019a burocr\u00e1tica\u2019 comunitaria. Pero creo que nos equivocar\u00edamos si pens\u00e1ramos que Europa es el problema. S\u00ed que hay una ortodoxia europea que no entiende la diversidad de nuestro campo y que hay que cambiar. Y, para eso, hacen falta Gobiernos que sean sensibles, y aqu\u00ed en Castilla-La Mancha tenemos un buen ejemplo de c\u00f3mo, tanto el presidente como el consejero, han sabido influir en el Ministerio para que en Bruselas se atiendan las reivindicaciones y los cambios que son necesarios para competir en igualdad de condiciones en el resto de Europa y del mundo\u201d.<\/p>\n<p style=\"text-align: justify;\">Finalmente, en materia h\u00eddrica, el presidente provincial ha se\u00f1alado que \u201ccada vez va a ser m\u00e1s necesario que defendamos el agua que necesitamos porque no podemos seguir viendo c\u00f3mo pasa por la puerta de esta regi\u00f3n y que nos quieran quitar el derecho a poderla utilizar\u2026 El cambio clim\u00e1tico es una realidad y, mirando para otro lado, no se va a solucionar: Tenemos que hacerle frente y tendremos que ir a nuevas f\u00f3rmulas. Y ah\u00ed, el uso del agua es imprescindible. Y, ya que somos una regi\u00f3n mod\u00e9lica en el uso del agua, creo que tambi\u00e9n tenemos que ser muy beligerantes en su defensa. Y el Gobierno de Castilla-La Mancha, el Gobierno del presidente Garc\u00eda-Page lo est\u00e1n haciendo muy bien\u201d, ha concluido.<\/p>\n<p><!--publicidad-voz03--><a href=\"https:\/\/www.facebook.com\/profile.php?id=100063593791305&amp;locale=es_ES\"><img decoding=\"async\" class=\"alignnone size-medium\" src=\"https:\/\/blogger.googleusercontent.com\/img\/b\/R29vZ2xl\/AVvXsEi8_n_ll8UOcGxCqzFvb_9Io4ICczlGC990BPtPj2w9Px-u7B3oqWUW5vtjZUqPNJ-nyjiUIorE0ATsib_l5tV8BVN-UJ03RTnU__IHJF_4DgDBtY4LIqXNG-FomrO-7ywes20CBCRM2Hcm7EJSh3UUw1dO-c_uTflUrtgY1i7uBRezj_DpympmEFkfbQY\/s1600\/logo-principal2.jpg\" width=\"100%\" height=\"100\" \/><\/a><!--bestpublic-voz03--><!--desk-in-out-voz03--><br \/>\n<!--publicidad-voz04--><a href=\"https:\/\/www.facebook.com\/profile.php?id=61557370768692&amp;locale=es_ES\"><img decoding=\"async\" class=\"alignnone size-medium\" src=\"https:\/\/blogger.googleusercontent.com\/img\/b\/R29vZ2xl\/AVvXsEgy5RdcfffrnrItnYTcV9bCJjgJwldsQLWssfVfrLbyfXeBNTFKgBf0rMIvhrUaGUhiXzVr9_eQgCbi-j63ZDpfTvLIty9w7s140y-m1yHe7eKmEK7v2NAHUJDVYGdfeiQFeRCqUjdwWmN1MX_AUxxz4IVdJ4WIM0APxit8bjWkXzrnEFGqBvW_1F13H1g\/s1600\/logo-principal5.jpg\" width=\"100%\" height=\"100\" \/><\/a><!--bestpublic-voz04--><!--desk-in-out-voz04--><br \/>\n<!--publicidad-voz05--><a href=\"https:\/\/www.facebook.com\/asociaciontamborileroshellin?locale=es_ES\"><img decoding=\"async\" class=\"alignnone size-medium\" src=\"https:\/\/blogger.googleusercontent.com\/img\/b\/R29vZ2xl\/AVvXsEhHEEpZsKK1VpwiYMrS7aE2ujtqIDZoLd4B5wtbiseSU9s2HdTdQfhF84So2XwEB1fv0BLw95GADm6hUl1bkKtzh-eIgVigXONuu_5RxeIMPhjk8q6uNX4EaEHbooKkbu7pCADWPpVJjhKIH5NQSJpWqedC-YBez4QAQeJYokkLot9bhrIaUAeztsGis6M\/s1600\/logo-principal3.jpg\" width=\"100%\" height=\"100\" \/><\/a><!--bestpublic-voz05--><!--desk-in-out-voz05--><br \/>\n<!--publicidad-voz06--><!--bestpublic-voz06--><!--desk-in-out-voz06--><br \/>\n<!--publicidad-voz07--><!--bestpublic-voz07--><!--desk-in-out-voz07--><br \/>\n<!--publicidad-voz08--><!--bestpublic-voz08--><!--desk-in-out-voz08--><br \/>\n<!--publicidad-voz09--><!--bestpublic-voz09--><!--desk-in-out-voz09--><br \/>\n<!--publicidad-voz10--><!--bestpublic-voz10--><!--desk-in-out-voz10--><br \/>\n<!--publicidad-voz11--><!--bestpublic-voz11--><!--desk-in-out-voz11--><br \/>\n<!--publicidad-voz12--><!--bestpublic-voz12--><!--desk-in-out-voz12--><br \/>\n<!--publicidad-voz13--><!--bestpublic-voz13--><!--desk-in-out-voz13--><br \/>\n<!--publicidad-voz14--><!--bestpublic-voz14--><!--desk-in-out-voz14--><br \/>\n<!--publicidad-voz15--><!--bestpublic-voz15--><!--desk-in-out-voz15--><br \/>\n<!--publicidad-voz16--><!--bestpublic-voz16--><!--desk-in-out-voz16--><\/p>\n","protected":false},"excerpt":{"rendered":"<p>El Gobierno Provincial, en voz de su presidente, Santi Caba\u00f1ero, ha reiterado su firme apoyo al cooperativismo agrario durante la celebraci\u00f3n del 40\u00ba aniversario de la Cooperativa Agraria San Ant\u00f3n&#8230;<\/p>\n","protected":false},"author":2,"featured_media":149591,"comment_status":"closed","ping_status":"closed","sticky":false,"template":"","format":"standard","meta":{"footnotes":""},"categories":[753,718,715,716,717],"tags":[],"class_list":["post-149590","post","type-post","status-publish","format-standard","has-post-thumbnail","hentry","category-blog-lv034","category-blogger","category-la-voz-de-hellin","category-la-voz-de-hellin-la-voz-de-hellin","category-noticias"],"_links":{"self":[{"href":"https:\/\/lavozdehellin.com\/noticias\/wp-json\/wp\/v2\/posts\/149590","targetHints":{"allow":["GET"]}}],"collection":[{"href":"https:\/\/lavozdehellin.com\/noticias\/wp-json\/wp\/v2\/posts"}],"about":[{"href":"https:\/\/lavozdehellin.com\/noticias\/wp-json\/wp\/v2\/types\/post"}],"author":[{"embeddable":true,"href":"https:\/\/lavozdehellin.com\/noticias\/wp-json\/wp\/v2\/users\/2"}],"replies":[{"embeddable":true,"href":"https:\/\/lavozdehellin.com\/noticias\/wp-json\/wp\/v2\/comments?post=149590"}],"version-history":[{"count":0,"href":"https:\/\/lavozdehellin.com\/noticias\/wp-json\/wp\/v2\/posts\/149590\/revisions"}],"wp:featuredmedia":[{"embeddable":true,"href":"https:\/\/lavozdehellin.com\/noticias\/wp-json\/wp\/v2\/media\/149591"}],"wp:attachment":[{"href":"https:\/\/lavozdehellin.com\/noticias\/wp-json\/wp\/v2\/media?parent=149590"}],"wp:term":[{"taxonomy":"category","embeddable":true,"href":"https:\/\/lavozdehellin.com\/noticias\/wp-json\/wp\/v2\/categories?post=149590"},{"taxonomy":"post_tag","embeddable":true,"href":"https:\/\/lavozdehellin.com\/noticias\/wp-json\/wp\/v2\/tags?post=149590"}],"curies":[{"name":"wp","href":"https:\/\/api.w.org\/{rel}","templated":true}]}}