{"id":149593,"date":"2024-04-06T10:56:08","date_gmt":"2024-04-06T09:56:08","guid":{"rendered":"https:\/\/lavozdehellin.com\/noticias\/?p=149593"},"modified":"2024-04-08T10:02:24","modified_gmt":"2024-04-08T09:02:24","slug":"v08-471-la-diputacion-de-albacete-invierte-en-elche-de-la-sierra-unos-300-000-e-durante-2023-favoreciendo-entre-otras-cuestiones-la-mejora-de-cerca-de-una-decena-de-calles","status":"publish","type":"post","link":"https:\/\/lavozdehellin.com\/noticias\/v08-471-la-diputacion-de-albacete-invierte-en-elche-de-la-sierra-unos-300-000-e-durante-2023-favoreciendo-entre-otras-cuestiones-la-mejora-de-cerca-de-una-decena-de-calles\/","title":{"rendered":"LVH NOTICIAS | LA DIPUTACI\u00d3N DE ALBACETE INVIERTE EN ELCHE DE LA SIERRA UNOS 300.000 \u20ac DURANTE 2023 FAVORECIENDO, ENTRE OTRAS CUESTIONES, LA MEJORA DE CERCA DE UNA DECENA DE CALLES"},"content":{"rendered":"<p style=\"text-align: justify;\">El vicepresidente de la Diputaci\u00f3n de Albacete, Fran Valera, se ha desplazado hasta Elche de la Sierra, donde ha comprobado el resultado de diferentes actuaciones acometidas con cargo a distintas ayudas impulsadas por la instituci\u00f3n provincial, y que se han traducido, s\u00f3lo en 2023, en una inversi\u00f3n que ronda los 300.000 \u20ac, favoreciendo notables mejoras en servicios e infraestructuras municipales.<\/p>\n<p><!--more--><br \/>\n<!--publicidad-voz01--><a href=\"https:\/\/www.facebook.com\/SoloRadioHellin\/?locale=es_ES\"><img decoding=\"async\" class=\"alignnone size-medium\" src=\"https:\/\/blogger.googleusercontent.com\/img\/b\/R29vZ2xl\/AVvXsEiNncirNnyGedv00mhjZjh5Wl4_YPdJGanoAl8tL8zH-HwqE8uHqjEfSt340RHdx-9tuCSIkZ8rFamZiGyYlgDGxCsmXjCH_1xk5eYM3ntFZRvJP_jndOKR7w1UAo9Tu0vrZyOLfqRpHIxYI5SymJJ-pfGCQw6QVpggBH-UgfjiFQ2JOxqxG0Jx94kW83c\/s1600\/logo-principal.jpg\" width=\"100%\" height=\"100\" \/><\/a><!--bestpublic-voz01--><!--desk-in-out-voz01--><br \/>\n<!--publicidad-voz02--><a href=\"https:\/\/www.hellincf.com\/\"><img decoding=\"async\" class=\"alignnone size-medium\" src=\"https:\/\/blogger.googleusercontent.com\/img\/b\/R29vZ2xl\/AVvXsEhuZ4-XfBVj3UtdP8-RZugy3WVrg-Zv28c53m4oV47qYCxL1rX_dqWX_YddsGSnpH5SRDqZ7bZeKPIfDVCDncpjVlhy3aQs2vojcJBn7Gdv9hC2_Nzct_pRFrnFE1a7KTCdY1bT_kAgnY3-iadRZrGeJf1fR2P5fu11bokx0pWjaypoy-ctwCjklldpEbA\/s1600\/logo-principal7.jpg\" width=\"100%\" height=\"100\" \/><\/a><!--bestpublic-voz02--><!--desk-in-out-voz02--><\/p>\n<p style=\"text-align: justify;\">Junto a la alcaldesa local (y diputada provincial de Turismo), Raquel Ruiz, y a miembros de la Corporaci\u00f3n Municipal, Valera ha supervisado los trabajos que se han efectuado en cerca de una decena de calles del municipio, haciendo posible el reasfaltado o pavimentaci\u00f3n, en cada caso, con un presupuesto que ronda los 135.000 \u20ac en el marco del \u00faltimo \u2018Dipualba Responde\u2019, de los cuales el Gobierno que preside Santi Caba\u00f1ero ha aportado algo m\u00e1s del 77%, asumiendo el 23% restante el Ayuntamiento elche\u00f1o.<\/p>\n<p style=\"text-align: justify;\">As\u00ed, las calles Chopo, Artesan\u00eda, Hormero, Carpinteros, La Encantada, Toledo y Virgen del Pilar, en el entorno del Polideportivo Municipal, han experimentado obras de asfaltado. Del mismo modo que las v\u00edas Parra y Parada han visto reformado su pavimentaci\u00f3n con adoqu\u00edn, consiguiendo con todo ello una mayor accesibilidad, una mayor seguridad y tambi\u00e9n un avance en materia est\u00e9tica.<\/p>\n<p style=\"text-align: justify;\">En este sentido, Valera ha puesto en valor estas acciones, advirtiendo que suponen una transformaci\u00f3n en el d\u00eda a d\u00eda de la localidad, mejorando un \u00e1rea muy concurrida por la ciudadan\u00eda de la mano de la gran variedad de propuestas deportivas que oferta el Consistorio local, haciendo de los barrios lugares m\u00e1s abiertos y m\u00e1s \u2018habitables\u2019, m\u00e1s propicios para la convivencia y tambi\u00e9n para el ocio, al tiempo que se ha habilitado junto al propio pabell\u00f3n una zona de aparcamiento.<\/p>\n<p style=\"text-align: justify;\">Mejoras en servicios e infraestructuras que repercuten directamente en la calidad de vida de la ciudadan\u00eda<\/p>\n<p style=\"text-align: justify;\">Adem\u00e1s, estas acciones se han visto complementadas por otras tambi\u00e9n acometidas con cargo a las diferentes convocatorias de ayudas que la Diputaci\u00f3n de Albacete dispuso en 2023 destinadas a los Ayuntamientos. Es el caso de la sustituci\u00f3n, en distintas zonas, de la red de agua potable y la optimizaci\u00f3n de llaves de corte para dar respuesta a las roturas que se ven\u00edan produciendo, lo que ha supuesto no s\u00f3lo un notable avance en el abastecimiento, sino tambi\u00e9n en cuanto a la eficiencia h\u00eddrica, en l\u00ednea con el esfuerzo que viene realizando la Diputaci\u00f3n en este \u00e1mbito desde un s\u00f3lido compromiso con el ahorro y la concienciaci\u00f3n en torno al uso del agua.<\/p>\n<p style=\"text-align: justify;\">En este sentido, la localidad tambi\u00e9n ha visto mejoradas otras infraestructuras, como es el caso de caminos rurales, de la fachada del Cuartel de la Guardia Civil o la reforma de la cubierta de su Ermita, y de diferentes servicios p\u00fablicos, que han supuesto beneficios directos en el \u00e1mbito de la conciliaci\u00f3n, la educaci\u00f3n, la formaci\u00f3n, la cultura, el ocio o el turismo.<\/p>\n<p style=\"text-align: justify;\">Aqu\u00ed se engloban inversiones realizadas por la instituci\u00f3n provincial para dinamizar la Universidad Popular elche\u00f1a; para el mantenimiento de su Academia de M\u00fasica y la adquisici\u00f3n de instrumentos; para colaborar con la Agrupaci\u00f3n de Protecci\u00f3n Civil o con la Escuela Infantil; para proyectos dirigidos a la juventud o para la contrataci\u00f3n de monitores deportivos; e, incluso, para colaborar en el desarrollo de eventos deportivos (XXIII Vuelta a la Pe\u00f1a de San Blas, XII BTT o VIII Segura Trail). Tambi\u00e9n para la mejora del Archivo Municipal o la se\u00f1alizaci\u00f3n de rutas.<\/p>\n<p style=\"text-align: justify;\">Adem\u00e1s, el pasado a\u00f1o se llev\u00f3 a cabo la construcci\u00f3n de 128 nichos en el cementerio municipal, con un presupuesto de 97.000 \u20ac (de los cuales la instituci\u00f3n provincial ha aportado 60.000 \u20ac). Unas obras ejecutadas en dos fases que han dado como resultado dos panteones de cuatro alturas, dotados con una marquesina para resguardar de las lluvias los frontales.<\/p>\n<p style=\"text-align: justify;\">Importantes inversiones a las que se suman ayudas provinciales destinadas al tejido sociosantiario de la localidad. Un campo en el que la Asociaci\u00f3n de Familiares de Enfermos de Alzheimer y otras demencias seniles (AFA) y la Asociaci\u00f3n Contra el C\u00e1ncer (ACCESI) han recibido m\u00e1s de 12.000 \u20ac.<\/p>\n<p style=\"text-align: justify;\">Nuevas inversiones en 2024<\/p>\n<p style=\"text-align: justify;\">Durante su visita a Elche de la Sierra, el vicepresidente provincial tambi\u00e9n ha mantenido una reuni\u00f3n con la alcaldesa y diferentes miembros de la Corporaci\u00f3n Municipal, en la que han tenido la oportunidad de intercambiar distintas cuestiones de inter\u00e9s para el presente y el futuro del municipio. Momento que Fran Valera ha aprovechado para recordar que, este 2024, el Ayuntamiento contar\u00e1, s\u00f3lo a trav\u00e9s del programa \u2018Dipualba Responde\u2019, con m\u00e1s de 122.000 \u20ac<\/p>\n<p style=\"text-align: justify;\">Una cuant\u00eda que desde el Consistorio podr\u00e1n destinar a aquellas cuestiones que consideren prioritarias para el d\u00eda a d\u00eda de la localidad, como es el caso, entre otras, del arreglo de la entrada al Pol\u00edgono Agropecuario, uno de sus motores econ\u00f3micos y un espacio muy transitado por la ciudadan\u00eda en su quehacer cotidiano.<\/p>\n<p style=\"text-align: justify;\">Valera ha dejado claro que el objetivo de la Diputaci\u00f3n es trabajar de la mano de los ayuntamientos para facilitar su gesti\u00f3n diaria, dar respuesta a sus necesidades e impulsar acciones que repercutan en el desarrollo de cada territorio, advirtiendo que estas inversiones, a su vez, mejoran la vida de los vecinos y vecinas y generan sinergias econ\u00f3micas.<\/p>\n<p><!--publicidad-voz03--><a href=\"https:\/\/www.facebook.com\/profile.php?id=100063593791305&amp;locale=es_ES\"><img decoding=\"async\" class=\"alignnone size-medium\" src=\"https:\/\/blogger.googleusercontent.com\/img\/b\/R29vZ2xl\/AVvXsEi8_n_ll8UOcGxCqzFvb_9Io4ICczlGC990BPtPj2w9Px-u7B3oqWUW5vtjZUqPNJ-nyjiUIorE0ATsib_l5tV8BVN-UJ03RTnU__IHJF_4DgDBtY4LIqXNG-FomrO-7ywes20CBCRM2Hcm7EJSh3UUw1dO-c_uTflUrtgY1i7uBRezj_DpympmEFkfbQY\/s1600\/logo-principal2.jpg\" width=\"100%\" height=\"100\" \/><\/a><!--bestpublic-voz03--><!--desk-in-out-voz03--><br \/>\n<!--publicidad-voz04--><a href=\"https:\/\/www.facebook.com\/profile.php?id=61557370768692&amp;locale=es_ES\"><img decoding=\"async\" class=\"alignnone size-medium\" src=\"https:\/\/blogger.googleusercontent.com\/img\/b\/R29vZ2xl\/AVvXsEgy5RdcfffrnrItnYTcV9bCJjgJwldsQLWssfVfrLbyfXeBNTFKgBf0rMIvhrUaGUhiXzVr9_eQgCbi-j63ZDpfTvLIty9w7s140y-m1yHe7eKmEK7v2NAHUJDVYGdfeiQFeRCqUjdwWmN1MX_AUxxz4IVdJ4WIM0APxit8bjWkXzrnEFGqBvW_1F13H1g\/s1600\/logo-principal5.jpg\" width=\"100%\" height=\"100\" \/><\/a><!--bestpublic-voz04--><!--desk-in-out-voz04--><br \/>\n<!--publicidad-voz05--><a href=\"https:\/\/www.facebook.com\/asociaciontamborileroshellin?locale=es_ES\"><img decoding=\"async\" class=\"alignnone size-medium\" src=\"https:\/\/blogger.googleusercontent.com\/img\/b\/R29vZ2xl\/AVvXsEhHEEpZsKK1VpwiYMrS7aE2ujtqIDZoLd4B5wtbiseSU9s2HdTdQfhF84So2XwEB1fv0BLw95GADm6hUl1bkKtzh-eIgVigXONuu_5RxeIMPhjk8q6uNX4EaEHbooKkbu7pCADWPpVJjhKIH5NQSJpWqedC-YBez4QAQeJYokkLot9bhrIaUAeztsGis6M\/s1600\/logo-principal3.jpg\" width=\"100%\" height=\"100\" \/><\/a><!--bestpublic-voz05--><!--desk-in-out-voz05--><br \/>\n<!--publicidad-voz06--><!--bestpublic-voz06--><!--desk-in-out-voz06--><br \/>\n<!--publicidad-voz07--><!--bestpublic-voz07--><!--desk-in-out-voz07--><br \/>\n<!--publicidad-voz08--><!--bestpublic-voz08--><!--desk-in-out-voz08--><br \/>\n<!--publicidad-voz09--><!--bestpublic-voz09--><!--desk-in-out-voz09--><br \/>\n<!--publicidad-voz10--><!--bestpublic-voz10--><!--desk-in-out-voz10--><br \/>\n<!--publicidad-voz11--><!--bestpublic-voz11--><!--desk-in-out-voz11--><br \/>\n<!--publicidad-voz12--><!--bestpublic-voz12--><!--desk-in-out-voz12--><br \/>\n<!--publicidad-voz13--><!--bestpublic-voz13--><!--desk-in-out-voz13--><br \/>\n<!--publicidad-voz14--><!--bestpublic-voz14--><!--desk-in-out-voz14--><br \/>\n<!--publicidad-voz15--><!--bestpublic-voz15--><!--desk-in-out-voz15--><br \/>\n<!--publicidad-voz16--><!--bestpublic-voz16--><!--desk-in-out-voz16--><\/p>\n","protected":false},"excerpt":{"rendered":"<p>El vicepresidente de la Diputaci\u00f3n de Albacete, Fran Valera, se ha desplazado hasta Elche de la Sierra, donde ha comprobado el resultado de diferentes actuaciones acometidas con cargo a distintas&#8230;<\/p>\n","protected":false},"author":2,"featured_media":149594,"comment_status":"closed","ping_status":"closed","sticky":false,"template":"","format":"standard","meta":{"footnotes":""},"categories":[753,718,715,716,717],"tags":[],"class_list":["post-149593","post","type-post","status-publish","format-standard","has-post-thumbnail","hentry","category-blog-lv034","category-blogger","category-la-voz-de-hellin","category-la-voz-de-hellin-la-voz-de-hellin","category-noticias"],"_links":{"self":[{"href":"https:\/\/lavozdehellin.com\/noticias\/wp-json\/wp\/v2\/posts\/149593","targetHints":{"allow":["GET"]}}],"collection":[{"href":"https:\/\/lavozdehellin.com\/noticias\/wp-json\/wp\/v2\/posts"}],"about":[{"href":"https:\/\/lavozdehellin.com\/noticias\/wp-json\/wp\/v2\/types\/post"}],"author":[{"embeddable":true,"href":"https:\/\/lavozdehellin.com\/noticias\/wp-json\/wp\/v2\/users\/2"}],"replies":[{"embeddable":true,"href":"https:\/\/lavozdehellin.com\/noticias\/wp-json\/wp\/v2\/comments?post=149593"}],"version-history":[{"count":0,"href":"https:\/\/lavozdehellin.com\/noticias\/wp-json\/wp\/v2\/posts\/149593\/revisions"}],"wp:featuredmedia":[{"embeddable":true,"href":"https:\/\/lavozdehellin.com\/noticias\/wp-json\/wp\/v2\/media\/149594"}],"wp:attachment":[{"href":"https:\/\/lavozdehellin.com\/noticias\/wp-json\/wp\/v2\/media?parent=149593"}],"wp:term":[{"taxonomy":"category","embeddable":true,"href":"https:\/\/lavozdehellin.com\/noticias\/wp-json\/wp\/v2\/categories?post=149593"},{"taxonomy":"post_tag","embeddable":true,"href":"https:\/\/lavozdehellin.com\/noticias\/wp-json\/wp\/v2\/tags?post=149593"}],"curies":[{"name":"wp","href":"https:\/\/api.w.org\/{rel}","templated":true}]}}