{"id":149596,"date":"2024-04-06T12:48:13","date_gmt":"2024-04-06T11:48:13","guid":{"rendered":"https:\/\/lavozdehellin.com\/noticias\/?p=149596"},"modified":"2024-04-08T10:02:24","modified_gmt":"2024-04-08T09:02:24","slug":"v08-472-el-gobierno-provincial-se-suma-a-la-emblematica-suelta-de-globos-que-cierra-las-actividades-en-torno-a-la-semana-de-concienciacion-sobre-el-autismo","status":"publish","type":"post","link":"https:\/\/lavozdehellin.com\/noticias\/v08-472-el-gobierno-provincial-se-suma-a-la-emblematica-suelta-de-globos-que-cierra-las-actividades-en-torno-a-la-semana-de-concienciacion-sobre-el-autismo\/","title":{"rendered":"LVH NOTICIAS | EL GOBIERNO PROVINCIAL SE SUMA A LA EMBLEM\u00c1TICA SUELTA DE GLOBOS QUE CIERRA LAS ACTIVIDADES EN TORNO A LA SEMANA DE CONCIENCIACI\u00d3N SOBRE EL AUTISMO"},"content":{"rendered":"<p style=\"text-align: justify;\">Este s\u00e1bado han continuado en Albacete las actividades organizadas en el seno de la Semana en torno al D\u00eda Mundial de Concienciaci\u00f3n del Autismo (que se conmemora cada 2 de abril), en esta ocasi\u00f3n, bajo el lema \u2018M\u00e1s cerca de lo que crees\u2019 aludiendo a ese 1% de la poblaci\u00f3n que est\u00e1 dentro del espectro autista en diferente grado.<\/p>\n<p><!--more--><br \/>\n<!--publicidad-voz01--><a href=\"https:\/\/www.facebook.com\/SoloRadioHellin\/?locale=es_ES\"><img decoding=\"async\" class=\"alignnone size-medium\" src=\"https:\/\/blogger.googleusercontent.com\/img\/b\/R29vZ2xl\/AVvXsEiNncirNnyGedv00mhjZjh5Wl4_YPdJGanoAl8tL8zH-HwqE8uHqjEfSt340RHdx-9tuCSIkZ8rFamZiGyYlgDGxCsmXjCH_1xk5eYM3ntFZRvJP_jndOKR7w1UAo9Tu0vrZyOLfqRpHIxYI5SymJJ-pfGCQw6QVpggBH-UgfjiFQ2JOxqxG0Jx94kW83c\/s1600\/logo-principal.jpg\" width=\"100%\" height=\"100\" \/><\/a><!--bestpublic-voz01--><!--desk-in-out-voz01--><br \/>\n<!--publicidad-voz02--><a href=\"https:\/\/www.hellincf.com\/\"><img decoding=\"async\" class=\"alignnone size-medium\" src=\"https:\/\/blogger.googleusercontent.com\/img\/b\/R29vZ2xl\/AVvXsEhuZ4-XfBVj3UtdP8-RZugy3WVrg-Zv28c53m4oV47qYCxL1rX_dqWX_YddsGSnpH5SRDqZ7bZeKPIfDVCDncpjVlhy3aQs2vojcJBn7Gdv9hC2_Nzct_pRFrnFE1a7KTCdY1bT_kAgnY3-iadRZrGeJf1fR2P5fu11bokx0pWjaypoy-ctwCjklldpEbA\/s1600\/logo-principal7.jpg\" width=\"100%\" height=\"100\" \/><\/a><!--bestpublic-voz02--><!--desk-in-out-voz02--><\/p>\n<p style=\"text-align: justify;\">El diputado provincial al frente del \u00c1rea Social, Jos\u00e9 Gonz\u00e1lez, y el diputado de Juventud y Deportes, Dani Sancha, han acompa\u00f1ado al presidente de la Asociaci\u00f3n Desarrollo Autismo (Inocente Jim\u00e9nez) y a todo su equipo en la lectura del manifiesto por parte de los ganadores y ganadoras del certamen literario, antesala a la emblem\u00e1tica suelta de globos azules que se ha producido desde \u2018el coraz\u00f3n\u2019 de Albacete.<\/p>\n<p style=\"text-align: justify;\">Una Plaza del Altozano que, en una ma\u00f1ana espl\u00e9ndida, ha estado especialmente llena de vida desde las 11:30, gracias al p\u00fablico que no se ha querido perder ni ese momento, ni la actuaci\u00f3n musical de \u2018Electrollanetes\u2019 ni el resto de actividades preparadas que se han unido al mercadillo y a los talleres de chapas, jabones, y abalorios que ya deleitaron a la ciudadan\u00eda el pasado martes, en ese mismo lugar.<br \/>\nReferente provincial<\/p>\n<p style=\"text-align: justify;\">La implicaci\u00f3n de Desarrollo Autismo con el conjunto de la provincia (cuenta con sedes tambi\u00e9n en Hell\u00edn, Almansa y Villarrobledo) la hace un ejemplo a seguir y una gran compa\u00f1era de camino para la Diputaci\u00f3n de Albacete, como ha insistido Gonz\u00e1lez, acompa\u00f1ando y asesorando a las personas con TEA y a sus familias, sin m\u00e1s l\u00edmites que el trabajo constante por seguir luchando contra la desinformaci\u00f3n y los prejuicios del conjunto de la sociedad con respecto al autismo y mejorando el d\u00eda a d\u00eda de quienes conviven con \u00e9l en cualquiera de sus tipolog\u00edas.<\/p>\n<p style=\"text-align: justify;\">Este a\u00f1o, a los 38.000 euros que conforman la dotaci\u00f3n del convenio suscrito con la asociaci\u00f3n por parte del Gobierno de Caba\u00f1ero se han sumado otros 10.000 extra para el acondicionamiento integral de la nueva sede de la entidad en Hell\u00edn, donde presta servicio de manera comarcalizada y pr\u00e1cticamente personalizada desde \u2018frentes\u2019 tan diversos como los de Atenci\u00f3n Terap\u00e9utica, Centros de D\u00eda, Viviendas con Apoyo, el Programa \u2018bbMiradas\u2019, el Servicio de Capacitaci\u00f3n y la actividad en el Club Deportivo Desarrollo.<\/p>\n<p style=\"text-align: justify;\">Empat\u00eda, informaci\u00f3n y proactividad: hacia la plena inclusi\u00f3n de las personas con TEA<\/p>\n<p style=\"text-align: justify;\">Como ha comentado Gonz\u00e1lez, el lema de este a\u00f1o, \u2018M\u00e1s cerca de lo que crees\u2019, recuerda que el TEA afecta a una parte significativa de la poblaci\u00f3n, siendo \u201cun llamamiento a tener m\u00e1s empat\u00eda, a manejar mejor informaci\u00f3n sobre esta realidad, a mostrar mayor proactividad en el apoyo social a la poblaci\u00f3n con TEA y sus familias; es la \u00fanica manera de seguir avanzando en el camino hacia la total igualdad y la plena inclusi\u00f3n a la que debemos aspirar\u201d.<\/p>\n<p style=\"text-align: justify;\">El diputado ha comentado que es crucial reconocer que, a pesar de la suma de esfuerzos que se viene realizando, queda mucho por hacer, especialmente en los \u00e1mbitos educativo y laboral, donde las personas con TEA enfrentan a\u00fan muchos desaf\u00edos. \u201cM\u00e1s del 80% de ellas sufren acoso escolar y m\u00e1s del 90% est\u00e1n en desempleo; y tenemos que seguir trabajando de la mano para cambiarlo, promoviendo una educaci\u00f3n inclusiva y oportunidades de empleo justas\u201d.<\/p>\n<p style=\"text-align: justify;\">Por eso, ha reflexionado, \u201c\u2018liberar\u2019 hoy estos globos azules, simboliza el compromiso colectivo de seguir trabajando con uni\u00f3n hacia el objetivo de que el TEA sea entendido, aceptado, y apoyado plenamente\u201d, reiterando a Desarrollo Autismo la total mano tendida del Gobierno de Santi Caba\u00f1ero al frente de la Diputaci\u00f3n de Albacete.<\/p>\n<p><!--publicidad-voz03--><a href=\"https:\/\/www.facebook.com\/profile.php?id=100063593791305&amp;locale=es_ES\"><img decoding=\"async\" class=\"alignnone size-medium\" src=\"https:\/\/blogger.googleusercontent.com\/img\/b\/R29vZ2xl\/AVvXsEi8_n_ll8UOcGxCqzFvb_9Io4ICczlGC990BPtPj2w9Px-u7B3oqWUW5vtjZUqPNJ-nyjiUIorE0ATsib_l5tV8BVN-UJ03RTnU__IHJF_4DgDBtY4LIqXNG-FomrO-7ywes20CBCRM2Hcm7EJSh3UUw1dO-c_uTflUrtgY1i7uBRezj_DpympmEFkfbQY\/s1600\/logo-principal2.jpg\" width=\"100%\" height=\"100\" \/><\/a><!--bestpublic-voz03--><!--desk-in-out-voz03--><br \/>\n<!--publicidad-voz04--><a href=\"https:\/\/www.facebook.com\/profile.php?id=61557370768692&amp;locale=es_ES\"><img decoding=\"async\" class=\"alignnone size-medium\" src=\"https:\/\/blogger.googleusercontent.com\/img\/b\/R29vZ2xl\/AVvXsEgy5RdcfffrnrItnYTcV9bCJjgJwldsQLWssfVfrLbyfXeBNTFKgBf0rMIvhrUaGUhiXzVr9_eQgCbi-j63ZDpfTvLIty9w7s140y-m1yHe7eKmEK7v2NAHUJDVYGdfeiQFeRCqUjdwWmN1MX_AUxxz4IVdJ4WIM0APxit8bjWkXzrnEFGqBvW_1F13H1g\/s1600\/logo-principal5.jpg\" width=\"100%\" height=\"100\" \/><\/a><!--bestpublic-voz04--><!--desk-in-out-voz04--><br \/>\n<!--publicidad-voz05--><a href=\"https:\/\/www.facebook.com\/asociaciontamborileroshellin?locale=es_ES\"><img decoding=\"async\" class=\"alignnone size-medium\" src=\"https:\/\/blogger.googleusercontent.com\/img\/b\/R29vZ2xl\/AVvXsEhHEEpZsKK1VpwiYMrS7aE2ujtqIDZoLd4B5wtbiseSU9s2HdTdQfhF84So2XwEB1fv0BLw95GADm6hUl1bkKtzh-eIgVigXONuu_5RxeIMPhjk8q6uNX4EaEHbooKkbu7pCADWPpVJjhKIH5NQSJpWqedC-YBez4QAQeJYokkLot9bhrIaUAeztsGis6M\/s1600\/logo-principal3.jpg\" width=\"100%\" height=\"100\" \/><\/a><!--bestpublic-voz05--><!--desk-in-out-voz05--><br \/>\n<!--publicidad-voz06--><!--bestpublic-voz06--><!--desk-in-out-voz06--><br \/>\n<!--publicidad-voz07--><!--bestpublic-voz07--><!--desk-in-out-voz07--><br \/>\n<!--publicidad-voz08--><!--bestpublic-voz08--><!--desk-in-out-voz08--><br \/>\n<!--publicidad-voz09--><!--bestpublic-voz09--><!--desk-in-out-voz09--><br \/>\n<!--publicidad-voz10--><!--bestpublic-voz10--><!--desk-in-out-voz10--><br \/>\n<!--publicidad-voz11--><!--bestpublic-voz11--><!--desk-in-out-voz11--><br \/>\n<!--publicidad-voz12--><!--bestpublic-voz12--><!--desk-in-out-voz12--><br \/>\n<!--publicidad-voz13--><!--bestpublic-voz13--><!--desk-in-out-voz13--><br \/>\n<!--publicidad-voz14--><!--bestpublic-voz14--><!--desk-in-out-voz14--><br \/>\n<!--publicidad-voz15--><!--bestpublic-voz15--><!--desk-in-out-voz15--><br \/>\n<!--publicidad-voz16--><!--bestpublic-voz16--><!--desk-in-out-voz16--><\/p>\n","protected":false},"excerpt":{"rendered":"<p>Este s\u00e1bado han continuado en Albacete las actividades organizadas en el seno de la Semana en torno al D\u00eda Mundial de Concienciaci\u00f3n del Autismo (que se conmemora cada 2 de&#8230;<\/p>\n","protected":false},"author":2,"featured_media":149597,"comment_status":"closed","ping_status":"closed","sticky":false,"template":"","format":"standard","meta":{"footnotes":""},"categories":[753,718,715,716,717],"tags":[],"class_list":["post-149596","post","type-post","status-publish","format-standard","has-post-thumbnail","hentry","category-blog-lv034","category-blogger","category-la-voz-de-hellin","category-la-voz-de-hellin-la-voz-de-hellin","category-noticias"],"_links":{"self":[{"href":"https:\/\/lavozdehellin.com\/noticias\/wp-json\/wp\/v2\/posts\/149596","targetHints":{"allow":["GET"]}}],"collection":[{"href":"https:\/\/lavozdehellin.com\/noticias\/wp-json\/wp\/v2\/posts"}],"about":[{"href":"https:\/\/lavozdehellin.com\/noticias\/wp-json\/wp\/v2\/types\/post"}],"author":[{"embeddable":true,"href":"https:\/\/lavozdehellin.com\/noticias\/wp-json\/wp\/v2\/users\/2"}],"replies":[{"embeddable":true,"href":"https:\/\/lavozdehellin.com\/noticias\/wp-json\/wp\/v2\/comments?post=149596"}],"version-history":[{"count":0,"href":"https:\/\/lavozdehellin.com\/noticias\/wp-json\/wp\/v2\/posts\/149596\/revisions"}],"wp:featuredmedia":[{"embeddable":true,"href":"https:\/\/lavozdehellin.com\/noticias\/wp-json\/wp\/v2\/media\/149597"}],"wp:attachment":[{"href":"https:\/\/lavozdehellin.com\/noticias\/wp-json\/wp\/v2\/media?parent=149596"}],"wp:term":[{"taxonomy":"category","embeddable":true,"href":"https:\/\/lavozdehellin.com\/noticias\/wp-json\/wp\/v2\/categories?post=149596"},{"taxonomy":"post_tag","embeddable":true,"href":"https:\/\/lavozdehellin.com\/noticias\/wp-json\/wp\/v2\/tags?post=149596"}],"curies":[{"name":"wp","href":"https:\/\/api.w.org\/{rel}","templated":true}]}}