{"id":149599,"date":"2024-04-06T13:45:03","date_gmt":"2024-04-06T12:45:03","guid":{"rendered":"https:\/\/lavozdehellin.com\/noticias\/?p=149599"},"modified":"2024-04-08T10:02:24","modified_gmt":"2024-04-08T09:02:24","slug":"v08-473-la-diputacion-de-albacete-respalda-la-apuesta-por-la-diversidad-cultural-y-el-ocio-alternativo-que-representa-albanime","status":"publish","type":"post","link":"https:\/\/lavozdehellin.com\/noticias\/v08-473-la-diputacion-de-albacete-respalda-la-apuesta-por-la-diversidad-cultural-y-el-ocio-alternativo-que-representa-albanime\/","title":{"rendered":"LVH NOTICIAS | LA DIPUTACI\u00d3N DE ALBACETE RESPALDA LA APUESTA POR LA DIVERSIDAD CULTURAL Y EL OCIO ALTERNATIVO QUE REPRESENTA ALBANIME"},"content":{"rendered":"<p style=\"text-align: justify;\">Punto de encuentro entre la pasi\u00f3n por la cultura manga, el ocio alternativo y la diversidad cultural, el Recinto de la Instituci\u00f3n Ferial de Albacete ya vibra con la 24\u00aa edici\u00f3n de Albanime, \u201ccita imprescindible para todas las edades en el calendario de ferias sectoriales de Albacete\u201d, como ha se\u00f1alado durante la inauguraci\u00f3n la diputada provincial, Ana Albadalejo.<\/p>\n<p><!--more--><br \/>\n<!--publicidad-voz01--><a href=\"https:\/\/www.facebook.com\/SoloRadioHellin\/?locale=es_ES\"><img decoding=\"async\" class=\"alignnone size-medium\" src=\"https:\/\/blogger.googleusercontent.com\/img\/b\/R29vZ2xl\/AVvXsEiNncirNnyGedv00mhjZjh5Wl4_YPdJGanoAl8tL8zH-HwqE8uHqjEfSt340RHdx-9tuCSIkZ8rFamZiGyYlgDGxCsmXjCH_1xk5eYM3ntFZRvJP_jndOKR7w1UAo9Tu0vrZyOLfqRpHIxYI5SymJJ-pfGCQw6QVpggBH-UgfjiFQ2JOxqxG0Jx94kW83c\/s1600\/logo-principal.jpg\" width=\"100%\" height=\"100\" \/><\/a><!--bestpublic-voz01--><!--desk-in-out-voz01--><br \/>\n<!--publicidad-voz02--><a href=\"https:\/\/www.hellincf.com\/\"><img decoding=\"async\" class=\"alignnone size-medium\" src=\"https:\/\/blogger.googleusercontent.com\/img\/b\/R29vZ2xl\/AVvXsEhuZ4-XfBVj3UtdP8-RZugy3WVrg-Zv28c53m4oV47qYCxL1rX_dqWX_YddsGSnpH5SRDqZ7bZeKPIfDVCDncpjVlhy3aQs2vojcJBn7Gdv9hC2_Nzct_pRFrnFE1a7KTCdY1bT_kAgnY3-iadRZrGeJf1fR2P5fu11bokx0pWjaypoy-ctwCjklldpEbA\/s1600\/logo-principal7.jpg\" width=\"100%\" height=\"100\" \/><\/a><!--bestpublic-voz02--><!--desk-in-out-voz02--><\/p>\n<p style=\"text-align: justify;\">Organizado por Nexus Outsiders y la IFAB (conformada por la Diputaci\u00f3n y el Ayuntamiento de Albacete) contando, adem\u00e1s, con el apoyo de numerosas entidades, comercios y asociaciones, Albanime ha abierto sus puertas esperando superar los m\u00e1s de diez mil visitantes que pasaron por la edici\u00f3n anterior. Algo para lo que se han afanado las m\u00e1s de 80 personas que, desde hace meses, han venido trabajando en la organizaci\u00f3n del evento, preparando una amplia gama de contenidos para todos los p\u00fablicos.<\/p>\n<p style=\"text-align: justify;\">Y es que son m\u00e1s de doscientas actividades las que conforman la programaci\u00f3n de estas dos intensas jornadas, incluyendo la presencia de reconocidos actores de doblaje, cosplayers de renombre internacional, dibujantes, artistas y divulgadores de la cultura japonesa. Unas diez zonas tem\u00e1ticas albergan ya talleres culturales y espacios dedicados a videojuegos y realidad virtual, entre otros atractivos.<\/p>\n<p style=\"text-align: justify;\">24 a\u00f1os de un evento innovador y pionero que descubri\u00f3 el fascinante mundo del manga y la cultura japonesa a la poblaci\u00f3n de toda la provincia<\/p>\n<p style=\"text-align: justify;\">Durante la apertura, Albadalejo ha resaltado el compromiso de la Diputaci\u00f3n con la promoci\u00f3n de la cultura y el ocio alternativos, destacando el trabajo del equipo de Nexus Outsiders haciendo de Albanime, a lo largo de este casi cuarto de siglo de recorrido, un evento innovador y pionero que ha descubierto el fascinante mundo del manga y la cultura japonesa a la poblaci\u00f3n provincial.<\/p>\n<p style=\"text-align: justify;\">La diputada ha enfatizado el orgullo que supone al Gobierno de Caba\u00f1ero colaborar en iniciativas que, como \u00e9sta, fomentan la diversidad cultural y proyectan una imagen moderna y plural de la provincia. Y ha destacado la importancia de la colaboraci\u00f3n entre las administraciones y el tejido asociativo para ofrecer una oferta de actividades variada, diversa y accesible a toda la poblaci\u00f3n.<\/p>\n<p style=\"text-align: justify;\">Ana Albadalejo ha animado a disfrutar de Albanime, una feria divertida y abierta que no defrauda ni deja indiferente.<\/p>\n<p style=\"text-align: justify;\">Albanime promete consolidarse como un evento inolvidable reafirmando, de cara a sus pr\u00f3ximas \u2018Bodas de plata\u2019, su posici\u00f3n como uno de los principales referentes del ocio alternativo en Espa\u00f1a.<\/p>\n<p><!--publicidad-voz03--><a href=\"https:\/\/www.facebook.com\/profile.php?id=100063593791305&amp;locale=es_ES\"><img decoding=\"async\" class=\"alignnone size-medium\" src=\"https:\/\/blogger.googleusercontent.com\/img\/b\/R29vZ2xl\/AVvXsEi8_n_ll8UOcGxCqzFvb_9Io4ICczlGC990BPtPj2w9Px-u7B3oqWUW5vtjZUqPNJ-nyjiUIorE0ATsib_l5tV8BVN-UJ03RTnU__IHJF_4DgDBtY4LIqXNG-FomrO-7ywes20CBCRM2Hcm7EJSh3UUw1dO-c_uTflUrtgY1i7uBRezj_DpympmEFkfbQY\/s1600\/logo-principal2.jpg\" width=\"100%\" height=\"100\" \/><\/a><!--bestpublic-voz03--><!--desk-in-out-voz03--><br \/>\n<!--publicidad-voz04--><a href=\"https:\/\/www.facebook.com\/profile.php?id=61557370768692&amp;locale=es_ES\"><img decoding=\"async\" class=\"alignnone size-medium\" src=\"https:\/\/blogger.googleusercontent.com\/img\/b\/R29vZ2xl\/AVvXsEgy5RdcfffrnrItnYTcV9bCJjgJwldsQLWssfVfrLbyfXeBNTFKgBf0rMIvhrUaGUhiXzVr9_eQgCbi-j63ZDpfTvLIty9w7s140y-m1yHe7eKmEK7v2NAHUJDVYGdfeiQFeRCqUjdwWmN1MX_AUxxz4IVdJ4WIM0APxit8bjWkXzrnEFGqBvW_1F13H1g\/s1600\/logo-principal5.jpg\" width=\"100%\" height=\"100\" \/><\/a><!--bestpublic-voz04--><!--desk-in-out-voz04--><br \/>\n<!--publicidad-voz05--><a href=\"https:\/\/www.facebook.com\/asociaciontamborileroshellin?locale=es_ES\"><img decoding=\"async\" class=\"alignnone size-medium\" src=\"https:\/\/blogger.googleusercontent.com\/img\/b\/R29vZ2xl\/AVvXsEhHEEpZsKK1VpwiYMrS7aE2ujtqIDZoLd4B5wtbiseSU9s2HdTdQfhF84So2XwEB1fv0BLw95GADm6hUl1bkKtzh-eIgVigXONuu_5RxeIMPhjk8q6uNX4EaEHbooKkbu7pCADWPpVJjhKIH5NQSJpWqedC-YBez4QAQeJYokkLot9bhrIaUAeztsGis6M\/s1600\/logo-principal3.jpg\" width=\"100%\" height=\"100\" \/><\/a><!--bestpublic-voz05--><!--desk-in-out-voz05--><br \/>\n<!--publicidad-voz06--><!--bestpublic-voz06--><!--desk-in-out-voz06--><br \/>\n<!--publicidad-voz07--><!--bestpublic-voz07--><!--desk-in-out-voz07--><br \/>\n<!--publicidad-voz08--><!--bestpublic-voz08--><!--desk-in-out-voz08--><br \/>\n<!--publicidad-voz09--><!--bestpublic-voz09--><!--desk-in-out-voz09--><br \/>\n<!--publicidad-voz10--><!--bestpublic-voz10--><!--desk-in-out-voz10--><br \/>\n<!--publicidad-voz11--><!--bestpublic-voz11--><!--desk-in-out-voz11--><br \/>\n<!--publicidad-voz12--><!--bestpublic-voz12--><!--desk-in-out-voz12--><br \/>\n<!--publicidad-voz13--><!--bestpublic-voz13--><!--desk-in-out-voz13--><br \/>\n<!--publicidad-voz14--><!--bestpublic-voz14--><!--desk-in-out-voz14--><br \/>\n<!--publicidad-voz15--><!--bestpublic-voz15--><!--desk-in-out-voz15--><br \/>\n<!--publicidad-voz16--><!--bestpublic-voz16--><!--desk-in-out-voz16--><\/p>\n","protected":false},"excerpt":{"rendered":"<p>Punto de encuentro entre la pasi\u00f3n por la cultura manga, el ocio alternativo y la diversidad cultural, el Recinto de la Instituci\u00f3n Ferial de Albacete ya vibra con la 24\u00aa&#8230;<\/p>\n","protected":false},"author":2,"featured_media":149600,"comment_status":"closed","ping_status":"closed","sticky":false,"template":"","format":"standard","meta":{"footnotes":""},"categories":[753,718,715,716,717],"tags":[],"class_list":["post-149599","post","type-post","status-publish","format-standard","has-post-thumbnail","hentry","category-blog-lv034","category-blogger","category-la-voz-de-hellin","category-la-voz-de-hellin-la-voz-de-hellin","category-noticias"],"_links":{"self":[{"href":"https:\/\/lavozdehellin.com\/noticias\/wp-json\/wp\/v2\/posts\/149599","targetHints":{"allow":["GET"]}}],"collection":[{"href":"https:\/\/lavozdehellin.com\/noticias\/wp-json\/wp\/v2\/posts"}],"about":[{"href":"https:\/\/lavozdehellin.com\/noticias\/wp-json\/wp\/v2\/types\/post"}],"author":[{"embeddable":true,"href":"https:\/\/lavozdehellin.com\/noticias\/wp-json\/wp\/v2\/users\/2"}],"replies":[{"embeddable":true,"href":"https:\/\/lavozdehellin.com\/noticias\/wp-json\/wp\/v2\/comments?post=149599"}],"version-history":[{"count":0,"href":"https:\/\/lavozdehellin.com\/noticias\/wp-json\/wp\/v2\/posts\/149599\/revisions"}],"wp:featuredmedia":[{"embeddable":true,"href":"https:\/\/lavozdehellin.com\/noticias\/wp-json\/wp\/v2\/media\/149600"}],"wp:attachment":[{"href":"https:\/\/lavozdehellin.com\/noticias\/wp-json\/wp\/v2\/media?parent=149599"}],"wp:term":[{"taxonomy":"category","embeddable":true,"href":"https:\/\/lavozdehellin.com\/noticias\/wp-json\/wp\/v2\/categories?post=149599"},{"taxonomy":"post_tag","embeddable":true,"href":"https:\/\/lavozdehellin.com\/noticias\/wp-json\/wp\/v2\/tags?post=149599"}],"curies":[{"name":"wp","href":"https:\/\/api.w.org\/{rel}","templated":true}]}}