{"id":149602,"date":"2024-04-07T10:40:50","date_gmt":"2024-04-07T09:40:50","guid":{"rendered":"https:\/\/lavozdehellin.com\/noticias\/?p=149602"},"modified":"2024-04-08T10:02:24","modified_gmt":"2024-04-08T09:02:24","slug":"v08-474-la-primera-resolucion-del-dipualba-responde-inversiones-2024-destinara-cerca-de-200-000-euros-a-nueve-actuaciones-de-mejora-en-siete-localidades-de-la-provincia-de-albacete","status":"publish","type":"post","link":"https:\/\/lavozdehellin.com\/noticias\/v08-474-la-primera-resolucion-del-dipualba-responde-inversiones-2024-destinara-cerca-de-200-000-euros-a-nueve-actuaciones-de-mejora-en-siete-localidades-de-la-provincia-de-albacete\/","title":{"rendered":"LVH NOTICIAS | LA PRIMERA RESOLUCI\u00d3N DEL \u2018DIPUALBA RESPONDE-INVERSIONES\u2019 2024 DESTINAR\u00c1 CERCA DE 200.000 EUROS A NUEVE ACTUACIONES DE MEJORA EN SIETE LOCALIDADES DE LA PROVINCIA DE ALBACETE"},"content":{"rendered":"<p style=\"text-align: justify;\">Apenas dos semanas despu\u00e9s de la apertura del plazo de presentaci\u00f3n de solicitudes para la edici\u00f3n correspondiente a 2024 del programa \u2018Dipualba Responde-Inversiones\u2019, es inminente la publicaci\u00f3n de la primera de las resoluciones con las que, mensualmente, el Gobierno de la Diputaci\u00f3n de Albacete se ha comprometido a ir dando una respuesta \u00e1gil a las peticiones que ayuntamientos y Entidades Locales Menores con una poblaci\u00f3n inferior a 20.000 habitantes presenten a estas Ayudas, a su disposici\u00f3n hasta el 30 de septiembre.<\/p>\n<p><!--more--><br \/>\n<!--publicidad-voz01--><a href=\"https:\/\/www.facebook.com\/SoloRadioHellin\/?locale=es_ES\"><img decoding=\"async\" class=\"alignnone size-medium\" src=\"https:\/\/blogger.googleusercontent.com\/img\/b\/R29vZ2xl\/AVvXsEiNncirNnyGedv00mhjZjh5Wl4_YPdJGanoAl8tL8zH-HwqE8uHqjEfSt340RHdx-9tuCSIkZ8rFamZiGyYlgDGxCsmXjCH_1xk5eYM3ntFZRvJP_jndOKR7w1UAo9Tu0vrZyOLfqRpHIxYI5SymJJ-pfGCQw6QVpggBH-UgfjiFQ2JOxqxG0Jx94kW83c\/s1600\/logo-principal.jpg\" width=\"100%\" height=\"100\" \/><\/a><!--bestpublic-voz01--><!--desk-in-out-voz01--><br \/>\n<!--publicidad-voz02--><a href=\"https:\/\/www.hellincf.com\/\"><img decoding=\"async\" class=\"alignnone size-medium\" src=\"https:\/\/blogger.googleusercontent.com\/img\/b\/R29vZ2xl\/AVvXsEhuZ4-XfBVj3UtdP8-RZugy3WVrg-Zv28c53m4oV47qYCxL1rX_dqWX_YddsGSnpH5SRDqZ7bZeKPIfDVCDncpjVlhy3aQs2vojcJBn7Gdv9hC2_Nzct_pRFrnFE1a7KTCdY1bT_kAgnY3-iadRZrGeJf1fR2P5fu11bokx0pWjaypoy-ctwCjklldpEbA\/s1600\/logo-principal7.jpg\" width=\"100%\" height=\"100\" \/><\/a><!--bestpublic-voz02--><!--desk-in-out-voz02--><\/p>\n<p style=\"text-align: justify;\">En esta primera remesa, se ha propuesto la concesi\u00f3n de subvenciones a siete ayuntamientos para desarrollar un nueve actuaciones. En concreto son los de Letur, Munera, Jorquera, Paterna del Madera, Pe\u00f1as de San Pedro, Alcadozo y Viveros.<\/p>\n<p style=\"text-align: justify;\">Entre las solicitudes aprobadas hay proyectos como la renovaci\u00f3n de parques infantiles, pavimentaci\u00f3n de pistas y las mejoras en instalaciones municipales. Los importes var\u00edan entre los 5.000 euros y los 40.000 euros, sumando 194.000 euros el total de las propuestas seleccionadas.<\/p>\n<p style=\"text-align: justify;\">Detalle de las primera solicitudes valoradas<\/p>\n<p style=\"text-align: justify;\">En la localidad de Letur el Gobierno de Santi Caba\u00f1ero va a invertir 24.380 euros en obras y adquisici\u00f3n de equipamiento para diversas instalaciones municipales; en Munera, de una parte, se van a destinar unos 11.730 euros a la cubierta y cerramiento lateral de un pabell\u00f3n de nichos en el cementerio y, de otra parte, algo m\u00e1s de 1.380 euros ir\u00e1n a parar a la pavimientaci\u00f3n de la zona exterior de la pista de p\u00e1del.<\/p>\n<p style=\"text-align: justify;\">Por su parte, el ayuntamiento de Jorquera destinar\u00e1 unos 5.000 euros procedentes de las arcas provinciales a la renovaci\u00f3n total del parque infantil del front\u00f3n. En Paterna del Madera, el Gobierno Municipal ha decidido dirigir 40.000 euros procedentes de la Diputaci\u00f3n a mejorar las instalaciones del colegio y de la pista polideportiva.<\/p>\n<p style=\"text-align: justify;\">El consistorio de Pe\u00f1as de San Pedro destinar\u00e1 34.500 euros a renovar el acerado y la pavimentaci\u00f3n de la calle San Pedro de Abajo, y otros cerca de 8.000 euros a mejorar el acerado y la pavimentaci\u00f3n del Callej\u00f3n de Oliver. En Alcadozo, el Equipo de Gobierno ha decidido destinar algo m\u00e1s de 32.600 euros a acondicionar y renovar la Plaza Mayor. Y, por \u00faltimo, en Viveros han optado por invertir 27.000 euros del presupuesto provincial en una pista de p\u00e1del.<\/p>\n<p style=\"text-align: justify;\">M\u00e1s fondos, m\u00e1s flexibilidad, m\u00e1s facilidades y m\u00e1s autonom\u00eda municipal<\/p>\n<p style=\"text-align: justify;\">Como parte del trabajo de comunicaci\u00f3n constante y directa con las Entidades Locales que sigue el Equipo del presidente Caba\u00f1ero, de nuevo han sido varias las opciones puestas a disposici\u00f3n de los ayuntamientos para repartir y orientar los fondos que la Diputaci\u00f3n ha designado para ellos.<\/p>\n<p style=\"text-align: justify;\">As\u00ed, adem\u00e1s de poder sumar la cantidad del Plan de Obras y Servicios (POS) al \u2018Dipualba Responde-Inversiones\u2019, este 2024 los Gobiernos Municipales han podido optar a a\u00f1adir tambi\u00e9n la cifra de la l\u00ednea \u2018Dipualba Responde-Gasto Corriente\u2019 facilitando incluso que, quien lo deseara, pudiera destinar todo el dinero a este \u00faltimo fin (y poder pagar n\u00f3minas, facturas de suministros, etc.).<\/p>\n<p style=\"text-align: justify;\">Finalmente, cerca del 60% de los municipios han elegido acumular sus cantidades del POS en favor del \u2018Dipualba Responde-Inversiones\u2019 que, por tanto, se afianza como programa referente contemplando cantidades que van de los 40.000 a los 123.800 euros (en funci\u00f3n, tanto del volumen de poblaci\u00f3n de cada localidad como del destino que su ayuntamiento haya decidido hacer del presupuesto asignado por la Diputaci\u00f3n).<\/p>\n<p style=\"text-align: justify;\">M\u00e1s fondos, m\u00e1s flexibilidad, m\u00e1s facilidades y m\u00e1s autonom\u00eda municipal en la cuarta edici\u00f3n de un programa exitoso que, adem\u00e1s de mejorar las prestaciones y servicios de las localidades, contribuye de forma directa a generar actividad y empleo en peque\u00f1as y medianas empresas, fundamentalmente ligadas al \u00e1mbito de la construcci\u00f3n, radicadas en los distintos pueblos.<\/p>\n<p><!--publicidad-voz03--><a href=\"https:\/\/www.facebook.com\/profile.php?id=100063593791305&amp;locale=es_ES\"><img decoding=\"async\" class=\"alignnone size-medium\" src=\"https:\/\/blogger.googleusercontent.com\/img\/b\/R29vZ2xl\/AVvXsEi8_n_ll8UOcGxCqzFvb_9Io4ICczlGC990BPtPj2w9Px-u7B3oqWUW5vtjZUqPNJ-nyjiUIorE0ATsib_l5tV8BVN-UJ03RTnU__IHJF_4DgDBtY4LIqXNG-FomrO-7ywes20CBCRM2Hcm7EJSh3UUw1dO-c_uTflUrtgY1i7uBRezj_DpympmEFkfbQY\/s1600\/logo-principal2.jpg\" width=\"100%\" height=\"100\" \/><\/a><!--bestpublic-voz03--><!--desk-in-out-voz03--><br \/>\n<!--publicidad-voz04--><a href=\"https:\/\/www.facebook.com\/profile.php?id=61557370768692&amp;locale=es_ES\"><img decoding=\"async\" class=\"alignnone size-medium\" src=\"https:\/\/blogger.googleusercontent.com\/img\/b\/R29vZ2xl\/AVvXsEgy5RdcfffrnrItnYTcV9bCJjgJwldsQLWssfVfrLbyfXeBNTFKgBf0rMIvhrUaGUhiXzVr9_eQgCbi-j63ZDpfTvLIty9w7s140y-m1yHe7eKmEK7v2NAHUJDVYGdfeiQFeRCqUjdwWmN1MX_AUxxz4IVdJ4WIM0APxit8bjWkXzrnEFGqBvW_1F13H1g\/s1600\/logo-principal5.jpg\" width=\"100%\" height=\"100\" \/><\/a><!--bestpublic-voz04--><!--desk-in-out-voz04--><br \/>\n<!--publicidad-voz05--><a href=\"https:\/\/www.facebook.com\/asociaciontamborileroshellin?locale=es_ES\"><img decoding=\"async\" class=\"alignnone size-medium\" src=\"https:\/\/blogger.googleusercontent.com\/img\/b\/R29vZ2xl\/AVvXsEhHEEpZsKK1VpwiYMrS7aE2ujtqIDZoLd4B5wtbiseSU9s2HdTdQfhF84So2XwEB1fv0BLw95GADm6hUl1bkKtzh-eIgVigXONuu_5RxeIMPhjk8q6uNX4EaEHbooKkbu7pCADWPpVJjhKIH5NQSJpWqedC-YBez4QAQeJYokkLot9bhrIaUAeztsGis6M\/s1600\/logo-principal3.jpg\" width=\"100%\" height=\"100\" \/><\/a><!--bestpublic-voz05--><!--desk-in-out-voz05--><br \/>\n<!--publicidad-voz06--><!--bestpublic-voz06--><!--desk-in-out-voz06--><br \/>\n<!--publicidad-voz07--><!--bestpublic-voz07--><!--desk-in-out-voz07--><br \/>\n<!--publicidad-voz08--><!--bestpublic-voz08--><!--desk-in-out-voz08--><br \/>\n<!--publicidad-voz09--><!--bestpublic-voz09--><!--desk-in-out-voz09--><br \/>\n<!--publicidad-voz10--><!--bestpublic-voz10--><!--desk-in-out-voz10--><br \/>\n<!--publicidad-voz11--><!--bestpublic-voz11--><!--desk-in-out-voz11--><br \/>\n<!--publicidad-voz12--><!--bestpublic-voz12--><!--desk-in-out-voz12--><br \/>\n<!--publicidad-voz13--><!--bestpublic-voz13--><!--desk-in-out-voz13--><br \/>\n<!--publicidad-voz14--><!--bestpublic-voz14--><!--desk-in-out-voz14--><br \/>\n<!--publicidad-voz15--><!--bestpublic-voz15--><!--desk-in-out-voz15--><br \/>\n<!--publicidad-voz16--><!--bestpublic-voz16--><!--desk-in-out-voz16--><\/p>\n","protected":false},"excerpt":{"rendered":"<p>Apenas dos semanas despu\u00e9s de la apertura del plazo de presentaci\u00f3n de solicitudes para la edici\u00f3n correspondiente a 2024 del programa \u2018Dipualba Responde-Inversiones\u2019, es inminente la publicaci\u00f3n de la primera&#8230;<\/p>\n","protected":false},"author":2,"featured_media":149603,"comment_status":"closed","ping_status":"closed","sticky":false,"template":"","format":"standard","meta":{"footnotes":""},"categories":[753,718,715,716,717],"tags":[],"class_list":["post-149602","post","type-post","status-publish","format-standard","has-post-thumbnail","hentry","category-blog-lv034","category-blogger","category-la-voz-de-hellin","category-la-voz-de-hellin-la-voz-de-hellin","category-noticias"],"_links":{"self":[{"href":"https:\/\/lavozdehellin.com\/noticias\/wp-json\/wp\/v2\/posts\/149602","targetHints":{"allow":["GET"]}}],"collection":[{"href":"https:\/\/lavozdehellin.com\/noticias\/wp-json\/wp\/v2\/posts"}],"about":[{"href":"https:\/\/lavozdehellin.com\/noticias\/wp-json\/wp\/v2\/types\/post"}],"author":[{"embeddable":true,"href":"https:\/\/lavozdehellin.com\/noticias\/wp-json\/wp\/v2\/users\/2"}],"replies":[{"embeddable":true,"href":"https:\/\/lavozdehellin.com\/noticias\/wp-json\/wp\/v2\/comments?post=149602"}],"version-history":[{"count":0,"href":"https:\/\/lavozdehellin.com\/noticias\/wp-json\/wp\/v2\/posts\/149602\/revisions"}],"wp:featuredmedia":[{"embeddable":true,"href":"https:\/\/lavozdehellin.com\/noticias\/wp-json\/wp\/v2\/media\/149603"}],"wp:attachment":[{"href":"https:\/\/lavozdehellin.com\/noticias\/wp-json\/wp\/v2\/media?parent=149602"}],"wp:term":[{"taxonomy":"category","embeddable":true,"href":"https:\/\/lavozdehellin.com\/noticias\/wp-json\/wp\/v2\/categories?post=149602"},{"taxonomy":"post_tag","embeddable":true,"href":"https:\/\/lavozdehellin.com\/noticias\/wp-json\/wp\/v2\/tags?post=149602"}],"curies":[{"name":"wp","href":"https:\/\/api.w.org\/{rel}","templated":true}]}}