{"id":149680,"date":"2024-04-08T10:08:31","date_gmt":"2024-04-08T09:08:31","guid":{"rendered":"https:\/\/lavozdehellin.com\/noticias\/?p=149680"},"modified":"2024-04-09T11:17:41","modified_gmt":"2024-04-09T10:17:41","slug":"v08-475-jose-gonzalez-acompana-a-la-comunidad-educativa-del-colegio-el-ave-maria-de-albacete-en-su-celebracion-del-dia-internacional-del-pueblo-gitano","status":"publish","type":"post","link":"https:\/\/lavozdehellin.com\/noticias\/v08-475-jose-gonzalez-acompana-a-la-comunidad-educativa-del-colegio-el-ave-maria-de-albacete-en-su-celebracion-del-dia-internacional-del-pueblo-gitano\/","title":{"rendered":"LVH NOTICIAS | JOS\u00c9 GONZ\u00c1LEZ ACOMPA\u00d1A A LA COMUNIDAD EDUCATIVA DEL COLEGIO \u2018EL AVE MAR\u00cdA\u2019 DE ALBACETE EN SU CELEBRACI\u00d3N DEL D\u00cdA INTERNACIONAL DEL PUEBLO GITANO"},"content":{"rendered":"<p style=\"text-align: justify;\">El diputado responsable del \u00c1rea Social en la Diputaci\u00f3n de Albacete, Jos\u00e9 Gonz\u00e1lez, ha participado en la lectura del manifiesto con el que el alumnado del Colegio \u2018El Ave Mar\u00eda\u2019 de Albacete ha abierto este D\u00eda Internacional del Pueblo Gitano.<\/p>\n<p><!--more--><br \/>\n<!--publicidad-voz01--><a href=\"https:\/\/www.facebook.com\/SoloRadioHellin\/?locale=es_ES\"><img decoding=\"async\" class=\"alignnone size-medium\" src=\"https:\/\/blogger.googleusercontent.com\/img\/b\/R29vZ2xl\/AVvXsEiNncirNnyGedv00mhjZjh5Wl4_YPdJGanoAl8tL8zH-HwqE8uHqjEfSt340RHdx-9tuCSIkZ8rFamZiGyYlgDGxCsmXjCH_1xk5eYM3ntFZRvJP_jndOKR7w1UAo9Tu0vrZyOLfqRpHIxYI5SymJJ-pfGCQw6QVpggBH-UgfjiFQ2JOxqxG0Jx94kW83c\/s1600\/logo-principal.jpg\" width=\"100%\" height=\"100\" \/><\/a><!--bestpublic-voz01--><!--desk-in-out-voz01--><br \/>\n<!--publicidad-voz02--><a href=\"https:\/\/www.hellincf.com\/\"><img decoding=\"async\" class=\"alignnone size-medium\" src=\"https:\/\/blogger.googleusercontent.com\/img\/b\/R29vZ2xl\/AVvXsEhuZ4-XfBVj3UtdP8-RZugy3WVrg-Zv28c53m4oV47qYCxL1rX_dqWX_YddsGSnpH5SRDqZ7bZeKPIfDVCDncpjVlhy3aQs2vojcJBn7Gdv9hC2_Nzct_pRFrnFE1a7KTCdY1bT_kAgnY3-iadRZrGeJf1fR2P5fu11bokx0pWjaypoy-ctwCjklldpEbA\/s1600\/logo-principal7.jpg\" width=\"100%\" height=\"100\" \/><\/a><!--bestpublic-voz02--><!--desk-in-out-voz02--><\/p>\n<p style=\"text-align: justify;\">Junto a la directora, Eustaquia Molina; al director pedag\u00f3gico del centro, Miguel Mart\u00ednez; y a las alumnas y alumnos presentes, Gonz\u00e1lez ha sido testigo de una nueva muestra del compromiso con la inclusi\u00f3n que, muy especialmente, encarna esta Comunidad Educativa, agradeci\u00e9ndoles nuevamente ese \u201ctrabajo diario implicado al cien por cien en la m\u00e1s aut\u00e9ntica igualdad de oportunidades\u201d.<\/p>\n<p style=\"text-align: justify;\">No en vano, este centro educativo, que lleva casi ochenta a\u00f1os formando a ni\u00f1os y ni\u00f1as de los barrios de La Estrella y La Milagrosa en la capital, donde alberga alrededor de 300 estudiantes de Educaci\u00f3n Infantil, Primaria y Secundaria que, en un gran n\u00famero de casos, proceden de n\u00facleos familiares en exclusi\u00f3n social.<\/p>\n<p style=\"text-align: justify;\">Adem\u00e1s de para realizar una sencilla pero muy sincera lectura del manifiesto, el acto ha servido para otorgar dos premios muy especiales, al gitano y a la gitana del a\u00f1o. Este reconocimiento suele dedicarse a padres y madres que est\u00e1n comprometidos con la labor educativa que realiza el centro. En esta ocasi\u00f3n, han reca\u00eddo en Pedro Fern\u00e1ndez Ferrer y en Noem\u00ed Fern\u00e1ndez Ortiz.<\/p>\n<p style=\"text-align: justify;\">Muy agradecido por esta invitaci\u00f3n para acudir al colegio, especialmente en un d\u00eda tan especial en su seno como \u00e9ste, Jos\u00e9 Gonz\u00e1lez ha reiterado su felicitaci\u00f3n a todas las personas que, implic\u00e1ndose desde cualquiera de las facetas, llenan de vida y de actividad este centro. El diputado ha aplaudido esa constante labor que hace de la Educaci\u00f3n el mejor instrumento de cohesi\u00f3n y de transformaci\u00f3n social, siendo determinante para introducir cambios positivos en todas esas familias que viven en situaciones de exclusi\u00f3n o vulnerabilidad.<\/p>\n<p><!--publicidad-voz03--><a href=\"https:\/\/www.facebook.com\/profile.php?id=100063593791305&amp;locale=es_ES\"><img decoding=\"async\" class=\"alignnone size-medium\" src=\"https:\/\/blogger.googleusercontent.com\/img\/b\/R29vZ2xl\/AVvXsEi8_n_ll8UOcGxCqzFvb_9Io4ICczlGC990BPtPj2w9Px-u7B3oqWUW5vtjZUqPNJ-nyjiUIorE0ATsib_l5tV8BVN-UJ03RTnU__IHJF_4DgDBtY4LIqXNG-FomrO-7ywes20CBCRM2Hcm7EJSh3UUw1dO-c_uTflUrtgY1i7uBRezj_DpympmEFkfbQY\/s1600\/logo-principal2.jpg\" width=\"100%\" height=\"100\" \/><\/a><!--bestpublic-voz03--><!--desk-in-out-voz03--><br \/>\n<!--publicidad-voz04--><a href=\"https:\/\/www.facebook.com\/profile.php?id=61557370768692&amp;locale=es_ES\"><img decoding=\"async\" class=\"alignnone size-medium\" src=\"https:\/\/blogger.googleusercontent.com\/img\/b\/R29vZ2xl\/AVvXsEgy5RdcfffrnrItnYTcV9bCJjgJwldsQLWssfVfrLbyfXeBNTFKgBf0rMIvhrUaGUhiXzVr9_eQgCbi-j63ZDpfTvLIty9w7s140y-m1yHe7eKmEK7v2NAHUJDVYGdfeiQFeRCqUjdwWmN1MX_AUxxz4IVdJ4WIM0APxit8bjWkXzrnEFGqBvW_1F13H1g\/s1600\/logo-principal5.jpg\" width=\"100%\" height=\"100\" \/><\/a><!--bestpublic-voz04--><!--desk-in-out-voz04--><br \/>\n<!--publicidad-voz05--><a href=\"https:\/\/www.facebook.com\/asociaciontamborileroshellin?locale=es_ES\"><img decoding=\"async\" class=\"alignnone size-medium\" src=\"https:\/\/blogger.googleusercontent.com\/img\/b\/R29vZ2xl\/AVvXsEhHEEpZsKK1VpwiYMrS7aE2ujtqIDZoLd4B5wtbiseSU9s2HdTdQfhF84So2XwEB1fv0BLw95GADm6hUl1bkKtzh-eIgVigXONuu_5RxeIMPhjk8q6uNX4EaEHbooKkbu7pCADWPpVJjhKIH5NQSJpWqedC-YBez4QAQeJYokkLot9bhrIaUAeztsGis6M\/s1600\/logo-principal3.jpg\" width=\"100%\" height=\"100\" \/><\/a><!--bestpublic-voz05--><!--desk-in-out-voz05--><br \/>\n<!--publicidad-voz06--><!--bestpublic-voz06--><!--desk-in-out-voz06--><br \/>\n<!--publicidad-voz07--><!--bestpublic-voz07--><!--desk-in-out-voz07--><br \/>\n<!--publicidad-voz08--><!--bestpublic-voz08--><!--desk-in-out-voz08--><br \/>\n<!--publicidad-voz09--><!--bestpublic-voz09--><!--desk-in-out-voz09--><br \/>\n<!--publicidad-voz10--><!--bestpublic-voz10--><!--desk-in-out-voz10--><br \/>\n<!--publicidad-voz11--><!--bestpublic-voz11--><!--desk-in-out-voz11--><br \/>\n<!--publicidad-voz12--><!--bestpublic-voz12--><!--desk-in-out-voz12--><br \/>\n<!--publicidad-voz13--><!--bestpublic-voz13--><!--desk-in-out-voz13--><br \/>\n<!--publicidad-voz14--><!--bestpublic-voz14--><!--desk-in-out-voz14--><br \/>\n<!--publicidad-voz15--><!--bestpublic-voz15--><!--desk-in-out-voz15--><br \/>\n<!--publicidad-voz16--><!--bestpublic-voz16--><!--desk-in-out-voz16--><\/p>\n","protected":false},"excerpt":{"rendered":"<p>El diputado responsable del \u00c1rea Social en la Diputaci\u00f3n de Albacete, Jos\u00e9 Gonz\u00e1lez, ha participado en la lectura del manifiesto con el que el alumnado del Colegio \u2018El Ave Mar\u00eda\u2019&#8230;<\/p>\n","protected":false},"author":2,"featured_media":149681,"comment_status":"closed","ping_status":"closed","sticky":false,"template":"","format":"standard","meta":{"footnotes":""},"categories":[753,718,715,716,717],"tags":[],"class_list":["post-149680","post","type-post","status-publish","format-standard","has-post-thumbnail","hentry","category-blog-lv034","category-blogger","category-la-voz-de-hellin","category-la-voz-de-hellin-la-voz-de-hellin","category-noticias"],"_links":{"self":[{"href":"https:\/\/lavozdehellin.com\/noticias\/wp-json\/wp\/v2\/posts\/149680","targetHints":{"allow":["GET"]}}],"collection":[{"href":"https:\/\/lavozdehellin.com\/noticias\/wp-json\/wp\/v2\/posts"}],"about":[{"href":"https:\/\/lavozdehellin.com\/noticias\/wp-json\/wp\/v2\/types\/post"}],"author":[{"embeddable":true,"href":"https:\/\/lavozdehellin.com\/noticias\/wp-json\/wp\/v2\/users\/2"}],"replies":[{"embeddable":true,"href":"https:\/\/lavozdehellin.com\/noticias\/wp-json\/wp\/v2\/comments?post=149680"}],"version-history":[{"count":0,"href":"https:\/\/lavozdehellin.com\/noticias\/wp-json\/wp\/v2\/posts\/149680\/revisions"}],"wp:featuredmedia":[{"embeddable":true,"href":"https:\/\/lavozdehellin.com\/noticias\/wp-json\/wp\/v2\/media\/149681"}],"wp:attachment":[{"href":"https:\/\/lavozdehellin.com\/noticias\/wp-json\/wp\/v2\/media?parent=149680"}],"wp:term":[{"taxonomy":"category","embeddable":true,"href":"https:\/\/lavozdehellin.com\/noticias\/wp-json\/wp\/v2\/categories?post=149680"},{"taxonomy":"post_tag","embeddable":true,"href":"https:\/\/lavozdehellin.com\/noticias\/wp-json\/wp\/v2\/tags?post=149680"}],"curies":[{"name":"wp","href":"https:\/\/api.w.org\/{rel}","templated":true}]}}