{"id":149683,"date":"2024-04-08T12:42:16","date_gmt":"2024-04-08T11:42:16","guid":{"rendered":"https:\/\/lavozdehellin.com\/noticias\/?p=149683"},"modified":"2024-04-09T11:17:40","modified_gmt":"2024-04-09T10:17:40","slug":"v08-476-el-gobierno-provincial-se-suma-al-acto-municipal-organizado-en-albacete-para-celebrar-el-dia-internacional-del-pueblo-gitano","status":"publish","type":"post","link":"https:\/\/lavozdehellin.com\/noticias\/v08-476-el-gobierno-provincial-se-suma-al-acto-municipal-organizado-en-albacete-para-celebrar-el-dia-internacional-del-pueblo-gitano\/","title":{"rendered":"LVH NOTICIAS | EL GOBIERNO PROVINCIAL SE SUMA AL ACTO MUNICIPAL ORGANIZADO EN ALBACETE PARA CELEBRAR EL D\u00cdA INTERNACIONAL DEL PUEBLO GITANO"},"content":{"rendered":"<p style=\"text-align: justify;\">En el marco de las celebraciones por el D\u00eda Internacional del Pueblo Gitano, la Diputaci\u00f3n de Albacete, representada por el diputado responsable del \u00c1rea Social, Jos\u00e9 Gonz\u00e1lez, ha participado en el acto municipal organizado por la Fundaci\u00f3n Secretariado Gitano en el Ayuntamiento de la capital.<\/p>\n<p><!--more--><br \/>\n<!--publicidad-voz01--><a href=\"https:\/\/www.facebook.com\/SoloRadioHellin\/?locale=es_ES\"><img decoding=\"async\" class=\"alignnone size-medium\" src=\"https:\/\/blogger.googleusercontent.com\/img\/b\/R29vZ2xl\/AVvXsEiNncirNnyGedv00mhjZjh5Wl4_YPdJGanoAl8tL8zH-HwqE8uHqjEfSt340RHdx-9tuCSIkZ8rFamZiGyYlgDGxCsmXjCH_1xk5eYM3ntFZRvJP_jndOKR7w1UAo9Tu0vrZyOLfqRpHIxYI5SymJJ-pfGCQw6QVpggBH-UgfjiFQ2JOxqxG0Jx94kW83c\/s1600\/logo-principal.jpg\" width=\"100%\" height=\"100\" \/><\/a><!--bestpublic-voz01--><!--desk-in-out-voz01--><br \/>\n<!--publicidad-voz02--><a href=\"https:\/\/www.hellincf.com\/\"><img decoding=\"async\" class=\"alignnone size-medium\" src=\"https:\/\/blogger.googleusercontent.com\/img\/b\/R29vZ2xl\/AVvXsEhuZ4-XfBVj3UtdP8-RZugy3WVrg-Zv28c53m4oV47qYCxL1rX_dqWX_YddsGSnpH5SRDqZ7bZeKPIfDVCDncpjVlhy3aQs2vojcJBn7Gdv9hC2_Nzct_pRFrnFE1a7KTCdY1bT_kAgnY3-iadRZrGeJf1fR2P5fu11bokx0pWjaypoy-ctwCjklldpEbA\/s1600\/logo-principal7.jpg\" width=\"100%\" height=\"100\" \/><\/a><!--bestpublic-voz02--><!--desk-in-out-voz02--><\/p>\n<p style=\"text-align: justify;\">Durante el evento, los y las asistentes han disfrutado de la actuaci\u00f3n de la Banda Sinf\u00f3nica Municipal de Albacete, que ha interpretado el \u2018Gelem Gelem\u2019 (Himno Internacional Gitano), y han tenido la oportunidad de escuchar a Encarnaci\u00f3n Ballesteros y Aquilino de la Rosa, coordinadores provinciales de la Fundaci\u00f3n, as\u00ed como a distintos protagonistas del colectivo que han tomado la palabra subrayando la importancia de impulsar la participaci\u00f3n activa de la comunidad gitana, compartiendo detalles en torno a la campa\u00f1a de difusi\u00f3n de este a\u00f1o, \u2018Con\u00f3cenos\u2019, dirigida a dar a conocer figuras gitanas referentes de todos los \u00e1mbitos de la sociedad.<\/p>\n<p style=\"text-align: justify;\">El diputado Jos\u00e9 Gonz\u00e1lez ha aprovechado el encuentro para reiterar su felicitaci\u00f3n a los y las protagonistas de la Fundaci\u00f3n Secretariado Gitano por su constante labor en favor de la comunidad gitana, destacando su compromiso con la promoci\u00f3n de la igualdad de oportunidades y su lucha para superar las barreras que impiden el pleno desarrollo de este colectivo.<\/p>\n<p style=\"text-align: justify;\">As\u00ed, ha ahondado en que el trabajo que lleva a cabo esta entidad, especialmente en materia de formaci\u00f3n y empleo, es esencial para avanzar hacia una sociedad m\u00e1s inclusiva, donde todos y todas tengan las mismas oportunidades de progreso personal y profesional, en l\u00ednea con los valores que gu\u00edan la gesti\u00f3n del Gobierno Provincial liderado por Santiago Caba\u00f1ero desde un pleno compromiso con el avance en bienestar y dignidad de todas las personas.<\/p>\n<p style=\"text-align: justify;\">En este sentido, Gonz\u00e1lez ha recordado el valor del proyecto ACTUAL\u00cdZA_TEC impulsado por la Fundaci\u00f3n Secretariado Gitano y que \u00e9l mismo tuvo ocasi\u00f3n de conocer en primera persona hace unos meses destacando su car\u00e1cter innovador y su importancia para garantizar que nadie quede atr\u00e1s en la era digital. Se trata de una iniciativa financiada por el Ministerio de Derechos Sociales y Agenda 2030 a trav\u00e9s de fondos europeos orientada a cerrar la \u2018brecha digital\u2019 que afecta significativamente a la comunidad gitana.<\/p>\n<p style=\"text-align: justify;\">\u00abAbrazar la diversidad es avanzar como territorio; hoy m\u00e1s que nunca recordamos que dar pasos en convivencia es reconocer la riqueza cultural que la comunidad gitana representa para el conjunto de nuestra sociedad\u00bb, ha afirmado el diputado, se\u00f1alando que la Diputaci\u00f3n de Albacete siempre estar\u00e1 al lado de cuantas iniciativas promuevan la inclusi\u00f3n y el respeto a la diversidad, convencida de que solo as\u00ed se construye una provincia m\u00e1s fuerte y cohesionada.<\/p>\n<p><!--publicidad-voz03--><a href=\"https:\/\/www.facebook.com\/profile.php?id=100063593791305&amp;locale=es_ES\"><img decoding=\"async\" class=\"alignnone size-medium\" src=\"https:\/\/blogger.googleusercontent.com\/img\/b\/R29vZ2xl\/AVvXsEi8_n_ll8UOcGxCqzFvb_9Io4ICczlGC990BPtPj2w9Px-u7B3oqWUW5vtjZUqPNJ-nyjiUIorE0ATsib_l5tV8BVN-UJ03RTnU__IHJF_4DgDBtY4LIqXNG-FomrO-7ywes20CBCRM2Hcm7EJSh3UUw1dO-c_uTflUrtgY1i7uBRezj_DpympmEFkfbQY\/s1600\/logo-principal2.jpg\" width=\"100%\" height=\"100\" \/><\/a><!--bestpublic-voz03--><!--desk-in-out-voz03--><br \/>\n<!--publicidad-voz04--><a href=\"https:\/\/www.facebook.com\/profile.php?id=61557370768692&amp;locale=es_ES\"><img decoding=\"async\" class=\"alignnone size-medium\" src=\"https:\/\/blogger.googleusercontent.com\/img\/b\/R29vZ2xl\/AVvXsEgy5RdcfffrnrItnYTcV9bCJjgJwldsQLWssfVfrLbyfXeBNTFKgBf0rMIvhrUaGUhiXzVr9_eQgCbi-j63ZDpfTvLIty9w7s140y-m1yHe7eKmEK7v2NAHUJDVYGdfeiQFeRCqUjdwWmN1MX_AUxxz4IVdJ4WIM0APxit8bjWkXzrnEFGqBvW_1F13H1g\/s1600\/logo-principal5.jpg\" width=\"100%\" height=\"100\" \/><\/a><!--bestpublic-voz04--><!--desk-in-out-voz04--><br \/>\n<!--publicidad-voz05--><a href=\"https:\/\/www.facebook.com\/asociaciontamborileroshellin?locale=es_ES\"><img decoding=\"async\" class=\"alignnone size-medium\" src=\"https:\/\/blogger.googleusercontent.com\/img\/b\/R29vZ2xl\/AVvXsEhHEEpZsKK1VpwiYMrS7aE2ujtqIDZoLd4B5wtbiseSU9s2HdTdQfhF84So2XwEB1fv0BLw95GADm6hUl1bkKtzh-eIgVigXONuu_5RxeIMPhjk8q6uNX4EaEHbooKkbu7pCADWPpVJjhKIH5NQSJpWqedC-YBez4QAQeJYokkLot9bhrIaUAeztsGis6M\/s1600\/logo-principal3.jpg\" width=\"100%\" height=\"100\" \/><\/a><!--bestpublic-voz05--><!--desk-in-out-voz05--><br \/>\n<!--publicidad-voz06--><!--bestpublic-voz06--><!--desk-in-out-voz06--><br \/>\n<!--publicidad-voz07--><!--bestpublic-voz07--><!--desk-in-out-voz07--><br \/>\n<!--publicidad-voz08--><!--bestpublic-voz08--><!--desk-in-out-voz08--><br \/>\n<!--publicidad-voz09--><!--bestpublic-voz09--><!--desk-in-out-voz09--><br \/>\n<!--publicidad-voz10--><!--bestpublic-voz10--><!--desk-in-out-voz10--><br \/>\n<!--publicidad-voz11--><!--bestpublic-voz11--><!--desk-in-out-voz11--><br \/>\n<!--publicidad-voz12--><!--bestpublic-voz12--><!--desk-in-out-voz12--><br \/>\n<!--publicidad-voz13--><!--bestpublic-voz13--><!--desk-in-out-voz13--><br \/>\n<!--publicidad-voz14--><!--bestpublic-voz14--><!--desk-in-out-voz14--><br \/>\n<!--publicidad-voz15--><!--bestpublic-voz15--><!--desk-in-out-voz15--><br \/>\n<!--publicidad-voz16--><!--bestpublic-voz16--><!--desk-in-out-voz16--><\/p>\n","protected":false},"excerpt":{"rendered":"<p>En el marco de las celebraciones por el D\u00eda Internacional del Pueblo Gitano, la Diputaci\u00f3n de Albacete, representada por el diputado responsable del \u00c1rea Social, Jos\u00e9 Gonz\u00e1lez, ha participado en&#8230;<\/p>\n","protected":false},"author":2,"featured_media":149684,"comment_status":"closed","ping_status":"closed","sticky":false,"template":"","format":"standard","meta":{"footnotes":""},"categories":[753,718,715,716,717],"tags":[],"class_list":["post-149683","post","type-post","status-publish","format-standard","has-post-thumbnail","hentry","category-blog-lv034","category-blogger","category-la-voz-de-hellin","category-la-voz-de-hellin-la-voz-de-hellin","category-noticias"],"_links":{"self":[{"href":"https:\/\/lavozdehellin.com\/noticias\/wp-json\/wp\/v2\/posts\/149683","targetHints":{"allow":["GET"]}}],"collection":[{"href":"https:\/\/lavozdehellin.com\/noticias\/wp-json\/wp\/v2\/posts"}],"about":[{"href":"https:\/\/lavozdehellin.com\/noticias\/wp-json\/wp\/v2\/types\/post"}],"author":[{"embeddable":true,"href":"https:\/\/lavozdehellin.com\/noticias\/wp-json\/wp\/v2\/users\/2"}],"replies":[{"embeddable":true,"href":"https:\/\/lavozdehellin.com\/noticias\/wp-json\/wp\/v2\/comments?post=149683"}],"version-history":[{"count":0,"href":"https:\/\/lavozdehellin.com\/noticias\/wp-json\/wp\/v2\/posts\/149683\/revisions"}],"wp:featuredmedia":[{"embeddable":true,"href":"https:\/\/lavozdehellin.com\/noticias\/wp-json\/wp\/v2\/media\/149684"}],"wp:attachment":[{"href":"https:\/\/lavozdehellin.com\/noticias\/wp-json\/wp\/v2\/media?parent=149683"}],"wp:term":[{"taxonomy":"category","embeddable":true,"href":"https:\/\/lavozdehellin.com\/noticias\/wp-json\/wp\/v2\/categories?post=149683"},{"taxonomy":"post_tag","embeddable":true,"href":"https:\/\/lavozdehellin.com\/noticias\/wp-json\/wp\/v2\/tags?post=149683"}],"curies":[{"name":"wp","href":"https:\/\/api.w.org\/{rel}","templated":true}]}}