{"id":149686,"date":"2024-04-08T13:37:03","date_gmt":"2024-04-08T12:37:03","guid":{"rendered":"https:\/\/lavozdehellin.com\/noticias\/?p=149686"},"modified":"2024-04-09T11:17:40","modified_gmt":"2024-04-09T10:17:40","slug":"v08-477-el-x-torneo-de-baloncesto-en-silla-de-ruedas-ciudad-de-albacete-diputacion-se-estrena-como-memorial-encarnacion-rodriguez-este-9-de-abril","status":"publish","type":"post","link":"https:\/\/lavozdehellin.com\/noticias\/v08-477-el-x-torneo-de-baloncesto-en-silla-de-ruedas-ciudad-de-albacete-diputacion-se-estrena-como-memorial-encarnacion-rodriguez-este-9-de-abril\/","title":{"rendered":"LVH NOTICIAS | EL X TORNEO DE BALONCESTO EN SILLA DE RUEDAS \u2018CIUDAD DE ALBACETE-DIPUTACI\u00d3N\u2019 SE ESTRENA COMO \u2018MEMORIAL ENCARNACI\u00d3N RODR\u00cdGUEZ\u2019 ESTE 9 DE ABRIL"},"content":{"rendered":"<p style=\"text-align: justify;\">La sala de Prensa de la Diputaci\u00f3n de Albacete ha acogido la presentaci\u00f3n de la d\u00e9cima edici\u00f3n del Torneo de Baloncesto en Silla de Ruedas \u2018Ciudad de Albacete-Diputaci\u00f3n\u2019 que, este a\u00f1o, incorpora como novedad (y con gran orgullo) el nombre de \u2018Memorial Encarnaci\u00f3n Rodr\u00edguez\u2019.<\/p>\n<p><!--more--><br \/>\n<!--publicidad-voz01--><a href=\"https:\/\/www.facebook.com\/SoloRadioHellin\/?locale=es_ES\"><img decoding=\"async\" class=\"alignnone size-medium\" src=\"https:\/\/blogger.googleusercontent.com\/img\/b\/R29vZ2xl\/AVvXsEiNncirNnyGedv00mhjZjh5Wl4_YPdJGanoAl8tL8zH-HwqE8uHqjEfSt340RHdx-9tuCSIkZ8rFamZiGyYlgDGxCsmXjCH_1xk5eYM3ntFZRvJP_jndOKR7w1UAo9Tu0vrZyOLfqRpHIxYI5SymJJ-pfGCQw6QVpggBH-UgfjiFQ2JOxqxG0Jx94kW83c\/s1600\/logo-principal.jpg\" width=\"100%\" height=\"100\" \/><\/a><!--bestpublic-voz01--><!--desk-in-out-voz01--><br \/>\n<!--publicidad-voz02--><a href=\"https:\/\/www.hellincf.com\/\"><img decoding=\"async\" class=\"alignnone size-medium\" src=\"https:\/\/blogger.googleusercontent.com\/img\/b\/R29vZ2xl\/AVvXsEhuZ4-XfBVj3UtdP8-RZugy3WVrg-Zv28c53m4oV47qYCxL1rX_dqWX_YddsGSnpH5SRDqZ7bZeKPIfDVCDncpjVlhy3aQs2vojcJBn7Gdv9hC2_Nzct_pRFrnFE1a7KTCdY1bT_kAgnY3-iadRZrGeJf1fR2P5fu11bokx0pWjaypoy-ctwCjklldpEbA\/s1600\/logo-principal7.jpg\" width=\"100%\" height=\"100\" \/><\/a><!--bestpublic-voz02--><!--desk-in-out-voz02--><\/p>\n<p style=\"text-align: justify;\">El evento, que se celebra este martes 9 de abril a las 17:00 horas en el Pabell\u00f3n Lepanto, enfrentar\u00e1 al laureado equipo local, BSR Amiab, con la Selecci\u00f3n de Canad\u00e1 tal y como han explicado el diputado provincial de Deportes, Dani Sancha; el concejal de Deportes del Ayuntamiento de Albacete, Francisco Villaescusa; el director deportivo de Amiab, Juan Miguel Cano Nieto; el vicepresidente segundo de Amiab, Jos\u00e9 Carlos Jurado; y el entrenador del BSR Amiab, Abraham Carri\u00f3n.<\/p>\n<p style=\"text-align: justify;\">Como ha se\u00f1alado Sancha, la vida deportiva de la provincia de Albacete y el nivel que \u00e9sta ha alcanzado, no ser\u00edan lo que son sin el BSR Amiab: un equipo que, ha subrayado, es \u2018santo y se\u00f1a\u2019 del mejor deporte , avalado por una trayectoria de innumerables logros en competiciones del m\u00e1ximo nivel.<\/p>\n<p style=\"text-align: justify;\">Gran cita deportiva para rendir tributo a la inolvidable Encarnaci\u00f3n Rodr\u00edguez<\/p>\n<p style=\"text-align: justify;\">El diputado tambi\u00e9n ha resaltado el impacto significativo de Encarnaci\u00f3n Rodr\u00edguez, cuyo nombre y figura inolvidables pasan a honrar este torneo, describi\u00e9ndola como una activista incansable que trabaj\u00f3 por la inclusi\u00f3n y dej\u00f3 una huella imborrable en toda la provincia. \u201cTal y como comprometi\u00f3 en su d\u00eda el presidente de la Diputaci\u00f3n, Santi Caba\u00f1ero, este Torneo llevar\u00e1 su nombre, un homenaje m\u00e1s que merecido (a trav\u00e9s de un partido del m\u00e1s alto nivel) hacia alguien emblem\u00e1tico tanto para el BSR Amiab como para todo Albacete\u201d, ha afirmado.<\/p>\n<p style=\"text-align: justify;\">En esa l\u00ednea, el edil de Deporte, Francisco Villaescusa, ha se\u00f1alado que \u201ceste torneo es verdaderamente importante por 3 razones: la primera, por el aspecto deportivo en s\u00ed; la segunda, por todo lo que conlleva el deporte inclusivo; y, la tercera, por ensalzar una vez m\u00e1s (como no pod\u00eda ser de otra manera) la figura de encarnaci\u00f3n Rodr\u00edguez\u201d.<\/p>\n<p style=\"text-align: justify;\">Reiterando el compromiso del Gobierno Provincial de Caba\u00f1ero al BSR Amiab traducido de diversas formas (por ejemplo, a trav\u00e9s del convenio anual suscrito entre ambas partes y que se cifra en 25.000 euros), Sancha ha se\u00f1alado el valor de invertir en deporte, especialmente cuando, adem\u00e1s de alta competici\u00f3n, conlleva pasos adelante en un m\u00e1s que merecido reconocimiento a la excelencia deportiva en materia de inclusi\u00f3n.<\/p>\n<p style=\"text-align: justify;\">Primer encuentro entre un club y una selecci\u00f3n nacional<\/p>\n<p style=\"text-align: justify;\">Como ha se\u00f1alado el director deportivo de Amiab, Juan Miguel Cano Nieto, este a\u00f1o con el \u2018Road to Paris\u2019 que se acaba de celebrar en Albacete, la selecci\u00f3n canadiense se quedaba aqu\u00ed unos d\u00edas y al proponerles la participaci\u00f3n en el X Trofeo Ciudad de Albacete-Diputaci\u00f3n, se mostraron \u201cencantados\u201d. Ser\u00e1 \u201cla primera vez que un club se enfrenta a la selecci\u00f3n nacional de un pa\u00eds, de modo que est\u00e1 ah\u00ed ese extra de \u2018morbo\u2019 de ver c\u00f3mo resulta el martes; esperemos que todo el mundo disfrute del partido igual que lo haremos nosotros\u201d.<\/p>\n<p style=\"text-align: justify;\">Retomando las palabras del diputado, Cano Nieto ha reiterado que, \u00absi para el BSR Amiab ya era importante este torneo, desde ahora lo ser\u00e1 mucho m\u00e1s, porque ser\u00e1 el memorial de nuestra presidenta, la Encarnaci\u00f3n Rodr\u00edguez\u201d. Por tanto, adem\u00e1s de en lo emotivo, tambi\u00e9n en lo deportivo tambi\u00e9n la cita promete.<\/p>\n<p style=\"text-align: justify;\">En ese sentido, el vicepresidente segundo de Amiab, Jos\u00e9 Carlos Jurado, ha comentado que ser\u00e1 una edici\u00f3n \u201cde much\u00edsima calidad\u201d, entre el gran equipo que es el BSR Amiab y un combinado nacional con \u201cuna relevancia importante en baloncesto en silla de ruedas a nivel mundial, liderado por uno de los mejores jugadores que ha tenido este deporte (como es Patrick Anderson) y que ha conseguido much\u00edsimos t\u00edtulos, por encima en muchas ocasiones tanto de Estados Unidos como de Inglaterra (que es la m\u00e1xima rival ahora mismo)\u201d.<\/p>\n<p style=\"text-align: justify;\">Carri\u00f3n valora el momento clave en el que llega el partido para ambos conjuntos<\/p>\n<p style=\"text-align: justify;\">En ese sentido, el entrenador ha comentado c\u00f3mo aunque a priori (por las alturas de la temporada en las que estamos) un torneo como \u00e9ste pudiera parecer un mero compromiso a cumplir, se dan todas las caracter\u00edsticas para que sea todo lo contrario. As\u00ed, Abraham Carri\u00f3n ha se\u00f1alado que va a ser \u201cel \u00faltimo encuentro de Canad\u00e1 antes de jugarse estar dentro de los Juegos Paral\u00edmpicos de Par\u00eds este mismo fin de semana: o sea, que es su \u00faltima prueba y van a intentar sacar el m\u00e1ximo rendimiento posible para ver hasta d\u00f3nde pueden llegar a competir\u201d. Y por parte del BSR Amiab, ha recordado que al conjunto le quedan tres semanas y media para la ansiada Final Four de la Champions que se disputar\u00e1 del 2 al 5 de mayo en casa, con lo que \u201cse dan todos los ingredientes para que los dos equipos quieran la victoria al cien por cien, se olviden de que es simplemente un martes o que no es una competici\u00f3n oficial y se d\u00e9 un partido con las espadas en todo lo alto\u201d.<\/p>\n<p style=\"text-align: justify;\">Del nivel de los dos conjuntos, sobre el combinado canadiense Carri\u00f3n ha se\u00f1alado que \u201ces una de las selecciones m\u00e1s laureadas de toda la historia del baloncesto en silla de ruedas, aparte de contar con el mejor jugador de todos los tiempos; y, a nivel grupal, es una de las selecciones y federaciones m\u00e1s respetadas\u201d. Del BSR Ambiab, ha explicado que el equipo \u201csigue ah\u00ed, intentando hacer una muy buena temporada como en los a\u00f1os anteriores y con el objetivo de llegar a esa Champions lo mejor posible para tener opciones de ganarla aqu\u00ed en Albacete, celebrarla con los nuestros y poder compartir con vosotros y vosotras, de primera mano, esa copa (que, adem\u00e1s, ya se quedar\u00eda en casa)\u201d.<\/p>\n<p style=\"text-align: justify;\">Para terminar, se ha puesto en valor la colaboraci\u00f3n entre las diferentes entidades y administraciones que, con eventos como \u00e9ste, hace posible que la ciudad y la provincia de Albacete sigan siendo referente en el deporte en general (y en baloncesto en silla de ruedas en particular). Y se ha animado a todo el mundo a que acuda a disfrutar de \u201cun partido que va a ser muy bonito y mucho m\u00e1s emocionante de lo que se podr\u00eda esperar en un principio\u201d, han reiterado Carri\u00f3n.<\/p>\n<p><!--publicidad-voz03--><a href=\"https:\/\/www.facebook.com\/profile.php?id=100063593791305&amp;locale=es_ES\"><img decoding=\"async\" class=\"alignnone size-medium\" src=\"https:\/\/blogger.googleusercontent.com\/img\/b\/R29vZ2xl\/AVvXsEi8_n_ll8UOcGxCqzFvb_9Io4ICczlGC990BPtPj2w9Px-u7B3oqWUW5vtjZUqPNJ-nyjiUIorE0ATsib_l5tV8BVN-UJ03RTnU__IHJF_4DgDBtY4LIqXNG-FomrO-7ywes20CBCRM2Hcm7EJSh3UUw1dO-c_uTflUrtgY1i7uBRezj_DpympmEFkfbQY\/s1600\/logo-principal2.jpg\" width=\"100%\" height=\"100\" \/><\/a><!--bestpublic-voz03--><!--desk-in-out-voz03--><br \/>\n<!--publicidad-voz04--><a href=\"https:\/\/www.facebook.com\/profile.php?id=61557370768692&amp;locale=es_ES\"><img decoding=\"async\" class=\"alignnone size-medium\" src=\"https:\/\/blogger.googleusercontent.com\/img\/b\/R29vZ2xl\/AVvXsEgy5RdcfffrnrItnYTcV9bCJjgJwldsQLWssfVfrLbyfXeBNTFKgBf0rMIvhrUaGUhiXzVr9_eQgCbi-j63ZDpfTvLIty9w7s140y-m1yHe7eKmEK7v2NAHUJDVYGdfeiQFeRCqUjdwWmN1MX_AUxxz4IVdJ4WIM0APxit8bjWkXzrnEFGqBvW_1F13H1g\/s1600\/logo-principal5.jpg\" width=\"100%\" height=\"100\" \/><\/a><!--bestpublic-voz04--><!--desk-in-out-voz04--><br \/>\n<!--publicidad-voz05--><a href=\"https:\/\/www.facebook.com\/asociaciontamborileroshellin?locale=es_ES\"><img decoding=\"async\" class=\"alignnone size-medium\" src=\"https:\/\/blogger.googleusercontent.com\/img\/b\/R29vZ2xl\/AVvXsEhHEEpZsKK1VpwiYMrS7aE2ujtqIDZoLd4B5wtbiseSU9s2HdTdQfhF84So2XwEB1fv0BLw95GADm6hUl1bkKtzh-eIgVigXONuu_5RxeIMPhjk8q6uNX4EaEHbooKkbu7pCADWPpVJjhKIH5NQSJpWqedC-YBez4QAQeJYokkLot9bhrIaUAeztsGis6M\/s1600\/logo-principal3.jpg\" width=\"100%\" height=\"100\" \/><\/a><!--bestpublic-voz05--><!--desk-in-out-voz05--><br \/>\n<!--publicidad-voz06--><!--bestpublic-voz06--><!--desk-in-out-voz06--><br \/>\n<!--publicidad-voz07--><!--bestpublic-voz07--><!--desk-in-out-voz07--><br \/>\n<!--publicidad-voz08--><!--bestpublic-voz08--><!--desk-in-out-voz08--><br \/>\n<!--publicidad-voz09--><!--bestpublic-voz09--><!--desk-in-out-voz09--><br \/>\n<!--publicidad-voz10--><!--bestpublic-voz10--><!--desk-in-out-voz10--><br \/>\n<!--publicidad-voz11--><!--bestpublic-voz11--><!--desk-in-out-voz11--><br \/>\n<!--publicidad-voz12--><!--bestpublic-voz12--><!--desk-in-out-voz12--><br \/>\n<!--publicidad-voz13--><!--bestpublic-voz13--><!--desk-in-out-voz13--><br \/>\n<!--publicidad-voz14--><!--bestpublic-voz14--><!--desk-in-out-voz14--><br \/>\n<!--publicidad-voz15--><!--bestpublic-voz15--><!--desk-in-out-voz15--><br \/>\n<!--publicidad-voz16--><!--bestpublic-voz16--><!--desk-in-out-voz16--><\/p>\n","protected":false},"excerpt":{"rendered":"<p>La sala de Prensa de la Diputaci\u00f3n de Albacete ha acogido la presentaci\u00f3n de la d\u00e9cima edici\u00f3n del Torneo de Baloncesto en Silla de Ruedas \u2018Ciudad de Albacete-Diputaci\u00f3n\u2019 que, este&#8230;<\/p>\n","protected":false},"author":2,"featured_media":149687,"comment_status":"closed","ping_status":"closed","sticky":false,"template":"","format":"standard","meta":{"footnotes":""},"categories":[753,718,715,716,717],"tags":[],"class_list":["post-149686","post","type-post","status-publish","format-standard","has-post-thumbnail","hentry","category-blog-lv034","category-blogger","category-la-voz-de-hellin","category-la-voz-de-hellin-la-voz-de-hellin","category-noticias"],"_links":{"self":[{"href":"https:\/\/lavozdehellin.com\/noticias\/wp-json\/wp\/v2\/posts\/149686","targetHints":{"allow":["GET"]}}],"collection":[{"href":"https:\/\/lavozdehellin.com\/noticias\/wp-json\/wp\/v2\/posts"}],"about":[{"href":"https:\/\/lavozdehellin.com\/noticias\/wp-json\/wp\/v2\/types\/post"}],"author":[{"embeddable":true,"href":"https:\/\/lavozdehellin.com\/noticias\/wp-json\/wp\/v2\/users\/2"}],"replies":[{"embeddable":true,"href":"https:\/\/lavozdehellin.com\/noticias\/wp-json\/wp\/v2\/comments?post=149686"}],"version-history":[{"count":0,"href":"https:\/\/lavozdehellin.com\/noticias\/wp-json\/wp\/v2\/posts\/149686\/revisions"}],"wp:featuredmedia":[{"embeddable":true,"href":"https:\/\/lavozdehellin.com\/noticias\/wp-json\/wp\/v2\/media\/149687"}],"wp:attachment":[{"href":"https:\/\/lavozdehellin.com\/noticias\/wp-json\/wp\/v2\/media?parent=149686"}],"wp:term":[{"taxonomy":"category","embeddable":true,"href":"https:\/\/lavozdehellin.com\/noticias\/wp-json\/wp\/v2\/categories?post=149686"},{"taxonomy":"post_tag","embeddable":true,"href":"https:\/\/lavozdehellin.com\/noticias\/wp-json\/wp\/v2\/tags?post=149686"}],"curies":[{"name":"wp","href":"https:\/\/api.w.org\/{rel}","templated":true}]}}