{"id":149696,"date":"2024-04-08T09:14:46","date_gmt":"2024-04-08T08:14:46","guid":{"rendered":"https:\/\/lavozdehellin.com\/noticias\/?p=149696"},"modified":"2024-04-09T12:33:17","modified_gmt":"2024-04-09T10:33:17","slug":"v08-478-nota-de-prensa-xv-congreso-nacional-de-cofradias-de-jesus-nazareno-cautivo-rescatado-de-medinaceli","status":"publish","type":"post","link":"https:\/\/lavozdehellin.com\/noticias\/v08-478-nota-de-prensa-xv-congreso-nacional-de-cofradias-de-jesus-nazareno-cautivo-rescatado-de-medinaceli\/","title":{"rendered":"LVH NOTICIAS | NOTA DE PRENSA XV CONGRESO NACIONAL DE COFRADIAS DE JES\u00daS NAZARENO, CAUTIVO, RESCATADO DE MEDINACELI"},"content":{"rendered":"<p style=\"text-align: justify;\">ARCHICOFRADIA DE NTRO. PADRE JES\u00daS DE MEDINACELI<\/p>\n<p><!--more--><br \/>\n<!--publicidad-voz01--><a href=\"https:\/\/www.facebook.com\/SoloRadioHellin\/?locale=es_ES\"><img decoding=\"async\" class=\"alignnone size-medium\" src=\"https:\/\/blogger.googleusercontent.com\/img\/b\/R29vZ2xl\/AVvXsEiNncirNnyGedv00mhjZjh5Wl4_YPdJGanoAl8tL8zH-HwqE8uHqjEfSt340RHdx-9tuCSIkZ8rFamZiGyYlgDGxCsmXjCH_1xk5eYM3ntFZRvJP_jndOKR7w1UAo9Tu0vrZyOLfqRpHIxYI5SymJJ-pfGCQw6QVpggBH-UgfjiFQ2JOxqxG0Jx94kW83c\/s1600\/logo-principal.jpg\" width=\"100%\" height=\"100\" \/><\/a><!--bestpublic-voz01--><!--desk-in-out-voz01--><br \/>\n<!--publicidad-voz02--><a href=\"https:\/\/www.hellincf.com\/\"><img decoding=\"async\" class=\"alignnone size-medium\" src=\"https:\/\/blogger.googleusercontent.com\/img\/b\/R29vZ2xl\/AVvXsEhuZ4-XfBVj3UtdP8-RZugy3WVrg-Zv28c53m4oV47qYCxL1rX_dqWX_YddsGSnpH5SRDqZ7bZeKPIfDVCDncpjVlhy3aQs2vojcJBn7Gdv9hC2_Nzct_pRFrnFE1a7KTCdY1bT_kAgnY3-iadRZrGeJf1fR2P5fu11bokx0pWjaypoy-ctwCjklldpEbA\/s1600\/logo-principal7.jpg\" width=\"100%\" height=\"100\" \/><\/a><!--bestpublic-voz02--><!--desk-in-out-voz02--><\/p>\n<p style=\"text-align: justify;\">NOTA DE PRENSA XV CONGRESO NACIONAL DE COFRADIAS DE JES\u00daS NAZARENO, CAUTIVO, RESCATADO DE MEDINACELI.<\/p>\n<p style=\"text-align: justify;\">Con motivo de la celebraci\u00f3n del XV CONGRESO NACIONAL DE COFRAD\u00cdAS DE JES\u00daS NAZARENO, CAUTIVO, RESCATADO DE MEDINACELI, que se va a celebrar en nuestra ciudad, los d\u00edas 19, 20 y 21 de abril, van a tener lugar una serie de actos, donde la participaci\u00f3n en los mismos va a estar abierta a todos aquellos devotos y hellineros que quieran acompa\u00f1arnos.<\/p>\n<p style=\"text-align: justify;\">La procesi\u00f3n extraordinaria, el s\u00e1bado d\u00eda 20 a las 7:30 de la tarde, en la que la imagen de Ntro. Padre Jes\u00fas de Medinaceli ir\u00e1 acompa\u00f1ada por una representaci\u00f3n de las cofrad\u00edas y tamborileros de nuestra ciudad, de las delegaciones de las cofrad\u00edas visitantes asistentes al congreso, de la Banda de CC.TT. Juventud Musical Hell\u00edn, as\u00ed como de todos aquellos devotos y personas que quieran acompa\u00f1ar al Cristo, como siempre lo hacen en cada una de sus salidas procesionales.<\/p>\n<p style=\"text-align: justify;\">El concierto de m\u00fasica cofrade, que se va a celebrar en el Convento de Franciscanos, en el que podremos disfrutar de la belleza de importantes marchas procesionales, entre algunas de ellas las dedicadas a las devociones y advocaciones pasionales de Hell\u00edn. Como novedad, la marcha \u201cCristo de Medinaceli de Hell\u00edn\u201d, creada por Manuel Torrecillas, ser\u00e1 interpretada por la Uni\u00f3n Musical Santa Cecilia de Hell\u00edn, con la incorporaci\u00f3n de cornetas y tambores de la Banda Juventud Musical de Hell\u00edn.<\/p>\n<p style=\"text-align: justify;\">Y el domingo tendr\u00e1 lugar, a las 10:30 de la ma\u00f1ana en el Convento de Franciscanos, la Misa de Clausura del Congreso, cantada por la Coral San Rafael de Hell\u00edn, presidida por el Obispo de Albacete y concelebrada por los sacerdotes de Hell\u00edn.<\/p>\n<p style=\"text-align: justify;\">Ojal\u00e1 que estos d\u00edas podamos vivirlos con un aut\u00e9ntico sentido de fraternidad, unidos a todos los cofrades y devotos que nos visitar\u00e1n, procedentes de diferentes puntos de Espa\u00f1a.<\/p>\n<p><!--publicidad-voz03--><a href=\"https:\/\/www.facebook.com\/profile.php?id=100063593791305&amp;locale=es_ES\"><img decoding=\"async\" class=\"alignnone size-medium\" src=\"https:\/\/blogger.googleusercontent.com\/img\/b\/R29vZ2xl\/AVvXsEi8_n_ll8UOcGxCqzFvb_9Io4ICczlGC990BPtPj2w9Px-u7B3oqWUW5vtjZUqPNJ-nyjiUIorE0ATsib_l5tV8BVN-UJ03RTnU__IHJF_4DgDBtY4LIqXNG-FomrO-7ywes20CBCRM2Hcm7EJSh3UUw1dO-c_uTflUrtgY1i7uBRezj_DpympmEFkfbQY\/s1600\/logo-principal2.jpg\" width=\"100%\" height=\"100\" \/><\/a><!--bestpublic-voz03--><!--desk-in-out-voz03--><br \/>\n<!--publicidad-voz04--><a href=\"https:\/\/www.facebook.com\/profile.php?id=61557370768692&amp;locale=es_ES\"><img decoding=\"async\" class=\"alignnone size-medium\" src=\"https:\/\/blogger.googleusercontent.com\/img\/b\/R29vZ2xl\/AVvXsEgy5RdcfffrnrItnYTcV9bCJjgJwldsQLWssfVfrLbyfXeBNTFKgBf0rMIvhrUaGUhiXzVr9_eQgCbi-j63ZDpfTvLIty9w7s140y-m1yHe7eKmEK7v2NAHUJDVYGdfeiQFeRCqUjdwWmN1MX_AUxxz4IVdJ4WIM0APxit8bjWkXzrnEFGqBvW_1F13H1g\/s1600\/logo-principal5.jpg\" width=\"100%\" height=\"100\" \/><\/a><!--bestpublic-voz04--><!--desk-in-out-voz04--><br \/>\n<!--publicidad-voz05--><a href=\"https:\/\/www.facebook.com\/asociaciontamborileroshellin?locale=es_ES\"><img decoding=\"async\" class=\"alignnone size-medium\" src=\"https:\/\/blogger.googleusercontent.com\/img\/b\/R29vZ2xl\/AVvXsEhHEEpZsKK1VpwiYMrS7aE2ujtqIDZoLd4B5wtbiseSU9s2HdTdQfhF84So2XwEB1fv0BLw95GADm6hUl1bkKtzh-eIgVigXONuu_5RxeIMPhjk8q6uNX4EaEHbooKkbu7pCADWPpVJjhKIH5NQSJpWqedC-YBez4QAQeJYokkLot9bhrIaUAeztsGis6M\/s1600\/logo-principal3.jpg\" width=\"100%\" height=\"100\" \/><\/a><!--bestpublic-voz05--><!--desk-in-out-voz05--><br \/>\n<!--publicidad-voz06--><!--bestpublic-voz06--><!--desk-in-out-voz06--><br \/>\n<!--publicidad-voz07--><!--bestpublic-voz07--><!--desk-in-out-voz07--><br \/>\n<!--publicidad-voz08--><!--bestpublic-voz08--><!--desk-in-out-voz08--><br \/>\n<!--publicidad-voz09--><!--bestpublic-voz09--><!--desk-in-out-voz09--><br \/>\n<!--publicidad-voz10--><!--bestpublic-voz10--><!--desk-in-out-voz10--><br \/>\n<!--publicidad-voz11--><!--bestpublic-voz11--><!--desk-in-out-voz11--><br \/>\n<!--publicidad-voz12--><!--bestpublic-voz12--><!--desk-in-out-voz12--><br \/>\n<!--publicidad-voz13--><!--bestpublic-voz13--><!--desk-in-out-voz13--><br \/>\n<!--publicidad-voz14--><!--bestpublic-voz14--><!--desk-in-out-voz14--><br \/>\n<!--publicidad-voz15--><!--bestpublic-voz15--><!--desk-in-out-voz15--><br \/>\n<!--publicidad-voz16--><!--bestpublic-voz16--><!--desk-in-out-voz16--><\/p>\n","protected":false},"excerpt":{"rendered":"<p>ARCHICOFRADIA DE NTRO. PADRE JES\u00daS DE MEDINACELI<\/p>\n","protected":false},"author":2,"featured_media":149697,"comment_status":"closed","ping_status":"closed","sticky":false,"template":"","format":"standard","meta":{"footnotes":""},"categories":[753,718,715,716,717],"tags":[],"class_list":["post-149696","post","type-post","status-publish","format-standard","has-post-thumbnail","hentry","category-blog-lv034","category-blogger","category-la-voz-de-hellin","category-la-voz-de-hellin-la-voz-de-hellin","category-noticias"],"_links":{"self":[{"href":"https:\/\/lavozdehellin.com\/noticias\/wp-json\/wp\/v2\/posts\/149696","targetHints":{"allow":["GET"]}}],"collection":[{"href":"https:\/\/lavozdehellin.com\/noticias\/wp-json\/wp\/v2\/posts"}],"about":[{"href":"https:\/\/lavozdehellin.com\/noticias\/wp-json\/wp\/v2\/types\/post"}],"author":[{"embeddable":true,"href":"https:\/\/lavozdehellin.com\/noticias\/wp-json\/wp\/v2\/users\/2"}],"replies":[{"embeddable":true,"href":"https:\/\/lavozdehellin.com\/noticias\/wp-json\/wp\/v2\/comments?post=149696"}],"version-history":[{"count":0,"href":"https:\/\/lavozdehellin.com\/noticias\/wp-json\/wp\/v2\/posts\/149696\/revisions"}],"wp:featuredmedia":[{"embeddable":true,"href":"https:\/\/lavozdehellin.com\/noticias\/wp-json\/wp\/v2\/media\/149697"}],"wp:attachment":[{"href":"https:\/\/lavozdehellin.com\/noticias\/wp-json\/wp\/v2\/media?parent=149696"}],"wp:term":[{"taxonomy":"category","embeddable":true,"href":"https:\/\/lavozdehellin.com\/noticias\/wp-json\/wp\/v2\/categories?post=149696"},{"taxonomy":"post_tag","embeddable":true,"href":"https:\/\/lavozdehellin.com\/noticias\/wp-json\/wp\/v2\/tags?post=149696"}],"curies":[{"name":"wp","href":"https:\/\/api.w.org\/{rel}","templated":true}]}}