{"id":149699,"date":"2024-04-09T11:39:47","date_gmt":"2024-04-09T09:39:47","guid":{"rendered":"https:\/\/lavozdehellin.com\/noticias\/?p=149699"},"modified":"2024-04-09T12:33:17","modified_gmt":"2024-04-09T10:33:17","slug":"v08-479-el-suministro-electrico-en-agra-se-vera-interrumpido-temporalmente-el-10-de-abril","status":"publish","type":"post","link":"https:\/\/lavozdehellin.com\/noticias\/v08-479-el-suministro-electrico-en-agra-se-vera-interrumpido-temporalmente-el-10-de-abril\/","title":{"rendered":"LVH NOTICIAS | EL SUMINISTRO EL\u00c9CTRICO EN AGRA SE VER\u00c1 INTERRUMPIDO TEMPORALMENTE EL 10 DE ABRIL"},"content":{"rendered":"<p style=\"text-align: justify;\">La Concejal\u00eda de Obras y Servicios ha dado trasladado de la informaci\u00f3n remitida por el Grupo Iberdrola con las pr\u00f3ximas incidencias en la pedan\u00eda<\/p>\n<p><!--more--><br \/>\n<!--publicidad-voz01--><a href=\"https:\/\/www.facebook.com\/SoloRadioHellin\/?locale=es_ES\"><img decoding=\"async\" class=\"alignnone size-medium\" src=\"https:\/\/blogger.googleusercontent.com\/img\/b\/R29vZ2xl\/AVvXsEiNncirNnyGedv00mhjZjh5Wl4_YPdJGanoAl8tL8zH-HwqE8uHqjEfSt340RHdx-9tuCSIkZ8rFamZiGyYlgDGxCsmXjCH_1xk5eYM3ntFZRvJP_jndOKR7w1UAo9Tu0vrZyOLfqRpHIxYI5SymJJ-pfGCQw6QVpggBH-UgfjiFQ2JOxqxG0Jx94kW83c\/s1600\/logo-principal.jpg\" width=\"100%\" height=\"100\" \/><\/a><!--bestpublic-voz01--><!--desk-in-out-voz01--><br \/>\n<!--publicidad-voz02--><a href=\"https:\/\/www.hellincf.com\/\"><img decoding=\"async\" class=\"alignnone size-medium\" src=\"https:\/\/blogger.googleusercontent.com\/img\/b\/R29vZ2xl\/AVvXsEhuZ4-XfBVj3UtdP8-RZugy3WVrg-Zv28c53m4oV47qYCxL1rX_dqWX_YddsGSnpH5SRDqZ7bZeKPIfDVCDncpjVlhy3aQs2vojcJBn7Gdv9hC2_Nzct_pRFrnFE1a7KTCdY1bT_kAgnY3-iadRZrGeJf1fR2P5fu11bokx0pWjaypoy-ctwCjklldpEbA\/s1600\/logo-principal7.jpg\" width=\"100%\" height=\"100\" \/><\/a><!--bestpublic-voz02--><!--desk-in-out-voz02--><\/p>\n<p style=\"text-align: justify;\">i-DE REDES ELECTRICAS INTELIGENTES S.A.U., perteneciente al Grupo Iberdrola ha notificado a la Concejal\u00eda de Obras y Servicios la interrupci\u00f3n temporal del suministro el\u00e9ctrico en la pedan\u00eda de Agra, para el pr\u00f3ximo mi\u00e9rcoles, 10 de abril, en el horario comprendido entre las 11:00 hasta las 12:30.<\/p>\n<p style=\"text-align: justify;\">El motivo de esta interrupci\u00f3n es la realizaci\u00f3n de trabajos de ampliaci\u00f3n y mantenimiento de sus instalaciones. Dichas interrupciones afectar\u00e1n a las direcciones que se enumeran a continuaci\u00f3n:<\/p>\n<p style=\"text-align: justify;\">Cl Agra Viejo. N\u00fameros: 5, 8, 9, 18, 33, 36 1, 37 1, 37, 42, 45 1, 45, 46, 47, 49, 50<\/p>\n<p style=\"text-align: justify;\">Cl Camino Del Rubio. N\u00famero 14<\/p>\n<p style=\"text-align: justify;\">Cl Correos. N\u00fameros: 3, 10<\/p>\n<p style=\"text-align: justify;\">Cl Lugarico. N\u00fameros: 1 A, 1 B, 1 D, 3 BI, 4, 5, 7, 8 A, 8 B, 10, 11, 12, 13, 14, 15 B, 15, 16 1, 16, 17 1, 19, 21 1, 22, 23, 24, 25, 26, 27, 294, 310<\/p>\n<p style=\"text-align: justify;\">Cl Mallorazgo. N\u00fameros: 1, 4 1, 4<\/p>\n<p style=\"text-align: justify;\">Cl Mu\u00f1oces. N\u00fameros: 1, 4, 8, 9, 10 1, 12, 13, 15, 16, 18, 20<\/p>\n<p style=\"text-align: justify;\">Lg Vereda: 0 SN S, 2, 5, 6, 7, 9, 10<\/p>\n<p style=\"text-align: justify;\">Po Setenta Y Cinco: 45 PC, 197<\/p>\n<p style=\"text-align: justify;\">PC Po Setenta Y Seis: 2 PC<\/p>\n<p style=\"text-align: justify;\">Pr Lugar La Vereda: 6 PR<\/p>\n<p><!--publicidad-voz03--><a href=\"https:\/\/www.facebook.com\/profile.php?id=100063593791305&amp;locale=es_ES\"><img decoding=\"async\" class=\"alignnone size-medium\" src=\"https:\/\/blogger.googleusercontent.com\/img\/b\/R29vZ2xl\/AVvXsEi8_n_ll8UOcGxCqzFvb_9Io4ICczlGC990BPtPj2w9Px-u7B3oqWUW5vtjZUqPNJ-nyjiUIorE0ATsib_l5tV8BVN-UJ03RTnU__IHJF_4DgDBtY4LIqXNG-FomrO-7ywes20CBCRM2Hcm7EJSh3UUw1dO-c_uTflUrtgY1i7uBRezj_DpympmEFkfbQY\/s1600\/logo-principal2.jpg\" width=\"100%\" height=\"100\" \/><\/a><!--bestpublic-voz03--><!--desk-in-out-voz03--><br \/>\n<!--publicidad-voz04--><a href=\"https:\/\/www.facebook.com\/profile.php?id=61557370768692&amp;locale=es_ES\"><img decoding=\"async\" class=\"alignnone size-medium\" src=\"https:\/\/blogger.googleusercontent.com\/img\/b\/R29vZ2xl\/AVvXsEgy5RdcfffrnrItnYTcV9bCJjgJwldsQLWssfVfrLbyfXeBNTFKgBf0rMIvhrUaGUhiXzVr9_eQgCbi-j63ZDpfTvLIty9w7s140y-m1yHe7eKmEK7v2NAHUJDVYGdfeiQFeRCqUjdwWmN1MX_AUxxz4IVdJ4WIM0APxit8bjWkXzrnEFGqBvW_1F13H1g\/s1600\/logo-principal5.jpg\" width=\"100%\" height=\"100\" \/><\/a><!--bestpublic-voz04--><!--desk-in-out-voz04--><br \/>\n<!--publicidad-voz05--><a href=\"https:\/\/www.facebook.com\/asociaciontamborileroshellin?locale=es_ES\"><img decoding=\"async\" class=\"alignnone size-medium\" src=\"https:\/\/blogger.googleusercontent.com\/img\/b\/R29vZ2xl\/AVvXsEhHEEpZsKK1VpwiYMrS7aE2ujtqIDZoLd4B5wtbiseSU9s2HdTdQfhF84So2XwEB1fv0BLw95GADm6hUl1bkKtzh-eIgVigXONuu_5RxeIMPhjk8q6uNX4EaEHbooKkbu7pCADWPpVJjhKIH5NQSJpWqedC-YBez4QAQeJYokkLot9bhrIaUAeztsGis6M\/s1600\/logo-principal3.jpg\" width=\"100%\" height=\"100\" \/><\/a><!--bestpublic-voz05--><!--desk-in-out-voz05--><br \/>\n<!--publicidad-voz06--><!--bestpublic-voz06--><!--desk-in-out-voz06--><br \/>\n<!--publicidad-voz07--><!--bestpublic-voz07--><!--desk-in-out-voz07--><br \/>\n<!--publicidad-voz08--><!--bestpublic-voz08--><!--desk-in-out-voz08--><br \/>\n<!--publicidad-voz09--><!--bestpublic-voz09--><!--desk-in-out-voz09--><br \/>\n<!--publicidad-voz10--><!--bestpublic-voz10--><!--desk-in-out-voz10--><br \/>\n<!--publicidad-voz11--><!--bestpublic-voz11--><!--desk-in-out-voz11--><br \/>\n<!--publicidad-voz12--><!--bestpublic-voz12--><!--desk-in-out-voz12--><br \/>\n<!--publicidad-voz13--><!--bestpublic-voz13--><!--desk-in-out-voz13--><br \/>\n<!--publicidad-voz14--><!--bestpublic-voz14--><!--desk-in-out-voz14--><br \/>\n<!--publicidad-voz15--><!--bestpublic-voz15--><!--desk-in-out-voz15--><br \/>\n<!--publicidad-voz16--><!--bestpublic-voz16--><!--desk-in-out-voz16--><\/p>\n","protected":false},"excerpt":{"rendered":"<p>La Concejal\u00eda de Obras y Servicios ha dado trasladado de la informaci\u00f3n remitida por el Grupo Iberdrola con las pr\u00f3ximas incidencias en la pedan\u00eda<\/p>\n","protected":false},"author":2,"featured_media":149700,"comment_status":"closed","ping_status":"closed","sticky":false,"template":"","format":"standard","meta":{"footnotes":""},"categories":[753,718,715,716,717],"tags":[],"class_list":["post-149699","post","type-post","status-publish","format-standard","has-post-thumbnail","hentry","category-blog-lv034","category-blogger","category-la-voz-de-hellin","category-la-voz-de-hellin-la-voz-de-hellin","category-noticias"],"_links":{"self":[{"href":"https:\/\/lavozdehellin.com\/noticias\/wp-json\/wp\/v2\/posts\/149699","targetHints":{"allow":["GET"]}}],"collection":[{"href":"https:\/\/lavozdehellin.com\/noticias\/wp-json\/wp\/v2\/posts"}],"about":[{"href":"https:\/\/lavozdehellin.com\/noticias\/wp-json\/wp\/v2\/types\/post"}],"author":[{"embeddable":true,"href":"https:\/\/lavozdehellin.com\/noticias\/wp-json\/wp\/v2\/users\/2"}],"replies":[{"embeddable":true,"href":"https:\/\/lavozdehellin.com\/noticias\/wp-json\/wp\/v2\/comments?post=149699"}],"version-history":[{"count":0,"href":"https:\/\/lavozdehellin.com\/noticias\/wp-json\/wp\/v2\/posts\/149699\/revisions"}],"wp:featuredmedia":[{"embeddable":true,"href":"https:\/\/lavozdehellin.com\/noticias\/wp-json\/wp\/v2\/media\/149700"}],"wp:attachment":[{"href":"https:\/\/lavozdehellin.com\/noticias\/wp-json\/wp\/v2\/media?parent=149699"}],"wp:term":[{"taxonomy":"category","embeddable":true,"href":"https:\/\/lavozdehellin.com\/noticias\/wp-json\/wp\/v2\/categories?post=149699"},{"taxonomy":"post_tag","embeddable":true,"href":"https:\/\/lavozdehellin.com\/noticias\/wp-json\/wp\/v2\/tags?post=149699"}],"curies":[{"name":"wp","href":"https:\/\/api.w.org\/{rel}","templated":true}]}}