{"id":149707,"date":"2024-04-09T14:00:26","date_gmt":"2024-04-09T12:00:26","guid":{"rendered":"https:\/\/lavozdehellin.com\/noticias\/?p=149707"},"modified":"2024-04-11T11:46:30","modified_gmt":"2024-04-11T09:46:30","slug":"v08-480-la-diputacion-de-albacete-suma-su-apoyo-a-la-campana-cuidado-con-los-falsos-impulsada-por-feda-para-combatir-la-economia-sumergida-y-el-intrusismo-profesional","status":"publish","type":"post","link":"https:\/\/lavozdehellin.com\/noticias\/v08-480-la-diputacion-de-albacete-suma-su-apoyo-a-la-campana-cuidado-con-los-falsos-impulsada-por-feda-para-combatir-la-economia-sumergida-y-el-intrusismo-profesional\/","title":{"rendered":"LVH NOTICIAS | LA DIPUTACI\u00d3N DE ALBACETE SUMA SU APOYO A LA CAMPA\u00d1A \u2018CUIDADO CON LOS FALSOS\u2019 IMPULSADA POR FEDA PARA COMBATIR LA ECONOM\u00cdA SUMERGIDA Y EL INTRUSISMO PROFESIONAL"},"content":{"rendered":"<p style=\"text-align: justify;\">FEDA, a trav\u00e9s de su Plataforma por la Legalidad, ha presentado una nueva campa\u00f1a advirtiendo del intrusismo y la econom\u00eda sumergida y el da\u00f1o que se ocasiona al desarrollo econ\u00f3mico y empresarial de Albacete y provincia.<\/p>\n<p><!--more--><br \/>\n<!--publicidad-voz01--><a href=\"https:\/\/www.facebook.com\/SoloRadioHellin\/?locale=es_ES\"><img decoding=\"async\" class=\"alignnone size-medium\" src=\"https:\/\/blogger.googleusercontent.com\/img\/b\/R29vZ2xl\/AVvXsEiNncirNnyGedv00mhjZjh5Wl4_YPdJGanoAl8tL8zH-HwqE8uHqjEfSt340RHdx-9tuCSIkZ8rFamZiGyYlgDGxCsmXjCH_1xk5eYM3ntFZRvJP_jndOKR7w1UAo9Tu0vrZyOLfqRpHIxYI5SymJJ-pfGCQw6QVpggBH-UgfjiFQ2JOxqxG0Jx94kW83c\/s1600\/logo-principal.jpg\" width=\"100%\" height=\"100\" \/><\/a><!--bestpublic-voz01--><!--desk-in-out-voz01--><br \/>\n<!--publicidad-voz02--><a href=\"https:\/\/www.hellincf.com\/\"><img decoding=\"async\" class=\"alignnone size-medium\" src=\"https:\/\/blogger.googleusercontent.com\/img\/b\/R29vZ2xl\/AVvXsEhuZ4-XfBVj3UtdP8-RZugy3WVrg-Zv28c53m4oV47qYCxL1rX_dqWX_YddsGSnpH5SRDqZ7bZeKPIfDVCDncpjVlhy3aQs2vojcJBn7Gdv9hC2_Nzct_pRFrnFE1a7KTCdY1bT_kAgnY3-iadRZrGeJf1fR2P5fu11bokx0pWjaypoy-ctwCjklldpEbA\/s1600\/logo-principal7.jpg\" width=\"100%\" height=\"100\" \/><\/a><!--bestpublic-voz02--><!--desk-in-out-voz02--><\/p>\n<p style=\"text-align: justify;\">Con el apoyo de la Diputaci\u00f3n Provincial y el Ayuntamiento de Albacete, se lanza un mensaje rotundo: \u2018Cuidado con los falsos\u2019, en el m\u00e1s amplio sentido de la palabra, en cuanto actividades, oficios y profesionales.<\/p>\n<p style=\"text-align: justify;\">Mensajes en mupis y en autobuses urbanos: \u201cA la hora de contratar un profesional o un oficio, aseg\u00farate que sea aut\u00f3nomo o empresa y con formaci\u00f3n o licencia de actividad acreditada\u201d, advirtiendo de \u201cfalsos fisioterapeutas, falsos psic\u00f3logos, falsos talleres, falsas cl\u00ednicas, falsas peluquer\u00edas, falsas esteticistas, falsas asesor\u00edas, falsos taxistas, falsas academias, falsos abogados\u2026\u201d.<\/p>\n<p style=\"text-align: justify;\">La Plataforma por la Legalidad se constituy\u00f3 en FEDA en 2011 y de ella forman parte veinticuatro asociaciones sectoriales que trabajan para combatir la lacra de la econom\u00eda sumergida, las pr\u00e1cticas ilegales y sensibilizar a la sociedad a la hora de consumir productos y servicios dentro de la legalidad.<\/p>\n<p style=\"text-align: justify;\">La campa\u00f1a (desarrollada por la agencia Alarc\u00f3n Publicidad, asociada a la Asociaci\u00f3n de Dise\u00f1adores de Albacete, integrada en FEDA y que forma parte tambi\u00e9n de la Plataforma por la Legalidad) ha sido presentada por la vicepresidenta de FEDA, Rosario Jim\u00e9nez; la diputada provincial de Turismo, Raquel Ruiz L\u00f3pez, y la concejala de Sostenibilidad y Marca de Albacete, Rosa Gonz\u00e1lez de la Aleja; y ha contado con la presencia de Jos\u00e9 Ruiz, presidente de la Asociaci\u00f3n de Agroalimentarias (integrada en la Plataforma por la Legalidad).<\/p>\n<p style=\"text-align: justify;\">Ruiz se\u00f1ala los peligros de la econom\u00eda sumergida<\/p>\n<p style=\"text-align: justify;\">Durante su intervenci\u00f3n, la diputada provincial ha destacado la importancia de dar visibilidad a esta campa\u00f1a y ha agradecido a FEDA que cuente con la instituci\u00f3n provincial para esta iniciativa, subrayando su importancia al poner el foco en tres \u201ccuestiones claves\u201d, en alusi\u00f3n a la econom\u00eda sumergida, al intrusismo laboral y el riesgo que implica acudir a falsos profesionales.<\/p>\n<p style=\"text-align: justify;\">En este sentido, ha dejado claro que para el Gobierno que preside Santi Caba\u00f1ero es \u201cun placer\u201d colaborar con esta Plataforma a trav\u00e9s de un convenio anual (por valor de 5.000 \u20ac) y sumarse a cada una de las campa\u00f1as que impulsa para concienciar y sensibilizar a la ciudadan\u00eda en esta materia, dejando claro que \u201cni la poblaci\u00f3n ni las administraciones pueden ser equidistantes\u201d.<\/p>\n<p style=\"text-align: justify;\">Asimismo, ha explicado que es necesario visibilizar y dar a conocer tanto el da\u00f1o que se le hace a la econom\u00eda de un pueblo o de una ciudad cuando se contratan o consumen servicios o productos en lugares al margen de la legalidad, como los riesgos que existen cuando estamos en un establecimiento que no cumple con los est\u00e1ndares de Prevenci\u00f3n de Riesgos Laborales.<\/p>\n<p style=\"text-align: justify;\">Asimismo, ha incidido en la importancia del consumo responsable y de una competencia sana y l\u00edcita, apuntando que la actividad econ\u00f3mica sumergida incluye negocios informales, trabajo no declarado, subdeclaraci\u00f3n de ingresos, evasi\u00f3n fiscal\u2026 Una realidad que, tal y como ha lamentado Ruiz, tiene graves consecuencias, como una competencia desleal \u201cque, en no pocas ocasiones, lleva a los negocios legales al cierre\u201d, al tiempo que \u201cperpet\u00faa un sistema que fomenta la precariedad laboral, especialmente entre j\u00f3venes y personas en riesgo de exclusi\u00f3n social, la explotaci\u00f3n, la falta de protecci\u00f3n laboral\u2026\u201d.<\/p>\n<p style=\"text-align: justify;\">Feda agradece el apoyo a la Diputaci\u00f3n y al Ayuntamiento<\/p>\n<p style=\"text-align: justify;\">Por su parte, la vicepresidenta de FEDA ha mostrado su agradecimiento a Ayuntamiento y Diputaci\u00f3n \u201cpor estar siempre al lago, por supuesto, de la legalidad empresarial, de apostar por nuestras empresas y aut\u00f3nomos y contribuir a erradicar la econom\u00eda sumergida\u201d, a\u00f1adiendo que \u201ccon esta campa\u00f1a nos dirigimos a todo el tejido empresarial de Albacete y provincia, alumnado de centros educativos, ciudadanos de a pie, instituciones y entidades p\u00fablicas. En definitiva, todo el consumidor final de productos y servicios. Hemos querido concienciar sobre el riesgo que supone acudir a falsos profesionales tanto para ellos con las consecuencias legales, fiscales, de reputaci\u00f3n, de impacto negativo en la productividad de la empresa, como para las personas que acuden a ellos con la p\u00e9rdida de calidad al servicio, riesgo para la salud, seguridad, da\u00f1o material, p\u00e9rdida de tiempo y dinero, imposibilidad de reclamar\u2026\u201d.<\/p>\n<p style=\"text-align: justify;\">De hecho, la campa\u00f1a se ha centrado en un mensaje muy visual e impactante que se divulgar\u00e1 en soportes de publicidad exterior, en dos periodos durante el primer semestre y \u00faltimo trimestre del a\u00f1o.<\/p>\n<p style=\"text-align: justify;\">En esta l\u00ednea, la concejala de Sostenibilidad del Ayuntamiento de Albacete ha resaltado la importancia de esta campa\u00f1a, \u201cmuy visual y que llega a todo el mundo. Hay que insistir en que la sociedad tome conciencia del da\u00f1o que se ocasiona a la econom\u00eda, en esta caso local y provincial\u201d.<\/p>\n<p style=\"text-align: justify;\">En su opini\u00f3n, es \u201cm\u00e1s indicado luchar contra el fraude fiscal y la competencia desleal que subir los impuestos. La lucha contra el fraude fiscal no es una cuesti\u00f3n ideol\u00f3gica, sino un trabajo entre todos. Es una pr\u00e1ctica que da\u00f1a nuestra econom\u00eda\u201d.<\/p>\n<p style=\"text-align: justify;\">La Plataforma por la Legalidad busca, principalmente, sensibilizar en temas como:<\/p>\n<p style=\"text-align: justify;\">Competencia desleal y su impacto en el desarrollo econ\u00f3mico y la creaci\u00f3n de empleo.<\/p>\n<p style=\"text-align: justify;\">Relevancia del pago de impuestos y la contrataci\u00f3n laboral legal.<\/p>\n<p style=\"text-align: justify;\">Protecci\u00f3n de los servicios sociales.<\/p>\n<p style=\"text-align: justify;\">El consumo responsable.<\/p>\n<p style=\"text-align: justify;\">Importancia de la competencia sana y l\u00edcita.<\/p>\n<p style=\"text-align: justify;\">El da\u00f1o que se hace a la econom\u00eda de la ciudad cuando se contratan servicios y\/o compran productos en lugares que est\u00e1n al margen de la legalidad.<\/p>\n<p style=\"text-align: justify;\">Adem\u00e1s, coordina y participa de forma activa en acciones de sensibilizaci\u00f3n y difusi\u00f3n en colegios, centros de ense\u00f1anza secundaria, concretamente ese a\u00f1o se han realizado hasta la fecha dos charlas de concienciaci\u00f3n en los institutos de educaci\u00f3n secundaria Universidad Laboral y Federico Garc\u00eda Lorca, donde nos hemos dirigido a un total de 120 alumnos, en estas charlas se les ha intentado trasladar que es emprender, ser empresario, como se encuentra el sector del ciclo formativo que est\u00e1n cursando y lo importante que es luchar contra la econom\u00eda sumergida y el intrusismo profesional.<\/p>\n<p style=\"text-align: justify;\">La Plataforma por la Legalidad cuenta con el respaldo institucional e interlocuci\u00f3n ante las administraciones y organismos p\u00fablicos a trav\u00e9s de FEDA, que es quien gestiona y ejecuta los acuerdos de la plataforma.<\/p>\n<p style=\"text-align: justify;\">La integran estas asociaciones:<\/p>\n<p style=\"text-align: justify;\">Asociaci\u00f3n de Gestores Ambientales de Albacete, AGESAM; Asociaci\u00f3n Provincial de Empresarios de Fontaneros, Calefactores y Afines, AFONCALBA; Asociaci\u00f3n Provincial de Empresarios de Instaladores Electricistas y de Telecomunicaciones de Albacete, APIET; Asociaci\u00f3n Provincial de Empresas Agroalimentarias de Albacete; Asociaci\u00f3n Provincial de Peluquer\u00eda y Afines de Albacete, APAF; Asociaci\u00f3n de Centros de Ense\u00f1anza, ACEPA; Asociaci\u00f3n Empresarios Maquinas Recolectoras, APEMA; Asociaci\u00f3n Provincial de Empresarios de Cuchiller\u00eda de Albacete, APRECU; Asociaci\u00f3n Provincial de Empresarios de Limpieza de Albacete, APLA; Asociaci\u00f3n Provincial de Empresarios de Talleres de Reparaci\u00f3n de Veh\u00edculos y Afines, APETREVA; Federaci\u00f3n de Comercio de Albacete, FEC0M; Asociaci\u00f3n Provincial de Empresas de Seguridad de Albacete, AESAB; Asociaci\u00f3n de Empresarios de Servicios Regulares de Viajeros; Asociaci\u00f3n de Empresarios de Transportes de Servicios Discrecionales de Viajeros; Asociaci\u00f3n Provincial de Empresarios de Agencias de Viaje en Albacete, AVA; Asociaci\u00f3n Provincial de Empresarios de Servicios de la Actividad F\u00edsica y el Deporte, AESAD; Asociaci\u00f3n Provincial de Oficinas y Despachos; Asociaci\u00f3n Provincial de Empresas de la Tecnolog\u00eda de la Informaci\u00f3n, APETI; Asolaci\u00f3n de Servicios Funerarios de Albacete, ASFA; Asociaci\u00f3n de Empresarios de Centros Privados de Educaci\u00f3n Infantil de la Provincial de Albacete, ACEI; Asociaci\u00f3n de Empresarios del Sector de la Madera de Albacete.; Asociaci\u00f3n Empresarial de Gestores Ambientales de la Provincial de Albacete, AGIPAL; Asociaci\u00f3n de Dise\u00f1adores Profesionales de Albacete ,DAB; APRA.<\/p>\n<p><!--publicidad-voz03--><a href=\"https:\/\/www.facebook.com\/profile.php?id=100063593791305&amp;locale=es_ES\"><img decoding=\"async\" class=\"alignnone size-medium\" src=\"https:\/\/blogger.googleusercontent.com\/img\/b\/R29vZ2xl\/AVvXsEi8_n_ll8UOcGxCqzFvb_9Io4ICczlGC990BPtPj2w9Px-u7B3oqWUW5vtjZUqPNJ-nyjiUIorE0ATsib_l5tV8BVN-UJ03RTnU__IHJF_4DgDBtY4LIqXNG-FomrO-7ywes20CBCRM2Hcm7EJSh3UUw1dO-c_uTflUrtgY1i7uBRezj_DpympmEFkfbQY\/s1600\/logo-principal2.jpg\" width=\"100%\" height=\"100\" \/><\/a><!--bestpublic-voz03--><!--desk-in-out-voz03--><br \/>\n<!--publicidad-voz04--><a href=\"https:\/\/www.facebook.com\/profile.php?id=61557370768692&amp;locale=es_ES\"><img decoding=\"async\" class=\"alignnone size-medium\" src=\"https:\/\/blogger.googleusercontent.com\/img\/b\/R29vZ2xl\/AVvXsEgy5RdcfffrnrItnYTcV9bCJjgJwldsQLWssfVfrLbyfXeBNTFKgBf0rMIvhrUaGUhiXzVr9_eQgCbi-j63ZDpfTvLIty9w7s140y-m1yHe7eKmEK7v2NAHUJDVYGdfeiQFeRCqUjdwWmN1MX_AUxxz4IVdJ4WIM0APxit8bjWkXzrnEFGqBvW_1F13H1g\/s1600\/logo-principal5.jpg\" width=\"100%\" height=\"100\" \/><\/a><!--bestpublic-voz04--><!--desk-in-out-voz04--><br \/>\n<!--publicidad-voz05--><a href=\"https:\/\/www.facebook.com\/asociaciontamborileroshellin?locale=es_ES\"><img decoding=\"async\" class=\"alignnone size-medium\" src=\"https:\/\/blogger.googleusercontent.com\/img\/b\/R29vZ2xl\/AVvXsEhHEEpZsKK1VpwiYMrS7aE2ujtqIDZoLd4B5wtbiseSU9s2HdTdQfhF84So2XwEB1fv0BLw95GADm6hUl1bkKtzh-eIgVigXONuu_5RxeIMPhjk8q6uNX4EaEHbooKkbu7pCADWPpVJjhKIH5NQSJpWqedC-YBez4QAQeJYokkLot9bhrIaUAeztsGis6M\/s1600\/logo-principal3.jpg\" width=\"100%\" height=\"100\" \/><\/a><!--bestpublic-voz05--><!--desk-in-out-voz05--><br \/>\n<!--publicidad-voz06--><!--bestpublic-voz06--><!--desk-in-out-voz06--><br \/>\n<!--publicidad-voz07--><!--bestpublic-voz07--><!--desk-in-out-voz07--><br \/>\n<!--publicidad-voz08--><!--bestpublic-voz08--><!--desk-in-out-voz08--><br \/>\n<!--publicidad-voz09--><!--bestpublic-voz09--><!--desk-in-out-voz09--><br \/>\n<!--publicidad-voz10--><!--bestpublic-voz10--><!--desk-in-out-voz10--><br \/>\n<!--publicidad-voz11--><!--bestpublic-voz11--><!--desk-in-out-voz11--><br \/>\n<!--publicidad-voz12--><!--bestpublic-voz12--><!--desk-in-out-voz12--><br \/>\n<!--publicidad-voz13--><!--bestpublic-voz13--><!--desk-in-out-voz13--><br \/>\n<!--publicidad-voz14--><!--bestpublic-voz14--><!--desk-in-out-voz14--><br \/>\n<!--publicidad-voz15--><!--bestpublic-voz15--><!--desk-in-out-voz15--><br \/>\n<!--publicidad-voz16--><!--bestpublic-voz16--><!--desk-in-out-voz16--><\/p>\n","protected":false},"excerpt":{"rendered":"<p>FEDA, a trav\u00e9s de su Plataforma por la Legalidad, ha presentado una nueva campa\u00f1a advirtiendo del intrusismo y la econom\u00eda sumergida y el da\u00f1o que se ocasiona al desarrollo econ\u00f3mico&#8230;<\/p>\n","protected":false},"author":2,"featured_media":149708,"comment_status":"closed","ping_status":"closed","sticky":false,"template":"","format":"standard","meta":{"footnotes":""},"categories":[753,718,715,716,717],"tags":[],"class_list":["post-149707","post","type-post","status-publish","format-standard","has-post-thumbnail","hentry","category-blog-lv034","category-blogger","category-la-voz-de-hellin","category-la-voz-de-hellin-la-voz-de-hellin","category-noticias"],"_links":{"self":[{"href":"https:\/\/lavozdehellin.com\/noticias\/wp-json\/wp\/v2\/posts\/149707","targetHints":{"allow":["GET"]}}],"collection":[{"href":"https:\/\/lavozdehellin.com\/noticias\/wp-json\/wp\/v2\/posts"}],"about":[{"href":"https:\/\/lavozdehellin.com\/noticias\/wp-json\/wp\/v2\/types\/post"}],"author":[{"embeddable":true,"href":"https:\/\/lavozdehellin.com\/noticias\/wp-json\/wp\/v2\/users\/2"}],"replies":[{"embeddable":true,"href":"https:\/\/lavozdehellin.com\/noticias\/wp-json\/wp\/v2\/comments?post=149707"}],"version-history":[{"count":0,"href":"https:\/\/lavozdehellin.com\/noticias\/wp-json\/wp\/v2\/posts\/149707\/revisions"}],"wp:featuredmedia":[{"embeddable":true,"href":"https:\/\/lavozdehellin.com\/noticias\/wp-json\/wp\/v2\/media\/149708"}],"wp:attachment":[{"href":"https:\/\/lavozdehellin.com\/noticias\/wp-json\/wp\/v2\/media?parent=149707"}],"wp:term":[{"taxonomy":"category","embeddable":true,"href":"https:\/\/lavozdehellin.com\/noticias\/wp-json\/wp\/v2\/categories?post=149707"},{"taxonomy":"post_tag","embeddable":true,"href":"https:\/\/lavozdehellin.com\/noticias\/wp-json\/wp\/v2\/tags?post=149707"}],"curies":[{"name":"wp","href":"https:\/\/api.w.org\/{rel}","templated":true}]}}