{"id":149713,"date":"2024-04-09T16:38:30","date_gmt":"2024-04-09T14:38:30","guid":{"rendered":"https:\/\/lavozdehellin.com\/noticias\/?p=149713"},"modified":"2024-04-11T11:46:30","modified_gmt":"2024-04-11T09:46:30","slug":"v08-482-la-diputacion-de-albacete-y-la-fundacion-de-cultura-islamica-sellan-un-acuerdo-para-colaborar-en-la-investigacion-y-puesta-en-valor-del-legado-historico-provincial","status":"publish","type":"post","link":"https:\/\/lavozdehellin.com\/noticias\/v08-482-la-diputacion-de-albacete-y-la-fundacion-de-cultura-islamica-sellan-un-acuerdo-para-colaborar-en-la-investigacion-y-puesta-en-valor-del-legado-historico-provincial\/","title":{"rendered":"LVH NOTICIAS | LA DIPUTACI\u00d3N DE ALBACETE Y LA FUNDACI\u00d3N DE CULTURA ISL\u00c1MICA SELLAN UN ACUERDO PARA COLABORAR EN LA INVESTIGACI\u00d3N Y PUESTA EN VALOR DEL LEGADO HIST\u00d3RICO PROVINCIAL"},"content":{"rendered":"<p style=\"text-align: justify;\">En un nuevo paso hacia el reconocimiento y la puesta en valor del patrimonio, arqueol\u00f3gico, hist\u00f3rico y cultural de Albacete, la Diputaci\u00f3n Provincial, a trav\u00e9s de su Instituto de Estudios Albacetenses \u2018Don Juan Manuel\u2019, y la Fundaci\u00f3n de Cultura Isl\u00e1mica (FUNCI) han sellado un convenio de colaboraci\u00f3n destinado a fomentar la investigaci\u00f3n y la difusi\u00f3n del legado isl\u00e1mico en la provincia.<\/p>\n<p><!--more--><br \/>\n<!--publicidad-voz01--><a href=\"https:\/\/www.facebook.com\/SoloRadioHellin\/?locale=es_ES\"><img decoding=\"async\" class=\"alignnone size-medium\" src=\"https:\/\/blogger.googleusercontent.com\/img\/b\/R29vZ2xl\/AVvXsEiNncirNnyGedv00mhjZjh5Wl4_YPdJGanoAl8tL8zH-HwqE8uHqjEfSt340RHdx-9tuCSIkZ8rFamZiGyYlgDGxCsmXjCH_1xk5eYM3ntFZRvJP_jndOKR7w1UAo9Tu0vrZyOLfqRpHIxYI5SymJJ-pfGCQw6QVpggBH-UgfjiFQ2JOxqxG0Jx94kW83c\/s1600\/logo-principal.jpg\" width=\"100%\" height=\"100\" \/><\/a><!--bestpublic-voz01--><!--desk-in-out-voz01--><br \/>\n<!--publicidad-voz02--><a href=\"https:\/\/www.hellincf.com\/\"><img decoding=\"async\" class=\"alignnone size-medium\" src=\"https:\/\/blogger.googleusercontent.com\/img\/b\/R29vZ2xl\/AVvXsEhuZ4-XfBVj3UtdP8-RZugy3WVrg-Zv28c53m4oV47qYCxL1rX_dqWX_YddsGSnpH5SRDqZ7bZeKPIfDVCDncpjVlhy3aQs2vojcJBn7Gdv9hC2_Nzct_pRFrnFE1a7KTCdY1bT_kAgnY3-iadRZrGeJf1fR2P5fu11bokx0pWjaypoy-ctwCjklldpEbA\/s1600\/logo-principal7.jpg\" width=\"100%\" height=\"100\" \/><\/a><!--bestpublic-voz02--><!--desk-in-out-voz02--><\/p>\n<p style=\"text-align: justify;\">La r\u00fabrica ha tenido lugar en El Museo Taller del Moro (de titularidad estatal y gesti\u00f3n auton\u00f3mica), un edificio singular del siglo XIV, declarado Monumento Hist\u00f3rico Art\u00edstico en 1931 que fue adquirido por el Estado y abierto al p\u00fablico como museo en 1963.<\/p>\n<p style=\"text-align: justify;\">El acuerdo, firmado por el vicepresidente provincial, Fran Valera, en nombre del IEA de la Diputaci\u00f3n, subraya el compromiso compartido por fomentar el entendimiento y la apreciaci\u00f3n del rico patrimonio cultural y art\u00edstico vinculado al Islam en Albacete. Un \u201cmarco de colaboraci\u00f3n\u201d con la visi\u00f3n de ejecutar proyectos conjuntos (como congresos, publicaciones y actividades de investigaci\u00f3n) que destaquen la relevancia de este tipo de patrimonio en el territorio albacetense.<\/p>\n<p style=\"text-align: justify;\">\u201cEs un honor que el Instituto de Estudios Albacetenses pueda formalizar la colaboraci\u00f3n con esta instituci\u00f3n que es una referencia en la divulgaci\u00f3n de la cultura isl\u00e1mica; supone un intercambio de conocimientos importante que va a enriquecer las diferentes excavaciones que desde el IEA se est\u00e1n realizando sobre esa \u00e9poca andalus\u00ed, isl\u00e1mica, en la pen\u00ednsula y en la provincia\u201d, ha afirmado.<\/p>\n<p style=\"text-align: justify;\">La Alquer\u00eda Andalus\u00ed de La Graja (Higueruela), referente nacional en inter\u00e9s cient\u00edfico<\/p>\n<p style=\"text-align: justify;\">Un trabajo conjunto que, entre otras, se asienta en la significativa inversi\u00f3n (m\u00e1s de 60.000 euros desde el comienzo de los trabajos, en 2020) que viene realizando el Gobierno Provincial de Santi Caba\u00f1ero en la excavaci\u00f3n de la Alquer\u00eda Andalus\u00ed de La Graja (Higueruela) donde, campa\u00f1a a campa\u00f1a, varios descubrimientos (incluyendo la primera mezquita rural de Castilla-La Mancha y un ejemplar completo de oveja que evidencia de la econom\u00eda ganadera del siglo XI) han puesto a Albacete en el centro del di\u00e1logo acad\u00e9mico nacional con un inter\u00e9s cient\u00edfico referente.<\/p>\n<p style=\"text-align: justify;\">\u201cTenemos una de las excavaciones claves a nivel nacional; no soy pretencioso cuando digo que la excavaci\u00f3n de la Alquer\u00eda de La Graja de Higueruela est\u00e1 ahora mismo poniendo de relieve c\u00f3mo viv\u00edan aquellas peque\u00f1as comunidades agr\u00edcolas y ganaderas alrededor del siglo X y XI en nuestra tierra\u2026 Estamos poniendo en valor una \u00e9poca, como es el secano andalus\u00ed, totalmente desconocida, poco estudiada, poco divulgada\u2026 y lo estamos haciendo de la mano de los mejores investigadores y de instituciones como el Centro Superior de Investigaciones Cient\u00edficas (el CSIC), de la Escuela de Estudios \u00c1rabes, y en este caso (con esta nueva colaboraci\u00f3n) con la FUNCI\u201d, ha se\u00f1alado Valera.<\/p>\n<p style=\"text-align: justify;\">Acciones que transmiten conocimiento cient\u00edfico y dinamizan los territorios<\/p>\n<p style=\"text-align: justify;\">El vicepresidente provincial ha explicado que esta colaboraci\u00f3n, adem\u00e1s de transmitirnos un importante flujo de conocimiento y de rigor cient\u00edfico (que es lo que se basa el d\u00eda a d\u00eda del Instituto y su \u00e9xito), viene a reforzar esa vertiente social, esa vertiente de dinamizaci\u00f3n del territorio que persiguen la Diputaci\u00f3n y el Instituto.<\/p>\n<p style=\"text-align: justify;\">\u201cHemos conseguido que detr\u00e1s de cada excavaci\u00f3n, de cada acci\u00f3n en cada municipio, se suponga un est\u00edmulo social y una dinamizaci\u00f3n del territorio. Se trata de aprovechar las oportunidades que nos da nuestra historia, convertirlas en recursos tur\u00edsticos y, as\u00ed, tambi\u00e9n plantear esa lucha para afrontar el Reto Demogr\u00e1fico que es cada d\u00eda el motivo de trabajo en la Diputaci\u00f3n provincial\u201d, ha asegurado.<\/p>\n<p style=\"text-align: justify;\">La FUNCI, reconocida por su dedicaci\u00f3n a la promoci\u00f3n del di\u00e1logo intercultural y la difusi\u00f3n del legado isl\u00e1mico en Espa\u00f1a y Occidente, ve en este convenio una oportunidad para ampliar sus conocimientos y su bagaje, reafirmando su compromiso con la preservaci\u00f3n de la cultura isl\u00e1mica.<\/p>\n<p style=\"text-align: justify;\">Con este convenio, ambas partes se comprometen a trabajar juntas en la puesta en valor de un patrimonio que es crucial no s\u00f3lo para la comprensi\u00f3n de un pasado com\u00fan, sino tambi\u00e9n para la construcci\u00f3n de un futuro compartido basado en el respeto, la convivencia, el conocimiento y la puesta en valor de nuestra diversidad cultural.<\/p>\n<p style=\"text-align: justify;\">Adem\u00e1s de quienes han protagonizado la firma, a este acto de r\u00fabrica ha asistido la alcaldesa de Higueruela, Isabel Mart\u00ednez, y los codirectores del proyecto arqueol\u00f3gico que se desarrolla en La Graja: Jos\u00e9 Luis Sim\u00f3n (Instituto de Estudios Albacetenses \u2018Don Juan Manuel\u2019), Pedro Jim\u00e9nez (Escuela Estudios \u00c1rabes- CSIC) y Jos\u00e9 Mar\u00eda Moreno-Narganes (Universidad de Alicante).<\/p>\n<p><!--publicidad-voz03--><a href=\"https:\/\/www.facebook.com\/profile.php?id=100063593791305&amp;locale=es_ES\"><img decoding=\"async\" class=\"alignnone size-medium\" src=\"https:\/\/blogger.googleusercontent.com\/img\/b\/R29vZ2xl\/AVvXsEi8_n_ll8UOcGxCqzFvb_9Io4ICczlGC990BPtPj2w9Px-u7B3oqWUW5vtjZUqPNJ-nyjiUIorE0ATsib_l5tV8BVN-UJ03RTnU__IHJF_4DgDBtY4LIqXNG-FomrO-7ywes20CBCRM2Hcm7EJSh3UUw1dO-c_uTflUrtgY1i7uBRezj_DpympmEFkfbQY\/s1600\/logo-principal2.jpg\" width=\"100%\" height=\"100\" \/><\/a><!--bestpublic-voz03--><!--desk-in-out-voz03--><br \/>\n<!--publicidad-voz04--><a href=\"https:\/\/www.facebook.com\/profile.php?id=61557370768692&amp;locale=es_ES\"><img decoding=\"async\" class=\"alignnone size-medium\" src=\"https:\/\/blogger.googleusercontent.com\/img\/b\/R29vZ2xl\/AVvXsEgy5RdcfffrnrItnYTcV9bCJjgJwldsQLWssfVfrLbyfXeBNTFKgBf0rMIvhrUaGUhiXzVr9_eQgCbi-j63ZDpfTvLIty9w7s140y-m1yHe7eKmEK7v2NAHUJDVYGdfeiQFeRCqUjdwWmN1MX_AUxxz4IVdJ4WIM0APxit8bjWkXzrnEFGqBvW_1F13H1g\/s1600\/logo-principal5.jpg\" width=\"100%\" height=\"100\" \/><\/a><!--bestpublic-voz04--><!--desk-in-out-voz04--><br \/>\n<!--publicidad-voz05--><a href=\"https:\/\/www.facebook.com\/asociaciontamborileroshellin?locale=es_ES\"><img decoding=\"async\" class=\"alignnone size-medium\" src=\"https:\/\/blogger.googleusercontent.com\/img\/b\/R29vZ2xl\/AVvXsEhHEEpZsKK1VpwiYMrS7aE2ujtqIDZoLd4B5wtbiseSU9s2HdTdQfhF84So2XwEB1fv0BLw95GADm6hUl1bkKtzh-eIgVigXONuu_5RxeIMPhjk8q6uNX4EaEHbooKkbu7pCADWPpVJjhKIH5NQSJpWqedC-YBez4QAQeJYokkLot9bhrIaUAeztsGis6M\/s1600\/logo-principal3.jpg\" width=\"100%\" height=\"100\" \/><\/a><!--bestpublic-voz05--><!--desk-in-out-voz05--><br \/>\n<!--publicidad-voz06--><!--bestpublic-voz06--><!--desk-in-out-voz06--><br \/>\n<!--publicidad-voz07--><!--bestpublic-voz07--><!--desk-in-out-voz07--><br \/>\n<!--publicidad-voz08--><!--bestpublic-voz08--><!--desk-in-out-voz08--><br \/>\n<!--publicidad-voz09--><!--bestpublic-voz09--><!--desk-in-out-voz09--><br \/>\n<!--publicidad-voz10--><!--bestpublic-voz10--><!--desk-in-out-voz10--><br \/>\n<!--publicidad-voz11--><!--bestpublic-voz11--><!--desk-in-out-voz11--><br \/>\n<!--publicidad-voz12--><!--bestpublic-voz12--><!--desk-in-out-voz12--><br \/>\n<!--publicidad-voz13--><!--bestpublic-voz13--><!--desk-in-out-voz13--><br \/>\n<!--publicidad-voz14--><!--bestpublic-voz14--><!--desk-in-out-voz14--><br \/>\n<!--publicidad-voz15--><!--bestpublic-voz15--><!--desk-in-out-voz15--><br \/>\n<!--publicidad-voz16--><!--bestpublic-voz16--><!--desk-in-out-voz16--><\/p>\n","protected":false},"excerpt":{"rendered":"<p>En un nuevo paso hacia el reconocimiento y la puesta en valor del patrimonio, arqueol\u00f3gico, hist\u00f3rico y cultural de Albacete, la Diputaci\u00f3n Provincial, a trav\u00e9s de su Instituto de Estudios&#8230;<\/p>\n","protected":false},"author":2,"featured_media":149714,"comment_status":"closed","ping_status":"closed","sticky":false,"template":"","format":"standard","meta":{"footnotes":""},"categories":[753,718,715,716,717],"tags":[],"class_list":["post-149713","post","type-post","status-publish","format-standard","has-post-thumbnail","hentry","category-blog-lv034","category-blogger","category-la-voz-de-hellin","category-la-voz-de-hellin-la-voz-de-hellin","category-noticias"],"_links":{"self":[{"href":"https:\/\/lavozdehellin.com\/noticias\/wp-json\/wp\/v2\/posts\/149713","targetHints":{"allow":["GET"]}}],"collection":[{"href":"https:\/\/lavozdehellin.com\/noticias\/wp-json\/wp\/v2\/posts"}],"about":[{"href":"https:\/\/lavozdehellin.com\/noticias\/wp-json\/wp\/v2\/types\/post"}],"author":[{"embeddable":true,"href":"https:\/\/lavozdehellin.com\/noticias\/wp-json\/wp\/v2\/users\/2"}],"replies":[{"embeddable":true,"href":"https:\/\/lavozdehellin.com\/noticias\/wp-json\/wp\/v2\/comments?post=149713"}],"version-history":[{"count":0,"href":"https:\/\/lavozdehellin.com\/noticias\/wp-json\/wp\/v2\/posts\/149713\/revisions"}],"wp:featuredmedia":[{"embeddable":true,"href":"https:\/\/lavozdehellin.com\/noticias\/wp-json\/wp\/v2\/media\/149714"}],"wp:attachment":[{"href":"https:\/\/lavozdehellin.com\/noticias\/wp-json\/wp\/v2\/media?parent=149713"}],"wp:term":[{"taxonomy":"category","embeddable":true,"href":"https:\/\/lavozdehellin.com\/noticias\/wp-json\/wp\/v2\/categories?post=149713"},{"taxonomy":"post_tag","embeddable":true,"href":"https:\/\/lavozdehellin.com\/noticias\/wp-json\/wp\/v2\/tags?post=149713"}],"curies":[{"name":"wp","href":"https:\/\/api.w.org\/{rel}","templated":true}]}}