{"id":149719,"date":"2024-04-10T13:31:44","date_gmt":"2024-04-10T11:31:44","guid":{"rendered":"https:\/\/lavozdehellin.com\/noticias\/?p=149719"},"modified":"2024-04-11T11:46:30","modified_gmt":"2024-04-11T09:46:30","slug":"v08-484-la-diputacion-de-albacete-colabora-activamente-con-las-asociaciones-de-parkinson-de-la-provincia-beneficiarias-del-14-de-las-ayudas-que-en-2023-destino-al-tejido-sociosanitario","status":"publish","type":"post","link":"https:\/\/lavozdehellin.com\/noticias\/v08-484-la-diputacion-de-albacete-colabora-activamente-con-las-asociaciones-de-parkinson-de-la-provincia-beneficiarias-del-14-de-las-ayudas-que-en-2023-destino-al-tejido-sociosanitario\/","title":{"rendered":"LVH NOTICIAS | LA DIPUTACI\u00d3N DE ALBACETE COLABORA ACTIVAMENTE CON LAS ASOCIACIONES DE P\u00c1RKINSON DE LA PROVINCIA, BENEFICIARIAS DEL 14 % DE LAS AYUDAS QUE EN 2023 DESTIN\u00d3 AL TEJIDO SOCIOSANITARIO"},"content":{"rendered":"<p style=\"text-align: justify;\">El 11 de abril se celebra el D\u00eda Mundial del P\u00e1rkinson y la Diputaci\u00f3n de Albacete ha querido conmemorar esta efem\u00e9ride de la mano del tejido sociosanitario.<\/p>\n<p><!--more--><br \/>\n<!--publicidad-voz01--><a href=\"https:\/\/www.facebook.com\/SoloRadioHellin\/?locale=es_ES\"><img decoding=\"async\" class=\"alignnone size-medium\" src=\"https:\/\/blogger.googleusercontent.com\/img\/b\/R29vZ2xl\/AVvXsEiNncirNnyGedv00mhjZjh5Wl4_YPdJGanoAl8tL8zH-HwqE8uHqjEfSt340RHdx-9tuCSIkZ8rFamZiGyYlgDGxCsmXjCH_1xk5eYM3ntFZRvJP_jndOKR7w1UAo9Tu0vrZyOLfqRpHIxYI5SymJJ-pfGCQw6QVpggBH-UgfjiFQ2JOxqxG0Jx94kW83c\/s1600\/logo-principal.jpg\" width=\"100%\" height=\"100\" \/><\/a><!--bestpublic-voz01--><!--desk-in-out-voz01--><br \/>\n<!--publicidad-voz02--><a href=\"https:\/\/www.hellincf.com\/\"><img decoding=\"async\" class=\"alignnone size-medium\" src=\"https:\/\/blogger.googleusercontent.com\/img\/b\/R29vZ2xl\/AVvXsEhuZ4-XfBVj3UtdP8-RZugy3WVrg-Zv28c53m4oV47qYCxL1rX_dqWX_YddsGSnpH5SRDqZ7bZeKPIfDVCDncpjVlhy3aQs2vojcJBn7Gdv9hC2_Nzct_pRFrnFE1a7KTCdY1bT_kAgnY3-iadRZrGeJf1fR2P5fu11bokx0pWjaypoy-ctwCjklldpEbA\/s1600\/logo-principal7.jpg\" width=\"100%\" height=\"100\" \/><\/a><!--bestpublic-voz02--><!--desk-in-out-voz02--><\/p>\n<p style=\"text-align: justify;\">Su diputado del \u00c1rea Social, Jos\u00e9 Gonz\u00e1lez, se ha desplazado hasta La Roda donde ha acompa\u00f1ado a la Asociaci\u00f3n de P\u00e1rkinson local \u2013 CIRENC en el acto institucional que han organizado, reiterando el respaldo del Gobierno provincial a cada entidad que, como \u00e9sta, trabaja para mejorar el d\u00eda a d\u00eda y la calidad de vida de las personas que conviven con esta enfermedad.<\/p>\n<p style=\"text-align: justify;\">Tras la lectura del manifiesto a cargo de usuarios y usuarias y de una visita al centro, Gonz\u00e1lez ha participado, junto al presidente de la Asociaci\u00f3n de P\u00e1rkinson La Roda, Pedro L\u00f3pez, y a la directora del CIRENC, Milagros Calero, en la inauguraci\u00f3n de las Jornadas que han organizado en el marco de esta fecha, y que se prolongar\u00e1n tambi\u00e9n a lo largo de esta tarde, pero ya en el Campus de Albacete de la UCLM, donde est\u00e1 prevista la asistencia del diputado provincial de Sanidad, Francisco Garc\u00eda.<\/p>\n<p style=\"text-align: justify;\">Jos\u00e9 Gonz\u00e1lez, que ha comenzado sus palabras agradeciendo a esta entidad el gran trabajo que lleva a cabo durante todo el a\u00f1o y \u201csu imprescindible\u201d labor de acompa\u00f1amiento a enfermos, enfermas y familias, les ha felicitado por elegir \u2018celebrar\u2019 el D\u00eda Mundial del P\u00e1rkinson con unas jornadas formativas e informativas, explicando que para luchar contra esta enfermedad \u201ces clave\u201d sensibilizar a la ciudadan\u00eda en torno a ella, \u201cy para eso es vital \u2018acercarla\u2019 a la sociedad, darla a conocer, eliminar tab\u00fas y estigmas, ofrecer foros de informaci\u00f3n veraz, profesional\u2026 Y eso es precisamente lo que va a conseguir esta iniciativa que es totalmente transversales y cuenta con grandes profesionales en muy diversas materias\u201d.<\/p>\n<p style=\"text-align: justify;\">El responsable provincial tambi\u00e9n ha se\u00f1alado que el CIRENC se ha consolidado como un referente regional en tratamientos neurol\u00f3gicos por el abordaje transdisciplinar y la gran cantidad de recursos que ofrece a sus m\u00e1s de 400 usuarios y usuarias de cerca de 30 localidades diferentes, y ha destacado que \u201ctanto el continente (las instalaciones) como el contenido (los y las profesionales y voluntarios que le dan vida) son un ejemplo\u201d.<\/p>\n<p style=\"text-align: justify;\">Adem\u00e1s, ha puesto de manifiesto que citas como \u00e9sta, en la que se dan la mano las instituciones p\u00fablicas, el tejido asociativo y el sector privado, \u201cson muy importantes en esa tarea de visibilizar el p\u00e1rkinson y sensibilizar a la sociedad en torno a esta enfermedad, pero tambi\u00e9n para decirles a las personas que lo sufren y a sus familias que no est\u00e1n solas, que la provincia de Albacete est\u00e1 a su lado, y lo est\u00e1 de la mano de la Diputaci\u00f3n que trabaja con las asociaciones para contribuir a mejorar su vida\u201d.<\/p>\n<p style=\"text-align: justify;\">La Diputaci\u00f3n destin\u00f3 al tejido sociosanitario de La Roda m\u00e1s de 20.000 \u20ac en 2023, \u201cinversiones con las que estamos haciendo una provincia m\u00e1s humana, m\u00e1s justa, m\u00e1s libre y mejor para sus vecinos y vecinas\u201d<\/p>\n<p style=\"text-align: justify;\">De hecho, el Gobierno provincial que preside Santi Caba\u00f1ero, en el marco de su convocatoria de ayudas a entidades sociosanitarias de 2023 (dotada con 279.000 \u20ac), destin\u00f3 algo m\u00e1s del 14% del total a entidades vinculadas con el p\u00e1rkinson. M\u00e1s de 40.000 \u20ac dirigidos a las asociaciones de Albacete, Almansa, Hell\u00edn, Villarrobledo y La Roda. En este \u00faltimo caso, se aprob\u00f3 una cuant\u00eda superior a los 10.000 \u20ac, tal y como ha recordado Gonz\u00e1lez, con la que se ha colaborado en el transporte adaptado para personas con enfermedades neurol\u00f3gicas. Asimismo, gracias a esta l\u00ednea de subvenciones tambi\u00e9n se han impulsado otros proyectos en el resto de localidades, que van desde terapias complementarias hasta rehabilitaci\u00f3n multidisciplinar.<\/p>\n<p style=\"text-align: justify;\">Adem\u00e1s, la Diputaci\u00f3n de Albacete (entre convocatorias de ayudas y convenios) pone a disposici\u00f3n del tejido sociosanitario de la provincia m\u00e1s de 2.000.000 \u20ac y, en concreto, en La Roda durante el pasado a\u00f1o, colabor\u00f3 con m\u00e1s de 20.000 \u20ac con asociaciones como Adelante C-LM, AFA, \u2018Mentes Abiertas\u2019 o la de P\u00e1rkinson.<\/p>\n<p style=\"text-align: justify;\">\u201cCon estas inversiones estamos haciendo una provincia m\u00e1s humana, m\u00e1s justa, m\u00e1s libre y mejor para sus vecinos y vecinas y, especialmente, para quienes son m\u00e1s vulnerables o afrontan el d\u00eda a d\u00eda con m\u00e1s dificultades\u201d, ha afirmado Gonz\u00e1lez, y ha apuntado que ese es el compromiso del Gobierno provincial, indicando que trabajar por la igualdad de oportunidades y por el bienestar de las personas \u201cson prioridades\u201d en su hoja de ruta, \u201cdel mismo modo que lo es hacerlo al lado de quienes mejor conocen cada realidad, ya sean los ayuntamientos o, en este caso, las asociaciones\u201d, y ha afirmado que la de p\u00e1rkinson de La Roda \u201ces un ejemplo de atenci\u00f3n cercana, personalizada y emp\u00e1tica\u201d.<\/p>\n<p style=\"text-align: justify;\">Gonz\u00e1lez alude a la importancia de la investigaci\u00f3n, el diagn\u00f3stico precoz, la asistencia de calidad y a\u00f1ade el trato emp\u00e1tico<\/p>\n<p style=\"text-align: justify;\">Momento que ha aprovechado para poner el foco en la inteligencia emocional como herramienta para mejorar la vida de las personas que sufren esta enfermedad y de sus entornos de cuidados, advirtiendo que del mismo modo que es imprescindible el diagn\u00f3stico precoz, invertir en investigaci\u00f3n y una asistencia sociosanitaria de calidad, tambi\u00e9n lo es el trato emp\u00e1tico. Asimismo, ha enviado un afectuoso mensaje de apoyo y cari\u00f1o a las personas cuidadoras.<\/p>\n<p style=\"text-align: justify;\">Finalmente, Jos\u00e9 Gonz\u00e1lez ha concluido reiterando que tanto la Asociaci\u00f3n de P\u00e1rkinson de La Roda como el resto de entidades que trabajan en torno a esta enfermedad en la provincia, tienen en la Diputaci\u00f3n de Albacete a una aliada \u201cque les tiende la mano para colaborar en aquellos proyectos que impulsan\u201d para hacer frente a una enfermedad que se ha duplicado en los \u00faltimos a\u00f1os, con m\u00e1s de 160.000 personas que la parecen en Espa\u00f1a (m\u00e1s de 10.000 nuevos casos al a\u00f1o), y m\u00e1s de 7.500 en C-LM, convertida en la segunda enfermedad neurodegenerativa con mayor incidencia en el mundo.<\/p>\n<p style=\"text-align: justify;\">Reconocimientos<\/p>\n<p style=\"text-align: justify;\">En la inauguraci\u00f3n de estas jornadas, que el d\u00eda 19 de abril tendr\u00e1n una cita espec\u00edfica en La Roda, tambi\u00e9n han tomado la palabra la concejala de Servicios Sociales de La Roda, Eva Perea; la delegada provincial de Sanidad, Juani Garc\u00eda; el director del Hospital General de Albacete, Alberto Sans\u00f3n; la diputada de Servicios Sociales de Cuenca, Eva Garc\u00eda; y la responsable de la Fundaci\u00f3n La Caixa, Rosa G\u00f3mez, al tiempo que durante el acto se ha hecho entrega de unos reconocimientos al Ayuntamiento de La Roda; la Direcci\u00f3n General de Humanizaci\u00f3n y Atenci\u00f3n Sociosanitaria; al Servicio de Rehabilitaci\u00f3n del Hospital General de Albacete; a la Fundaci\u00f3n ONCE; a COCEMFE Nacional; y a las Fundaciones La Caixa y Globalcaja. Entidades a las que el diputado provincial ha felicitado personalmente.<\/p>\n<p><!--publicidad-voz03--><a href=\"https:\/\/www.facebook.com\/profile.php?id=100063593791305&amp;locale=es_ES\"><img decoding=\"async\" class=\"alignnone size-medium\" src=\"https:\/\/blogger.googleusercontent.com\/img\/b\/R29vZ2xl\/AVvXsEi8_n_ll8UOcGxCqzFvb_9Io4ICczlGC990BPtPj2w9Px-u7B3oqWUW5vtjZUqPNJ-nyjiUIorE0ATsib_l5tV8BVN-UJ03RTnU__IHJF_4DgDBtY4LIqXNG-FomrO-7ywes20CBCRM2Hcm7EJSh3UUw1dO-c_uTflUrtgY1i7uBRezj_DpympmEFkfbQY\/s1600\/logo-principal2.jpg\" width=\"100%\" height=\"100\" \/><\/a><!--bestpublic-voz03--><!--desk-in-out-voz03--><br \/>\n<!--publicidad-voz04--><a href=\"https:\/\/www.facebook.com\/profile.php?id=61557370768692&amp;locale=es_ES\"><img decoding=\"async\" class=\"alignnone size-medium\" src=\"https:\/\/blogger.googleusercontent.com\/img\/b\/R29vZ2xl\/AVvXsEgy5RdcfffrnrItnYTcV9bCJjgJwldsQLWssfVfrLbyfXeBNTFKgBf0rMIvhrUaGUhiXzVr9_eQgCbi-j63ZDpfTvLIty9w7s140y-m1yHe7eKmEK7v2NAHUJDVYGdfeiQFeRCqUjdwWmN1MX_AUxxz4IVdJ4WIM0APxit8bjWkXzrnEFGqBvW_1F13H1g\/s1600\/logo-principal5.jpg\" width=\"100%\" height=\"100\" \/><\/a><!--bestpublic-voz04--><!--desk-in-out-voz04--><br \/>\n<!--publicidad-voz05--><a href=\"https:\/\/www.facebook.com\/asociaciontamborileroshellin?locale=es_ES\"><img decoding=\"async\" class=\"alignnone size-medium\" src=\"https:\/\/blogger.googleusercontent.com\/img\/b\/R29vZ2xl\/AVvXsEhHEEpZsKK1VpwiYMrS7aE2ujtqIDZoLd4B5wtbiseSU9s2HdTdQfhF84So2XwEB1fv0BLw95GADm6hUl1bkKtzh-eIgVigXONuu_5RxeIMPhjk8q6uNX4EaEHbooKkbu7pCADWPpVJjhKIH5NQSJpWqedC-YBez4QAQeJYokkLot9bhrIaUAeztsGis6M\/s1600\/logo-principal3.jpg\" width=\"100%\" height=\"100\" \/><\/a><!--bestpublic-voz05--><!--desk-in-out-voz05--><br \/>\n<!--publicidad-voz06--><!--bestpublic-voz06--><!--desk-in-out-voz06--><br \/>\n<!--publicidad-voz07--><!--bestpublic-voz07--><!--desk-in-out-voz07--><br \/>\n<!--publicidad-voz08--><!--bestpublic-voz08--><!--desk-in-out-voz08--><br \/>\n<!--publicidad-voz09--><!--bestpublic-voz09--><!--desk-in-out-voz09--><br \/>\n<!--publicidad-voz10--><!--bestpublic-voz10--><!--desk-in-out-voz10--><br \/>\n<!--publicidad-voz11--><!--bestpublic-voz11--><!--desk-in-out-voz11--><br \/>\n<!--publicidad-voz12--><!--bestpublic-voz12--><!--desk-in-out-voz12--><br \/>\n<!--publicidad-voz13--><!--bestpublic-voz13--><!--desk-in-out-voz13--><br \/>\n<!--publicidad-voz14--><!--bestpublic-voz14--><!--desk-in-out-voz14--><br \/>\n<!--publicidad-voz15--><!--bestpublic-voz15--><!--desk-in-out-voz15--><br \/>\n<!--publicidad-voz16--><!--bestpublic-voz16--><!--desk-in-out-voz16--><\/p>\n","protected":false},"excerpt":{"rendered":"<p>El 11 de abril se celebra el D\u00eda Mundial del P\u00e1rkinson y la Diputaci\u00f3n de Albacete ha querido conmemorar esta efem\u00e9ride de la mano del tejido sociosanitario.<\/p>\n","protected":false},"author":2,"featured_media":149720,"comment_status":"closed","ping_status":"closed","sticky":false,"template":"","format":"standard","meta":{"footnotes":""},"categories":[753,718,715,716,717],"tags":[],"class_list":["post-149719","post","type-post","status-publish","format-standard","has-post-thumbnail","hentry","category-blog-lv034","category-blogger","category-la-voz-de-hellin","category-la-voz-de-hellin-la-voz-de-hellin","category-noticias"],"_links":{"self":[{"href":"https:\/\/lavozdehellin.com\/noticias\/wp-json\/wp\/v2\/posts\/149719","targetHints":{"allow":["GET"]}}],"collection":[{"href":"https:\/\/lavozdehellin.com\/noticias\/wp-json\/wp\/v2\/posts"}],"about":[{"href":"https:\/\/lavozdehellin.com\/noticias\/wp-json\/wp\/v2\/types\/post"}],"author":[{"embeddable":true,"href":"https:\/\/lavozdehellin.com\/noticias\/wp-json\/wp\/v2\/users\/2"}],"replies":[{"embeddable":true,"href":"https:\/\/lavozdehellin.com\/noticias\/wp-json\/wp\/v2\/comments?post=149719"}],"version-history":[{"count":0,"href":"https:\/\/lavozdehellin.com\/noticias\/wp-json\/wp\/v2\/posts\/149719\/revisions"}],"wp:featuredmedia":[{"embeddable":true,"href":"https:\/\/lavozdehellin.com\/noticias\/wp-json\/wp\/v2\/media\/149720"}],"wp:attachment":[{"href":"https:\/\/lavozdehellin.com\/noticias\/wp-json\/wp\/v2\/media?parent=149719"}],"wp:term":[{"taxonomy":"category","embeddable":true,"href":"https:\/\/lavozdehellin.com\/noticias\/wp-json\/wp\/v2\/categories?post=149719"},{"taxonomy":"post_tag","embeddable":true,"href":"https:\/\/lavozdehellin.com\/noticias\/wp-json\/wp\/v2\/tags?post=149719"}],"curies":[{"name":"wp","href":"https:\/\/api.w.org\/{rel}","templated":true}]}}