{"id":149722,"date":"2024-04-10T17:48:28","date_gmt":"2024-04-10T15:48:28","guid":{"rendered":"https:\/\/lavozdehellin.com\/noticias\/?p=149722"},"modified":"2024-04-11T11:46:30","modified_gmt":"2024-04-11T09:46:30","slug":"v08-485-garcia-alcaraz-reitera-el-compromiso-de-la-diputacion-con-las-entidades-que-atienden-a-pacientes-de-parkinson-a-las-que-la-institucion-destino-mas-de-40-000-euros-de-sus-ayudas-sociosanitarias","status":"publish","type":"post","link":"https:\/\/lavozdehellin.com\/noticias\/v08-485-garcia-alcaraz-reitera-el-compromiso-de-la-diputacion-con-las-entidades-que-atienden-a-pacientes-de-parkinson-a-las-que-la-institucion-destino-mas-de-40-000-euros-de-sus-ayudas-sociosanitarias\/","title":{"rendered":"LVH NOTICIAS | GARC\u00cdA ALCARAZ REITERA EL COMPROMISO DE LA DIPUTACI\u00d3N CON LAS ENTIDADES QUE ATIENDEN A PACIENTES DE PARKINSON, A LAS QUE LA INSTITUCI\u00d3N DESTIN\u00d3 M\u00c1S DE 40.000 EUROS DE SUS AYUDAS SOCIOSANITARIAS EN 2023"},"content":{"rendered":"<p style=\"text-align: justify;\">El diputado de Sanidad, Francisco Garc\u00eda Alcaraz, ha participado este mi\u00e9rcoles en la inauguraci\u00f3n de las Jornadas sobre Parkinson que, bajo el t\u00edtulo \u2018Una cuerda unidireccional\u2019, ha organizado durante toda la tarde en el Aula Magna de la Facultad de Medicina el Servicio de Neurolog\u00eda y Trastornos del Movimiento de la Gerencia de Atenci\u00f3n Integrada de Albacete de la mano de las distintas entidades que trabajan en materia de Parkinson en la provincia, con la de la capital al frente.<\/p>\n<p><!--more--><br \/>\n<!--publicidad-voz01--><a href=\"https:\/\/www.facebook.com\/SoloRadioHellin\/?locale=es_ES\"><img decoding=\"async\" class=\"alignnone size-medium\" src=\"https:\/\/blogger.googleusercontent.com\/img\/b\/R29vZ2xl\/AVvXsEiNncirNnyGedv00mhjZjh5Wl4_YPdJGanoAl8tL8zH-HwqE8uHqjEfSt340RHdx-9tuCSIkZ8rFamZiGyYlgDGxCsmXjCH_1xk5eYM3ntFZRvJP_jndOKR7w1UAo9Tu0vrZyOLfqRpHIxYI5SymJJ-pfGCQw6QVpggBH-UgfjiFQ2JOxqxG0Jx94kW83c\/s1600\/logo-principal.jpg\" width=\"100%\" height=\"100\" \/><\/a><!--bestpublic-voz01--><!--desk-in-out-voz01--><br \/>\n<!--publicidad-voz02--><a href=\"https:\/\/www.hellincf.com\/\"><img decoding=\"async\" class=\"alignnone size-medium\" src=\"https:\/\/blogger.googleusercontent.com\/img\/b\/R29vZ2xl\/AVvXsEhuZ4-XfBVj3UtdP8-RZugy3WVrg-Zv28c53m4oV47qYCxL1rX_dqWX_YddsGSnpH5SRDqZ7bZeKPIfDVCDncpjVlhy3aQs2vojcJBn7Gdv9hC2_Nzct_pRFrnFE1a7KTCdY1bT_kAgnY3-iadRZrGeJf1fR2P5fu11bokx0pWjaypoy-ctwCjklldpEbA\/s1600\/logo-principal7.jpg\" width=\"100%\" height=\"100\" \/><\/a><!--bestpublic-voz02--><!--desk-in-out-voz02--><\/p>\n<p style=\"text-align: justify;\">En lo relativo al \u00e1mbito m\u00e1s asistencial, lo ha hecho junto a representantes de la Gerencia de Atenci\u00f3n Integrada de Albacete y a la presidenta de Parkinson Albacete, Lola J\u00e1tiva; y, en la faceta m\u00e1s institucional, con la delegada provincial de Sanidad de la JCCM en Albacete, Juani Garc\u00eda; y la concejala de Calidad de Vida y Participaci\u00f3n Real y Efectiva del Ayuntamiento de Albacete, Llanos Navarro.<\/p>\n<p style=\"text-align: justify;\">Francisco Garc\u00eda Alcaraz ha aplaudido el impulso a esta iniciativa que, de la mano de las y los profesionales ligados al \u00e1mbito de la atenci\u00f3n sanitaria m\u00e1s directa a los y las pacientes de Parkinson, ha ahondado en temas de su especial inter\u00e9s, como la sintomatolog\u00eda inicial y diagn\u00f3stico; las complicaciones (motoras y no motoras) que lleva pareja; los tratamientos que existen (tanto en una fase avanzada, como incipientes); los procesos de rehabilitaci\u00f3n a seguir; el abordaje de la imaginer\u00eda motora como t\u00e9cnica de neurorehabilitaci\u00f3n; y las estrategias para salir de la congelaci\u00f3n de la marcha.<\/p>\n<p style=\"text-align: justify;\">El diputado ha agradecido la implicaci\u00f3n que han puesto en el desarrollo de estas Jornadas, tanto quienes las han llenado de contenido a trav\u00e9s de todas esas ponencias, como a la asociaciones de P\u00e1rkinson que operan en la provincia facilitando el d\u00eda a d\u00eda de sus usuarios y usuarias en todo el territorio.<\/p>\n<p style=\"text-align: justify;\">Garc\u00eda Alcaraz ha reiterado el compromiso del Gobierno de Caba\u00f1ero con esta \u201cv\u00eda directa y certera\u201d que el tejido asociativo representa a la hora de apoyar a quienes, como este tipo de pacientes, conviven con circunstancias especiales que requieren de cuidados concretos y de cuantos recursos sea posible reunir, prestando especial atenci\u00f3n (ha incidido) al aspecto psicol\u00f3gico. En este sentido, ha recordado que en 2023 la Diputaci\u00f3n destin\u00f3 cerca del 15% de sus ayudas (m\u00e1s de 40.000 euros) a respaldar proyectos desarrollados en la provincia por las distintas entidades sociosaniatias vinculadas al trabajo con personas que sufren Parkinson y sus familias.<\/p>\n<p><!--publicidad-voz03--><a href=\"https:\/\/www.facebook.com\/profile.php?id=100063593791305&amp;locale=es_ES\"><img decoding=\"async\" class=\"alignnone size-medium\" src=\"https:\/\/blogger.googleusercontent.com\/img\/b\/R29vZ2xl\/AVvXsEi8_n_ll8UOcGxCqzFvb_9Io4ICczlGC990BPtPj2w9Px-u7B3oqWUW5vtjZUqPNJ-nyjiUIorE0ATsib_l5tV8BVN-UJ03RTnU__IHJF_4DgDBtY4LIqXNG-FomrO-7ywes20CBCRM2Hcm7EJSh3UUw1dO-c_uTflUrtgY1i7uBRezj_DpympmEFkfbQY\/s1600\/logo-principal2.jpg\" width=\"100%\" height=\"100\" \/><\/a><!--bestpublic-voz03--><!--desk-in-out-voz03--><br \/>\n<!--publicidad-voz04--><a href=\"https:\/\/www.facebook.com\/profile.php?id=61557370768692&amp;locale=es_ES\"><img decoding=\"async\" class=\"alignnone size-medium\" src=\"https:\/\/blogger.googleusercontent.com\/img\/b\/R29vZ2xl\/AVvXsEgy5RdcfffrnrItnYTcV9bCJjgJwldsQLWssfVfrLbyfXeBNTFKgBf0rMIvhrUaGUhiXzVr9_eQgCbi-j63ZDpfTvLIty9w7s140y-m1yHe7eKmEK7v2NAHUJDVYGdfeiQFeRCqUjdwWmN1MX_AUxxz4IVdJ4WIM0APxit8bjWkXzrnEFGqBvW_1F13H1g\/s1600\/logo-principal5.jpg\" width=\"100%\" height=\"100\" \/><\/a><!--bestpublic-voz04--><!--desk-in-out-voz04--><br \/>\n<!--publicidad-voz05--><a href=\"https:\/\/www.facebook.com\/asociaciontamborileroshellin?locale=es_ES\"><img decoding=\"async\" class=\"alignnone size-medium\" src=\"https:\/\/blogger.googleusercontent.com\/img\/b\/R29vZ2xl\/AVvXsEhHEEpZsKK1VpwiYMrS7aE2ujtqIDZoLd4B5wtbiseSU9s2HdTdQfhF84So2XwEB1fv0BLw95GADm6hUl1bkKtzh-eIgVigXONuu_5RxeIMPhjk8q6uNX4EaEHbooKkbu7pCADWPpVJjhKIH5NQSJpWqedC-YBez4QAQeJYokkLot9bhrIaUAeztsGis6M\/s1600\/logo-principal3.jpg\" width=\"100%\" height=\"100\" \/><\/a><!--bestpublic-voz05--><!--desk-in-out-voz05--><br \/>\n<!--publicidad-voz06--><!--bestpublic-voz06--><!--desk-in-out-voz06--><br \/>\n<!--publicidad-voz07--><!--bestpublic-voz07--><!--desk-in-out-voz07--><br \/>\n<!--publicidad-voz08--><!--bestpublic-voz08--><!--desk-in-out-voz08--><br \/>\n<!--publicidad-voz09--><!--bestpublic-voz09--><!--desk-in-out-voz09--><br \/>\n<!--publicidad-voz10--><!--bestpublic-voz10--><!--desk-in-out-voz10--><br \/>\n<!--publicidad-voz11--><!--bestpublic-voz11--><!--desk-in-out-voz11--><br \/>\n<!--publicidad-voz12--><!--bestpublic-voz12--><!--desk-in-out-voz12--><br \/>\n<!--publicidad-voz13--><!--bestpublic-voz13--><!--desk-in-out-voz13--><br \/>\n<!--publicidad-voz14--><!--bestpublic-voz14--><!--desk-in-out-voz14--><br \/>\n<!--publicidad-voz15--><!--bestpublic-voz15--><!--desk-in-out-voz15--><br \/>\n<!--publicidad-voz16--><!--bestpublic-voz16--><!--desk-in-out-voz16--><\/p>\n","protected":false},"excerpt":{"rendered":"<p>El diputado de Sanidad, Francisco Garc\u00eda Alcaraz, ha participado este mi\u00e9rcoles en la inauguraci\u00f3n de las Jornadas sobre Parkinson que, bajo el t\u00edtulo \u2018Una cuerda unidireccional\u2019, ha organizado durante toda&#8230;<\/p>\n","protected":false},"author":2,"featured_media":149723,"comment_status":"closed","ping_status":"closed","sticky":false,"template":"","format":"standard","meta":{"footnotes":""},"categories":[753,718,715,716,717],"tags":[],"class_list":["post-149722","post","type-post","status-publish","format-standard","has-post-thumbnail","hentry","category-blog-lv034","category-blogger","category-la-voz-de-hellin","category-la-voz-de-hellin-la-voz-de-hellin","category-noticias"],"_links":{"self":[{"href":"https:\/\/lavozdehellin.com\/noticias\/wp-json\/wp\/v2\/posts\/149722","targetHints":{"allow":["GET"]}}],"collection":[{"href":"https:\/\/lavozdehellin.com\/noticias\/wp-json\/wp\/v2\/posts"}],"about":[{"href":"https:\/\/lavozdehellin.com\/noticias\/wp-json\/wp\/v2\/types\/post"}],"author":[{"embeddable":true,"href":"https:\/\/lavozdehellin.com\/noticias\/wp-json\/wp\/v2\/users\/2"}],"replies":[{"embeddable":true,"href":"https:\/\/lavozdehellin.com\/noticias\/wp-json\/wp\/v2\/comments?post=149722"}],"version-history":[{"count":0,"href":"https:\/\/lavozdehellin.com\/noticias\/wp-json\/wp\/v2\/posts\/149722\/revisions"}],"wp:featuredmedia":[{"embeddable":true,"href":"https:\/\/lavozdehellin.com\/noticias\/wp-json\/wp\/v2\/media\/149723"}],"wp:attachment":[{"href":"https:\/\/lavozdehellin.com\/noticias\/wp-json\/wp\/v2\/media?parent=149722"}],"wp:term":[{"taxonomy":"category","embeddable":true,"href":"https:\/\/lavozdehellin.com\/noticias\/wp-json\/wp\/v2\/categories?post=149722"},{"taxonomy":"post_tag","embeddable":true,"href":"https:\/\/lavozdehellin.com\/noticias\/wp-json\/wp\/v2\/tags?post=149722"}],"curies":[{"name":"wp","href":"https:\/\/api.w.org\/{rel}","templated":true}]}}