{"id":149738,"date":"2024-04-09T17:41:31","date_gmt":"2024-04-09T15:41:31","guid":{"rendered":"https:\/\/lavozdehellin.com\/noticias\/?p=149738"},"modified":"2024-04-11T12:23:10","modified_gmt":"2024-04-11T10:23:10","slug":"v08-486-el-ayuntamiento-de-hellin-a-traves-del-centro-joven-el-archivo-municipal-la-red-de-bibliotecas-y-las-emisoras-de-radio-de-hellin-celebra-la-8-a-fiesta-del-libro","status":"publish","type":"post","link":"https:\/\/lavozdehellin.com\/noticias\/v08-486-el-ayuntamiento-de-hellin-a-traves-del-centro-joven-el-archivo-municipal-la-red-de-bibliotecas-y-las-emisoras-de-radio-de-hellin-celebra-la-8-a-fiesta-del-libro\/","title":{"rendered":"LVH NOTICIAS | EL AYUNTAMIENTO DE HELL\u00cdN, A TRAV\u00c9S DEL CENTRO JOVEN, EL ARCHIVO MUNICIPAL, LA RED DE BIBLIOTECAS Y LAS EMISORAS DE RADIO DE HELL\u00cdN, CELEBRA LA 8.\u00aa FIESTA DEL LIBRO"},"content":{"rendered":"<p style=\"text-align: justify;\">NOTA DE PRENSA: 8.\u00aa FIESTA DEL LIBRO \u201cLA RADIO\u201d<\/p>\n<p><!--more--><br \/>\n<!--publicidad-voz01--><a href=\"https:\/\/www.facebook.com\/SoloRadioHellin\/?locale=es_ES\"><img decoding=\"async\" class=\"alignnone size-medium\" src=\"https:\/\/blogger.googleusercontent.com\/img\/b\/R29vZ2xl\/AVvXsEiNncirNnyGedv00mhjZjh5Wl4_YPdJGanoAl8tL8zH-HwqE8uHqjEfSt340RHdx-9tuCSIkZ8rFamZiGyYlgDGxCsmXjCH_1xk5eYM3ntFZRvJP_jndOKR7w1UAo9Tu0vrZyOLfqRpHIxYI5SymJJ-pfGCQw6QVpggBH-UgfjiFQ2JOxqxG0Jx94kW83c\/s1600\/logo-principal.jpg\" width=\"100%\" height=\"100\" \/><\/a><!--bestpublic-voz01--><!--desk-in-out-voz01--><br \/>\n<!--publicidad-voz02--><a href=\"https:\/\/www.hellincf.com\/\"><img decoding=\"async\" class=\"alignnone size-medium\" src=\"https:\/\/blogger.googleusercontent.com\/img\/b\/R29vZ2xl\/AVvXsEhuZ4-XfBVj3UtdP8-RZugy3WVrg-Zv28c53m4oV47qYCxL1rX_dqWX_YddsGSnpH5SRDqZ7bZeKPIfDVCDncpjVlhy3aQs2vojcJBn7Gdv9hC2_Nzct_pRFrnFE1a7KTCdY1bT_kAgnY3-iadRZrGeJf1fR2P5fu11bokx0pWjaypoy-ctwCjklldpEbA\/s1600\/logo-principal7.jpg\" width=\"100%\" height=\"100\" \/><\/a><!--bestpublic-voz02--><!--desk-in-out-voz02--><\/p>\n<p style=\"text-align: justify;\">El Ayuntamiento de Hell\u00edn, a trav\u00e9s del Centro Joven, el Archivo Municipal, la Red de Bibliotecas y las emisoras de radio de Hell\u00edn, celebra la 8.\u00aa Fiesta del Libro el pr\u00f3ximo viernes 26 de abril, con el objetivo de acercar la lectura a toda la poblaci\u00f3n de nuestro municipio.<\/p>\n<p style=\"text-align: justify;\">En 2024 se celebran los cien a\u00f1os de la primera emisi\u00f3n radiof\u00f3nica con continuidad en Espa\u00f1a. La radio es un medio de comunicaci\u00f3n que ha estado y est\u00e1 presente a diario en la vida de miles de personas y que destaca por su gran valor informativo, recreativo y social. La fuerza de la palabra es capaz de llegar a todos los rincones y a todas las personas.<\/p>\n<p style=\"text-align: justify;\">La radio es el tema elegido para la 8.\u00aa Fiesta del Libro que se celebrar\u00e1 en el Parque Municipal. Durante la ma\u00f1ana del viernes 26 de abril, se han programado numerosas actividades, adaptadas a las diferentes edades, y concertadas con los centros educativos de la localidad. En horario de tarde, las actividades estar\u00e1n abiertas a todo el p\u00fablico.<\/p>\n<p style=\"text-align: justify;\">Tras la inauguraci\u00f3n, que tendr\u00e1 lugar a las 10:30 h de la ma\u00f1ana, se iniciar\u00e1 el Marat\u00f3n de Lectura por parte de los representantes institucionales y alumnos de nuestros centros docentes, que leer\u00e1n una adaptaci\u00f3n del gui\u00f3n radiof\u00f3nico de \u201cLa guerra de los mundos\u201d, la novela de ciencia ficci\u00f3n de H. G. Wells, representada por Orson Welles en 1938 en la CBS. Esta emisi\u00f3n caus\u00f3 gran alarma social en Estados Unidos y puso de manifiesto el poder de la radio.<\/p>\n<p style=\"text-align: justify;\">A las 11:00 h dar\u00e1n comienzo los talleres, y a las 12:30 h el homenaje a las \u201cDedicatorias de la radio\u201d que es una actividad en la que la m\u00fasica tendr\u00e1 un papel protagonista junto a los participantes, para continuar despu\u00e9s con el Marat\u00f3n de Lectura hasta las 14:00 h.<\/p>\n<p style=\"text-align: justify;\">La radio local tendr\u00e1 especial protagonismo en esta Fiesta puesto que habr\u00e1 un stand emitiendo en directo desde el Parque Municipal, con entrevistas y permitiendo conocer de cerca c\u00f3mo es una emisi\u00f3n fuera de la emisora de radio.<\/p>\n<p style=\"text-align: justify;\">Durante toda la ma\u00f1ana contaremos con la presencia del Bibliob\u00fas que, gracias a la Diputaci\u00f3n de Albacete, nos acompa\u00f1ar\u00e1 para que los participantes puedan realizar visitas y conocerlo por dentro.<\/p>\n<p style=\"text-align: justify;\">La sesi\u00f3n de tarde, abierta a todo el p\u00fablico, comenzar\u00e1 a las 17:00 h con la continuaci\u00f3n del Marat\u00f3n de Lectura. A las 17:30 h se abrir\u00e1n de nuevo los talleres y tambi\u00e9n tendr\u00e1 lugar la entrega del 31.\u00ba Premio Municipal de Narraciones y Marcap\u00e1ginas.<\/p>\n<p style=\"text-align: justify;\">Acto seguido, asistiremos a un Cuentacuentos con Emma Lobo \u201cCuentos en alpargata\u201d.<\/p>\n<p style=\"text-align: justify;\">La 8.\u00aa Fiesta del Libro se clausurar\u00e1 a las 19:00 h con la lectura del manifiesto del D\u00eda del Libro<\/p>\n<p style=\"text-align: justify;\">Queremos agradecer la colaboraci\u00f3n de todos los colectivos implicados en esta edici\u00f3n: concejal\u00edas, centros docentes, librer\u00edas, emisoras de radio. Os animamos a participar con nosotros en esta Fiesta, esperando poder compartir un d\u00eda agradable, divertido y did\u00e1ctico.<\/p>\n<p style=\"text-align: justify;\">A lo largo del mes de abril se han organizado distintas actividades relacionadas que han tenido su inicio con la Exposici\u00f3n \u201cSintonizando: una historia de la radio\u201d, organizada por el Archivo Municipal, en la que se pueden ver fotograf\u00edas de profesionales de este medio de comunicaci\u00f3n y aparatos de radio de distintas \u00e9pocas.<\/p>\n<p style=\"text-align: justify;\">Podr\u00e1 visitarse en el Archivo hasta el 30 de abril.<\/p>\n<p style=\"text-align: justify;\">Se realizar\u00e1n visitas guiadas a esta exposici\u00f3n con los centros docentes y con cualquier otro colectivo, pudiendo solicitarlo en la Biblioteca P\u00fablica o en el Archivo Municipal. Las visitas se har\u00e1n extensibles a la emisora de Radio Hell\u00edn.<\/p>\n<p style=\"text-align: justify;\">Tambi\u00e9n se est\u00e1 preparando otra exposici\u00f3n con canciones que hablan sobre la radio, que se podr\u00e1 visitar en la Casa de la Cultura del 22 al 30 de abril. En este sentido, se ha elaborado una lista de reproducci\u00f3n en Spotify con una amplia selecci\u00f3n de estas canciones.<\/p>\n<p style=\"text-align: justify;\">Las Escuelas Infantiles contar\u00e1n con un apartado especial de cuentacuentos de Bebeteca del 18 al 22 de abril en sus centros.<\/p>\n<p style=\"text-align: justify;\">En colaboraci\u00f3n con el Asociaci\u00f3n de Familiares de Acogida de Castilla-La Mancha se realizar\u00e1 una sesi\u00f3n de Narraci\u00f3n Oral el lunes 22 de abril, con F\u00e9lix Albo, a las 20:00h en el Sal\u00f3n de Actos del MUSS Para informar de las actividades, tanto de la Fiesta del Libro como de las relacionadas con ella, a lo largo de todo el mes, hemos realizado una p\u00e1gina web, accesible desde acortar.link\/8fiesta.<\/p>\n<p style=\"text-align: justify;\">Tambi\u00e9n se han editado carteles y marcap\u00e1ginas, que se repartir\u00e1n por los centros educativos y entre los usuarios de nuestras bibliotecas.<\/p>\n<p><!--publicidad-voz03--><a href=\"https:\/\/www.facebook.com\/profile.php?id=100063593791305&amp;locale=es_ES\"><img decoding=\"async\" class=\"alignnone size-medium\" src=\"https:\/\/blogger.googleusercontent.com\/img\/b\/R29vZ2xl\/AVvXsEi8_n_ll8UOcGxCqzFvb_9Io4ICczlGC990BPtPj2w9Px-u7B3oqWUW5vtjZUqPNJ-nyjiUIorE0ATsib_l5tV8BVN-UJ03RTnU__IHJF_4DgDBtY4LIqXNG-FomrO-7ywes20CBCRM2Hcm7EJSh3UUw1dO-c_uTflUrtgY1i7uBRezj_DpympmEFkfbQY\/s1600\/logo-principal2.jpg\" width=\"100%\" height=\"100\" \/><\/a><!--bestpublic-voz03--><!--desk-in-out-voz03--><br \/>\n<!--publicidad-voz04--><a href=\"https:\/\/www.facebook.com\/profile.php?id=61557370768692&amp;locale=es_ES\"><img decoding=\"async\" class=\"alignnone size-medium\" src=\"https:\/\/blogger.googleusercontent.com\/img\/b\/R29vZ2xl\/AVvXsEgy5RdcfffrnrItnYTcV9bCJjgJwldsQLWssfVfrLbyfXeBNTFKgBf0rMIvhrUaGUhiXzVr9_eQgCbi-j63ZDpfTvLIty9w7s140y-m1yHe7eKmEK7v2NAHUJDVYGdfeiQFeRCqUjdwWmN1MX_AUxxz4IVdJ4WIM0APxit8bjWkXzrnEFGqBvW_1F13H1g\/s1600\/logo-principal5.jpg\" width=\"100%\" height=\"100\" \/><\/a><!--bestpublic-voz04--><!--desk-in-out-voz04--><br \/>\n<!--publicidad-voz05--><a href=\"https:\/\/www.facebook.com\/asociaciontamborileroshellin?locale=es_ES\"><img decoding=\"async\" class=\"alignnone size-medium\" src=\"https:\/\/blogger.googleusercontent.com\/img\/b\/R29vZ2xl\/AVvXsEhHEEpZsKK1VpwiYMrS7aE2ujtqIDZoLd4B5wtbiseSU9s2HdTdQfhF84So2XwEB1fv0BLw95GADm6hUl1bkKtzh-eIgVigXONuu_5RxeIMPhjk8q6uNX4EaEHbooKkbu7pCADWPpVJjhKIH5NQSJpWqedC-YBez4QAQeJYokkLot9bhrIaUAeztsGis6M\/s1600\/logo-principal3.jpg\" width=\"100%\" height=\"100\" \/><\/a><!--bestpublic-voz05--><!--desk-in-out-voz05--><br \/>\n<!--publicidad-voz06--><!--bestpublic-voz06--><!--desk-in-out-voz06--><br \/>\n<!--publicidad-voz07--><!--bestpublic-voz07--><!--desk-in-out-voz07--><br \/>\n<!--publicidad-voz08--><!--bestpublic-voz08--><!--desk-in-out-voz08--><br \/>\n<!--publicidad-voz09--><!--bestpublic-voz09--><!--desk-in-out-voz09--><br \/>\n<!--publicidad-voz10--><!--bestpublic-voz10--><!--desk-in-out-voz10--><br \/>\n<!--publicidad-voz11--><!--bestpublic-voz11--><!--desk-in-out-voz11--><br \/>\n<!--publicidad-voz12--><!--bestpublic-voz12--><!--desk-in-out-voz12--><br \/>\n<!--publicidad-voz13--><!--bestpublic-voz13--><!--desk-in-out-voz13--><br \/>\n<!--publicidad-voz14--><!--bestpublic-voz14--><!--desk-in-out-voz14--><br \/>\n<!--publicidad-voz15--><!--bestpublic-voz15--><!--desk-in-out-voz15--><br \/>\n<!--publicidad-voz16--><!--bestpublic-voz16--><!--desk-in-out-voz16--><\/p>\n","protected":false},"excerpt":{"rendered":"<p>NOTA DE PRENSA: 8.\u00aa FIESTA DEL LIBRO \u201cLA RADIO\u201d<\/p>\n","protected":false},"author":2,"featured_media":149739,"comment_status":"closed","ping_status":"closed","sticky":false,"template":"","format":"standard","meta":{"footnotes":""},"categories":[753,718,715,716,717],"tags":[],"class_list":["post-149738","post","type-post","status-publish","format-standard","has-post-thumbnail","hentry","category-blog-lv034","category-blogger","category-la-voz-de-hellin","category-la-voz-de-hellin-la-voz-de-hellin","category-noticias"],"_links":{"self":[{"href":"https:\/\/lavozdehellin.com\/noticias\/wp-json\/wp\/v2\/posts\/149738","targetHints":{"allow":["GET"]}}],"collection":[{"href":"https:\/\/lavozdehellin.com\/noticias\/wp-json\/wp\/v2\/posts"}],"about":[{"href":"https:\/\/lavozdehellin.com\/noticias\/wp-json\/wp\/v2\/types\/post"}],"author":[{"embeddable":true,"href":"https:\/\/lavozdehellin.com\/noticias\/wp-json\/wp\/v2\/users\/2"}],"replies":[{"embeddable":true,"href":"https:\/\/lavozdehellin.com\/noticias\/wp-json\/wp\/v2\/comments?post=149738"}],"version-history":[{"count":0,"href":"https:\/\/lavozdehellin.com\/noticias\/wp-json\/wp\/v2\/posts\/149738\/revisions"}],"wp:featuredmedia":[{"embeddable":true,"href":"https:\/\/lavozdehellin.com\/noticias\/wp-json\/wp\/v2\/media\/149739"}],"wp:attachment":[{"href":"https:\/\/lavozdehellin.com\/noticias\/wp-json\/wp\/v2\/media?parent=149738"}],"wp:term":[{"taxonomy":"category","embeddable":true,"href":"https:\/\/lavozdehellin.com\/noticias\/wp-json\/wp\/v2\/categories?post=149738"},{"taxonomy":"post_tag","embeddable":true,"href":"https:\/\/lavozdehellin.com\/noticias\/wp-json\/wp\/v2\/tags?post=149738"}],"curies":[{"name":"wp","href":"https:\/\/api.w.org\/{rel}","templated":true}]}}