{"id":149741,"date":"2024-04-09T17:48:30","date_gmt":"2024-04-09T15:48:30","guid":{"rendered":"https:\/\/lavozdehellin.com\/noticias\/?p=149741"},"modified":"2024-04-11T12:23:10","modified_gmt":"2024-04-11T10:23:10","slug":"v08-487-el-pleno-de-las-cortes-regionales-aprueba-por-unanimidad-una-resolucion-sobre-la-linea-ferroviaria-albacete-murcia-cartagena","status":"publish","type":"post","link":"https:\/\/lavozdehellin.com\/noticias\/v08-487-el-pleno-de-las-cortes-regionales-aprueba-por-unanimidad-una-resolucion-sobre-la-linea-ferroviaria-albacete-murcia-cartagena\/","title":{"rendered":"LVH NOTICIAS | EL PLENO DE LAS CORTES REGIONALES APRUEBA POR UNANIMIDAD UNA RESOLUCI\u00d3N SOBRE LA L\u00cdNEA FERROVIARIA ALBACETE-MURCIA-CARTAGENA"},"content":{"rendered":"<p style=\"text-align: justify;\">Nota de prensa.<\/p>\n<p><!--more--><br \/>\n<!--publicidad-voz01--><a href=\"https:\/\/www.facebook.com\/SoloRadioHellin\/?locale=es_ES\"><img decoding=\"async\" class=\"alignnone size-medium\" src=\"https:\/\/blogger.googleusercontent.com\/img\/b\/R29vZ2xl\/AVvXsEiNncirNnyGedv00mhjZjh5Wl4_YPdJGanoAl8tL8zH-HwqE8uHqjEfSt340RHdx-9tuCSIkZ8rFamZiGyYlgDGxCsmXjCH_1xk5eYM3ntFZRvJP_jndOKR7w1UAo9Tu0vrZyOLfqRpHIxYI5SymJJ-pfGCQw6QVpggBH-UgfjiFQ2JOxqxG0Jx94kW83c\/s1600\/logo-principal.jpg\" width=\"100%\" height=\"100\" \/><\/a><!--bestpublic-voz01--><!--desk-in-out-voz01--><br \/>\n<!--publicidad-voz02--><a href=\"https:\/\/www.hellincf.com\/\"><img decoding=\"async\" class=\"alignnone size-medium\" src=\"https:\/\/blogger.googleusercontent.com\/img\/b\/R29vZ2xl\/AVvXsEhuZ4-XfBVj3UtdP8-RZugy3WVrg-Zv28c53m4oV47qYCxL1rX_dqWX_YddsGSnpH5SRDqZ7bZeKPIfDVCDncpjVlhy3aQs2vojcJBn7Gdv9hC2_Nzct_pRFrnFE1a7KTCdY1bT_kAgnY3-iadRZrGeJf1fR2P5fu11bokx0pWjaypoy-ctwCjklldpEbA\/s1600\/logo-principal7.jpg\" width=\"100%\" height=\"100\" \/><\/a><!--bestpublic-voz02--><!--desk-in-out-voz02--><\/p>\n<p style=\"text-align: justify;\">El Pleno de las Cortes regionales aprueba por unanimidad una resoluci\u00f3n sobre la l\u00ednea ferroviaria Albacete-Murcia-Cartagena<\/p>\n<p style=\"text-align: justify;\">La C\u00e1mara tambi\u00e9n ha aprobado una resoluci\u00f3n sobre competitividad fiscal con los votos favorables del PSOE y ha rechazado la moci\u00f3n de Vox sobre compra de producto agr\u00edcola regional y nacional.<\/p>\n<p style=\"text-align: justify;\">El Pleno de las Cortes de Castilla-La Mancha, presidido por Pablo Bellido, ha aprobado dos resoluciones en su sesi\u00f3n de hoy, una sobre la l\u00ednea ferroviaria Albacete-Murcia-Cartagena, que ha salido adelante por unanimidad de los tres grupos que conforman la C\u00e1mara, y otra relativa a competitividad fiscal, que adopta la propuesta de texto socialista y ha salido adelante con los votos de este grupo, la abstenci\u00f3n del PP y el voto en contra de Vox. Ambas resoluciones responden a los dos debates generales incluidos en los puntos dos y tres del orden del d\u00eda.<\/p>\n<p style=\"text-align: justify;\">En este sentido, el Parlamento Regional, con el apoyo un\u00e1nime de todos los grupos parlamentarios, ha avalado un texto com\u00fan relativo a la l\u00ednea ferroviaria Albacete-Murcia-Cartagena para instar al Gobierno de Espa\u00f1a a la reapertura inmediata, tras la finalizaci\u00f3n de las obras, de la l\u00ednea 320 de Chinchilla de Montearag\u00f3n-Cartagena, as\u00ed como que los servicios ferroviarios est\u00e9n sujetos a la Declaraci\u00f3n de Obligaci\u00f3n de Servicio P\u00fablico e Incluidos en el Contrato-Programa entre el ministerio y RENFE.<\/p>\n<p style=\"text-align: justify;\">Asimismo, la resoluci\u00f3n presentada de manera conjunta por los tres grupos pide \u201cuna ampliaci\u00f3n significativa de expediciones y horarios mediante trenes r\u00e1pidos y fiables\u201d, y que el Ministerio inicie \u201clos estudios necesarios para convertir la l\u00ednea actual en una l\u00ednea electrificada de ancho europeo que permita la interoperabilidad ferroviaria para tr\u00e1fico mixto\u201d.<\/p>\n<p style=\"text-align: justify;\">Por su parte, en materia de competitividad fiscal, el Pleno respalda \u201cel cumplimiento de los compromisos alcanzados con los agentes sociales, sindicatos y empresarios\u201d, con una perspectiva de \u201cprogresividad y solidaridad\u201d dirigida a atender a aquellos sectores con menor capacidad econ\u00f3mica, y con prioridad a familias, j\u00f3venes y a los m\u00e1s desfavorecidos, as\u00ed como al medio rural y de fomento de la actividad empresarial.<br \/>\nAsimismo, se urge al Gobierno del pa\u00eds a atender \u201cla necesidad de un modelo de financiaci\u00f3n adecuado para Castilla-La Mancha que garantice la suficiencia financiera y coste efectivo de los servicios\u201d y que, bajo el prisma de la solidaridad general, contemple \u201cla absorci\u00f3n de la infrafinanciaci\u00f3n del actual modelo\u201d; \u201cun modelo respetuoso con el derecho a la igualdad que no privilegie a unos ciudadanos sobre otros\u201d.<\/p>\n<p style=\"text-align: justify;\">Ambos debates generales aunaban dos iniciativas parlamentarias, una del PP y otra del PSOE sobre el mismo tema, tanto en el caso del tren de Hell\u00edn como sobre competitividad fiscal; en este \u00faltimo, han quedado rechazadas las propuestas de resoluci\u00f3n de la oposici\u00f3n.<\/p>\n<p style=\"text-align: justify;\">Durante los debates, en el turno del Gobierno, han intervenido los consejeros de Fomento, Nacho Hernando, y Hacienda, Administraciones P\u00fablicas y Transformaci\u00f3n Digital, Juan Alfonso Ruiz Molina, respectivamente.<\/p>\n<p style=\"text-align: justify;\">Moci\u00f3n y preguntas al Gobierno<\/p>\n<p style=\"text-align: justify;\">El Pleno ha debatido como primer punto del orden del d\u00eda una moci\u00f3n presentada por Vox, como consecuencia de una interpelaci\u00f3n de la sesi\u00f3n anterior, relativa a promover la compra de producto nacional y de Castilla-La Mancha en establecimientos p\u00fablicos de restauraci\u00f3n colectiva de la regi\u00f3n, pero cuyo contenido no ha sido respaldado por la C\u00e1mara, que, con el voto en contra de la bancada del PSOE, ha rechazado el texto propuesto. Durante el debate ha intervenido el consejero de Agricultura, Ganader\u00eda y Desarrollo Rural, Juli\u00e1n Mart\u00ednez Liz\u00e1n.<\/p>\n<p style=\"text-align: justify;\">Por \u00faltimo, en el turno de control al Gobierno, este ha respondido a tres preguntas relativas a la Atenci\u00f3n Primaria en Almansa; a la construcci\u00f3n de una nueva residencia de mayores en Molina de Arag\u00f3n; y sobre medidas a adoptar antes los robos reiterados en viviendas rurales de las provincias de Castilla-La Mancha. En este bloque han intervenido los consejeros de Sanidad, Jes\u00fas Fern\u00e1ndez Sanz; y de Fomento.<\/p>\n<p><!--publicidad-voz03--><a href=\"https:\/\/www.facebook.com\/profile.php?id=100063593791305&amp;locale=es_ES\"><img decoding=\"async\" class=\"alignnone size-medium\" src=\"https:\/\/blogger.googleusercontent.com\/img\/b\/R29vZ2xl\/AVvXsEi8_n_ll8UOcGxCqzFvb_9Io4ICczlGC990BPtPj2w9Px-u7B3oqWUW5vtjZUqPNJ-nyjiUIorE0ATsib_l5tV8BVN-UJ03RTnU__IHJF_4DgDBtY4LIqXNG-FomrO-7ywes20CBCRM2Hcm7EJSh3UUw1dO-c_uTflUrtgY1i7uBRezj_DpympmEFkfbQY\/s1600\/logo-principal2.jpg\" width=\"100%\" height=\"100\" \/><\/a><!--bestpublic-voz03--><!--desk-in-out-voz03--><br \/>\n<!--publicidad-voz04--><a href=\"https:\/\/www.facebook.com\/profile.php?id=61557370768692&amp;locale=es_ES\"><img decoding=\"async\" class=\"alignnone size-medium\" src=\"https:\/\/blogger.googleusercontent.com\/img\/b\/R29vZ2xl\/AVvXsEgy5RdcfffrnrItnYTcV9bCJjgJwldsQLWssfVfrLbyfXeBNTFKgBf0rMIvhrUaGUhiXzVr9_eQgCbi-j63ZDpfTvLIty9w7s140y-m1yHe7eKmEK7v2NAHUJDVYGdfeiQFeRCqUjdwWmN1MX_AUxxz4IVdJ4WIM0APxit8bjWkXzrnEFGqBvW_1F13H1g\/s1600\/logo-principal5.jpg\" width=\"100%\" height=\"100\" \/><\/a><!--bestpublic-voz04--><!--desk-in-out-voz04--><br \/>\n<!--publicidad-voz05--><a href=\"https:\/\/www.facebook.com\/asociaciontamborileroshellin?locale=es_ES\"><img decoding=\"async\" class=\"alignnone size-medium\" src=\"https:\/\/blogger.googleusercontent.com\/img\/b\/R29vZ2xl\/AVvXsEhHEEpZsKK1VpwiYMrS7aE2ujtqIDZoLd4B5wtbiseSU9s2HdTdQfhF84So2XwEB1fv0BLw95GADm6hUl1bkKtzh-eIgVigXONuu_5RxeIMPhjk8q6uNX4EaEHbooKkbu7pCADWPpVJjhKIH5NQSJpWqedC-YBez4QAQeJYokkLot9bhrIaUAeztsGis6M\/s1600\/logo-principal3.jpg\" width=\"100%\" height=\"100\" \/><\/a><!--bestpublic-voz05--><!--desk-in-out-voz05--><br \/>\n<!--publicidad-voz06--><!--bestpublic-voz06--><!--desk-in-out-voz06--><br \/>\n<!--publicidad-voz07--><!--bestpublic-voz07--><!--desk-in-out-voz07--><br \/>\n<!--publicidad-voz08--><!--bestpublic-voz08--><!--desk-in-out-voz08--><br \/>\n<!--publicidad-voz09--><!--bestpublic-voz09--><!--desk-in-out-voz09--><br \/>\n<!--publicidad-voz10--><!--bestpublic-voz10--><!--desk-in-out-voz10--><br \/>\n<!--publicidad-voz11--><!--bestpublic-voz11--><!--desk-in-out-voz11--><br \/>\n<!--publicidad-voz12--><!--bestpublic-voz12--><!--desk-in-out-voz12--><br \/>\n<!--publicidad-voz13--><!--bestpublic-voz13--><!--desk-in-out-voz13--><br \/>\n<!--publicidad-voz14--><!--bestpublic-voz14--><!--desk-in-out-voz14--><br \/>\n<!--publicidad-voz15--><!--bestpublic-voz15--><!--desk-in-out-voz15--><br \/>\n<!--publicidad-voz16--><!--bestpublic-voz16--><!--desk-in-out-voz16--><\/p>\n","protected":false},"excerpt":{"rendered":"<p>Nota de prensa.<\/p>\n","protected":false},"author":2,"featured_media":149742,"comment_status":"closed","ping_status":"closed","sticky":false,"template":"","format":"standard","meta":{"footnotes":""},"categories":[753,718,715,716,717],"tags":[],"class_list":["post-149741","post","type-post","status-publish","format-standard","has-post-thumbnail","hentry","category-blog-lv034","category-blogger","category-la-voz-de-hellin","category-la-voz-de-hellin-la-voz-de-hellin","category-noticias"],"_links":{"self":[{"href":"https:\/\/lavozdehellin.com\/noticias\/wp-json\/wp\/v2\/posts\/149741","targetHints":{"allow":["GET"]}}],"collection":[{"href":"https:\/\/lavozdehellin.com\/noticias\/wp-json\/wp\/v2\/posts"}],"about":[{"href":"https:\/\/lavozdehellin.com\/noticias\/wp-json\/wp\/v2\/types\/post"}],"author":[{"embeddable":true,"href":"https:\/\/lavozdehellin.com\/noticias\/wp-json\/wp\/v2\/users\/2"}],"replies":[{"embeddable":true,"href":"https:\/\/lavozdehellin.com\/noticias\/wp-json\/wp\/v2\/comments?post=149741"}],"version-history":[{"count":0,"href":"https:\/\/lavozdehellin.com\/noticias\/wp-json\/wp\/v2\/posts\/149741\/revisions"}],"wp:featuredmedia":[{"embeddable":true,"href":"https:\/\/lavozdehellin.com\/noticias\/wp-json\/wp\/v2\/media\/149742"}],"wp:attachment":[{"href":"https:\/\/lavozdehellin.com\/noticias\/wp-json\/wp\/v2\/media?parent=149741"}],"wp:term":[{"taxonomy":"category","embeddable":true,"href":"https:\/\/lavozdehellin.com\/noticias\/wp-json\/wp\/v2\/categories?post=149741"},{"taxonomy":"post_tag","embeddable":true,"href":"https:\/\/lavozdehellin.com\/noticias\/wp-json\/wp\/v2\/tags?post=149741"}],"curies":[{"name":"wp","href":"https:\/\/api.w.org\/{rel}","templated":true}]}}