{"id":149744,"date":"2024-04-09T17:55:43","date_gmt":"2024-04-09T15:55:43","guid":{"rendered":"https:\/\/lavozdehellin.com\/noticias\/?p=149744"},"modified":"2024-04-11T12:23:10","modified_gmt":"2024-04-11T10:23:10","slug":"v08-488-la-guardia-civil-de-albacete-detiene-a-una-persona-por-la-comision-de-varios-delitos-de-robo","status":"publish","type":"post","link":"https:\/\/lavozdehellin.com\/noticias\/v08-488-la-guardia-civil-de-albacete-detiene-a-una-persona-por-la-comision-de-varios-delitos-de-robo\/","title":{"rendered":"LVH NOTICIAS | LA GUARDIA CIVIL DE ALBACETE DETIENE A UNA PERSONA POR LA COMISI\u00d3N DE VARIOS DELITOS DE ROBO"},"content":{"rendered":"<p style=\"text-align: justify;\">Se ha recuperado un tel\u00e9fono m\u00f3vil y un ordenador port\u00e1til, que el detenido hab\u00eda sustra\u00eddo en la provincia de Vizcaya<\/p>\n<p><!--more--><br \/>\n<!--publicidad-voz01--><a href=\"https:\/\/www.facebook.com\/SoloRadioHellin\/?locale=es_ES\"><img decoding=\"async\" class=\"alignnone size-medium\" src=\"https:\/\/blogger.googleusercontent.com\/img\/b\/R29vZ2xl\/AVvXsEiNncirNnyGedv00mhjZjh5Wl4_YPdJGanoAl8tL8zH-HwqE8uHqjEfSt340RHdx-9tuCSIkZ8rFamZiGyYlgDGxCsmXjCH_1xk5eYM3ntFZRvJP_jndOKR7w1UAo9Tu0vrZyOLfqRpHIxYI5SymJJ-pfGCQw6QVpggBH-UgfjiFQ2JOxqxG0Jx94kW83c\/s1600\/logo-principal.jpg\" width=\"100%\" height=\"100\" \/><\/a><!--bestpublic-voz01--><!--desk-in-out-voz01--><br \/>\n<!--publicidad-voz02--><a href=\"https:\/\/www.hellincf.com\/\"><img decoding=\"async\" class=\"alignnone size-medium\" src=\"https:\/\/blogger.googleusercontent.com\/img\/b\/R29vZ2xl\/AVvXsEhuZ4-XfBVj3UtdP8-RZugy3WVrg-Zv28c53m4oV47qYCxL1rX_dqWX_YddsGSnpH5SRDqZ7bZeKPIfDVCDncpjVlhy3aQs2vojcJBn7Gdv9hC2_Nzct_pRFrnFE1a7KTCdY1bT_kAgnY3-iadRZrGeJf1fR2P5fu11bokx0pWjaypoy-ctwCjklldpEbA\/s1600\/logo-principal7.jpg\" width=\"100%\" height=\"100\" \/><\/a><!--bestpublic-voz02--><!--desk-in-out-voz02--><\/p>\n<p style=\"text-align: justify;\">Quedan por reconocer, piezas de oro, prendas de vestir y objetos de aseo, supuestamente procedentes de robos o hurtos<\/p>\n<p style=\"text-align: justify;\">Componentes de la Guardia Civil de Albacete, en colaboraci\u00f3n con la Ertzaintza de Vizcaya, han detenido a un var\u00f3n, de 40 a\u00f1os de edad, de nacionalidad argelina, como presunto autor de varios delitos contra el patrimonio, al encontrar en el interior del veh\u00edculo que conduc\u00eda efectos sustra\u00eddos en la provincia de Vizcaya, as\u00ed como otros pendientes de identificar.<\/p>\n<p style=\"text-align: justify;\">Actuaciones<\/p>\n<p style=\"text-align: justify;\">La actuaci\u00f3n policial tuvo su origen cuando el detenido circulaba en un veh\u00edculo por la autov\u00eda A-31 (Albacete-Alicante), dentro del t\u00e9rmino municipal de Chinchilla, donde efectivos de la Unidad de Seguridad Ciudadana (USECIC) hab\u00edan instalado un dispositivo operativo para garantizar la seguridad ciudadana.<\/p>\n<p style=\"text-align: justify;\">Tras la identificaci\u00f3n de esta persona, la Guardia Civil localiz\u00f3 en el interior del veh\u00edculo un ordenador port\u00e1til y un tel\u00e9fono m\u00f3vil, de los cuales no pudo acreditar su leg\u00edtima pertenencia. Consultadas distintas bases de datos de inter\u00e9s policial, los agentes del Cuerpo pudieron comprobar c\u00f3mo estos dispositivos electr\u00f3nicos hab\u00edan sido sustra\u00eddos en la provincia de Vizcaya, presentando sus propietarios ante la Ertzaintza las correspondientes denuncias.<\/p>\n<p style=\"text-align: justify;\">As\u00ed mismo se localizaron 62 piezas de oro, entre las que se encontraban collares, pulseras, pendientes, anillos y monedas, adem\u00e1s de 3.100 euros en billetes de curso legal, 11 maletas con prendas de vestir sin estrenar de diversos establecimientos y 16 bultos con m\u00faltiples objetos de aseo, careciendo de documentos, facturas o albaranes, que justificasen su procedencia.<\/p>\n<p style=\"text-align: justify;\">Personal interviniente<\/p>\n<p style=\"text-align: justify;\">En las actuaciones policiales han intervenido, adem\u00e1s de la Unidad de Seguridad Ciudadana (USECIC), efectivos del Puesto de la Guardia Civil de Chinchilla, contando con la colaboraci\u00f3n de la Ertzaintza de Vizcaya en las labores de investigaci\u00f3n acerca de la procedencia de los objetos electr\u00f3nicos recuperados en el veh\u00edculo que conduc\u00eda el detenido.<\/p>\n<p style=\"text-align: justify;\">La Guardia Civil trabaja ahora para averiguar la identidad de los propietarios de los objetos que todav\u00eda no han podido ser reconocidos, como las piezas de oro, las maletas con las prendas de vestir y de aseo.<\/p>\n<p style=\"text-align: justify;\">Diligencias instruidas<\/p>\n<p style=\"text-align: justify;\">Las diligencias por los hechos delictivos investigados han sido confeccionadas por efectivos de la Benem\u00e9rita chinchillana que, junto con la persona detenida, fueron puestas a disposici\u00f3n del Juzgado de Instrucci\u00f3n N\u00ba TRES de Albacete, en funciones de guardia.<\/p>\n<p style=\"text-align: justify;\">Efectos pendientes de reconocimiento<\/p>\n<p style=\"text-align: justify;\">Los efectos recuperados, todav\u00eda sin identificar por sus leg\u00edtimos propietarios, se encuentran depositados en el acuartelamiento de la Guardia Civil de Chinchilla, por si alguna persona que hubiera sido v\u00edctima de alg\u00fan robo o hurto pudiera identificar alguno de ellos, aportando copia de la denuncia, de la documentaci\u00f3n del objeto o bien fotograf\u00edas que puedan acreditar su propiedad.<\/p>\n<p><!--publicidad-voz03--><a href=\"https:\/\/www.facebook.com\/profile.php?id=100063593791305&amp;locale=es_ES\"><img decoding=\"async\" class=\"alignnone size-medium\" src=\"https:\/\/blogger.googleusercontent.com\/img\/b\/R29vZ2xl\/AVvXsEi8_n_ll8UOcGxCqzFvb_9Io4ICczlGC990BPtPj2w9Px-u7B3oqWUW5vtjZUqPNJ-nyjiUIorE0ATsib_l5tV8BVN-UJ03RTnU__IHJF_4DgDBtY4LIqXNG-FomrO-7ywes20CBCRM2Hcm7EJSh3UUw1dO-c_uTflUrtgY1i7uBRezj_DpympmEFkfbQY\/s1600\/logo-principal2.jpg\" width=\"100%\" height=\"100\" \/><\/a><!--bestpublic-voz03--><!--desk-in-out-voz03--><br \/>\n<!--publicidad-voz04--><a href=\"https:\/\/www.facebook.com\/profile.php?id=61557370768692&amp;locale=es_ES\"><img decoding=\"async\" class=\"alignnone size-medium\" src=\"https:\/\/blogger.googleusercontent.com\/img\/b\/R29vZ2xl\/AVvXsEgy5RdcfffrnrItnYTcV9bCJjgJwldsQLWssfVfrLbyfXeBNTFKgBf0rMIvhrUaGUhiXzVr9_eQgCbi-j63ZDpfTvLIty9w7s140y-m1yHe7eKmEK7v2NAHUJDVYGdfeiQFeRCqUjdwWmN1MX_AUxxz4IVdJ4WIM0APxit8bjWkXzrnEFGqBvW_1F13H1g\/s1600\/logo-principal5.jpg\" width=\"100%\" height=\"100\" \/><\/a><!--bestpublic-voz04--><!--desk-in-out-voz04--><br \/>\n<!--publicidad-voz05--><a href=\"https:\/\/www.facebook.com\/asociaciontamborileroshellin?locale=es_ES\"><img decoding=\"async\" class=\"alignnone size-medium\" src=\"https:\/\/blogger.googleusercontent.com\/img\/b\/R29vZ2xl\/AVvXsEhHEEpZsKK1VpwiYMrS7aE2ujtqIDZoLd4B5wtbiseSU9s2HdTdQfhF84So2XwEB1fv0BLw95GADm6hUl1bkKtzh-eIgVigXONuu_5RxeIMPhjk8q6uNX4EaEHbooKkbu7pCADWPpVJjhKIH5NQSJpWqedC-YBez4QAQeJYokkLot9bhrIaUAeztsGis6M\/s1600\/logo-principal3.jpg\" width=\"100%\" height=\"100\" \/><\/a><!--bestpublic-voz05--><!--desk-in-out-voz05--><br \/>\n<!--publicidad-voz06--><!--bestpublic-voz06--><!--desk-in-out-voz06--><br \/>\n<!--publicidad-voz07--><!--bestpublic-voz07--><!--desk-in-out-voz07--><br \/>\n<!--publicidad-voz08--><!--bestpublic-voz08--><!--desk-in-out-voz08--><br \/>\n<!--publicidad-voz09--><!--bestpublic-voz09--><!--desk-in-out-voz09--><br \/>\n<!--publicidad-voz10--><!--bestpublic-voz10--><!--desk-in-out-voz10--><br \/>\n<!--publicidad-voz11--><!--bestpublic-voz11--><!--desk-in-out-voz11--><br \/>\n<!--publicidad-voz12--><!--bestpublic-voz12--><!--desk-in-out-voz12--><br \/>\n<!--publicidad-voz13--><!--bestpublic-voz13--><!--desk-in-out-voz13--><br \/>\n<!--publicidad-voz14--><!--bestpublic-voz14--><!--desk-in-out-voz14--><br \/>\n<!--publicidad-voz15--><!--bestpublic-voz15--><!--desk-in-out-voz15--><br \/>\n<!--publicidad-voz16--><!--bestpublic-voz16--><!--desk-in-out-voz16--><\/p>\n","protected":false},"excerpt":{"rendered":"<p>Se ha recuperado un tel\u00e9fono m\u00f3vil y un ordenador port\u00e1til, que el detenido hab\u00eda sustra\u00eddo en la provincia de Vizcaya<\/p>\n","protected":false},"author":2,"featured_media":149745,"comment_status":"closed","ping_status":"closed","sticky":false,"template":"","format":"standard","meta":{"footnotes":""},"categories":[753,718,715,716,717],"tags":[],"class_list":["post-149744","post","type-post","status-publish","format-standard","has-post-thumbnail","hentry","category-blog-lv034","category-blogger","category-la-voz-de-hellin","category-la-voz-de-hellin-la-voz-de-hellin","category-noticias"],"_links":{"self":[{"href":"https:\/\/lavozdehellin.com\/noticias\/wp-json\/wp\/v2\/posts\/149744","targetHints":{"allow":["GET"]}}],"collection":[{"href":"https:\/\/lavozdehellin.com\/noticias\/wp-json\/wp\/v2\/posts"}],"about":[{"href":"https:\/\/lavozdehellin.com\/noticias\/wp-json\/wp\/v2\/types\/post"}],"author":[{"embeddable":true,"href":"https:\/\/lavozdehellin.com\/noticias\/wp-json\/wp\/v2\/users\/2"}],"replies":[{"embeddable":true,"href":"https:\/\/lavozdehellin.com\/noticias\/wp-json\/wp\/v2\/comments?post=149744"}],"version-history":[{"count":0,"href":"https:\/\/lavozdehellin.com\/noticias\/wp-json\/wp\/v2\/posts\/149744\/revisions"}],"wp:featuredmedia":[{"embeddable":true,"href":"https:\/\/lavozdehellin.com\/noticias\/wp-json\/wp\/v2\/media\/149745"}],"wp:attachment":[{"href":"https:\/\/lavozdehellin.com\/noticias\/wp-json\/wp\/v2\/media?parent=149744"}],"wp:term":[{"taxonomy":"category","embeddable":true,"href":"https:\/\/lavozdehellin.com\/noticias\/wp-json\/wp\/v2\/categories?post=149744"},{"taxonomy":"post_tag","embeddable":true,"href":"https:\/\/lavozdehellin.com\/noticias\/wp-json\/wp\/v2\/tags?post=149744"}],"curies":[{"name":"wp","href":"https:\/\/api.w.org\/{rel}","templated":true}]}}