{"id":149750,"date":"2024-04-10T11:51:09","date_gmt":"2024-04-10T09:51:09","guid":{"rendered":"https:\/\/lavozdehellin.com\/noticias\/?p=149750"},"modified":"2024-04-11T12:23:10","modified_gmt":"2024-04-11T10:23:10","slug":"v08-490-el-papa-acepta-la-renuncia-de-angel-fernandez-collado-como-obispo-de-albacete-por-motivos-de-salud","status":"publish","type":"post","link":"https:\/\/lavozdehellin.com\/noticias\/v08-490-el-papa-acepta-la-renuncia-de-angel-fernandez-collado-como-obispo-de-albacete-por-motivos-de-salud\/","title":{"rendered":"LVH NOTICIAS | EL PAPA ACEPTA LA RENUNCIA DE \u00c1NGEL FERN\u00c1NDEZ COLLADO COMO OBISPO DE ALBACETE POR MOTIVOS DE SALUD"},"content":{"rendered":"<p style=\"text-align: justify;\">El Papa acepta la renuncia de \u00c1ngel Fern\u00e1ndez Collado como obispo de Albacete por motivos de salud.<\/p>\n<p><!--more--><br \/>\n<!--publicidad-voz01--><a href=\"https:\/\/www.facebook.com\/SoloRadioHellin\/?locale=es_ES\"><img decoding=\"async\" class=\"alignnone size-medium\" src=\"https:\/\/blogger.googleusercontent.com\/img\/b\/R29vZ2xl\/AVvXsEiNncirNnyGedv00mhjZjh5Wl4_YPdJGanoAl8tL8zH-HwqE8uHqjEfSt340RHdx-9tuCSIkZ8rFamZiGyYlgDGxCsmXjCH_1xk5eYM3ntFZRvJP_jndOKR7w1UAo9Tu0vrZyOLfqRpHIxYI5SymJJ-pfGCQw6QVpggBH-UgfjiFQ2JOxqxG0Jx94kW83c\/s1600\/logo-principal.jpg\" width=\"100%\" height=\"100\" \/><\/a><!--bestpublic-voz01--><!--desk-in-out-voz01--><br \/>\n<!--publicidad-voz02--><a href=\"https:\/\/www.hellincf.com\/\"><img decoding=\"async\" class=\"alignnone size-medium\" src=\"https:\/\/blogger.googleusercontent.com\/img\/b\/R29vZ2xl\/AVvXsEhuZ4-XfBVj3UtdP8-RZugy3WVrg-Zv28c53m4oV47qYCxL1rX_dqWX_YddsGSnpH5SRDqZ7bZeKPIfDVCDncpjVlhy3aQs2vojcJBn7Gdv9hC2_Nzct_pRFrnFE1a7KTCdY1bT_kAgnY3-iadRZrGeJf1fR2P5fu11bokx0pWjaypoy-ctwCjklldpEbA\/s1600\/logo-principal7.jpg\" width=\"100%\" height=\"100\" \/><\/a><!--bestpublic-voz02--><!--desk-in-out-voz02--><\/p>\n<p style=\"text-align: justify;\">MENSAJE DE RENUNCIA AL GOBIERNO DE LA DIOCESIS<\/p>\n<p style=\"text-align: justify;\">Queridos sacerdotes, di\u00e1conos, vida consagrada, seminaristas y fieles laicos de esta mi querida Di\u00f3cesis de Albacete:<\/p>\n<p style=\"text-align: justify;\">Os comunic\u00f3 que se acaba de hacer p\u00fablico que el Santo Padre, el Papa Francisco, ha aceptado mi renuncia al gobierno pastoral de la Di\u00f3cesis de Albacete, que libremente y despu\u00e9s de una profunda reflexi\u00f3n, le hab\u00eda presentado por motivos de enfermedad. Como bien sab\u00e9is, mi salud se ha quebrantado por las operaciones quir\u00fargicas de mis ojos, y por otras enfermedades que vengo sufriendo durante un tiempo, y que poco a poco han ido mermando mis facultades de gobierno y pastoreo.<\/p>\n<p style=\"text-align: justify;\">Vivo este momento como expresi\u00f3n de profunda comuni\u00f3n y gratitud con el Papa Francisco. Como dije el d\u00eda del inicio de mi ministerio episcopal en Albacete, \u201ces preciso que nos mantengamos en uni\u00f3n y sinton\u00eda afectiva con el magisterio y la doctrina de la Iglesia y, en nuestros d\u00edas, con la persona del Papa Francisco, sucesor leg\u00edtimo de san Pedro y vicario de Cristo en la tierra\u201d.<\/p>\n<p style=\"text-align: justify;\">En estos momentos, se acumulan en mi cabeza y en mi coraz\u00f3n todos los buenos momentos que he vivido en esta amada Di\u00f3cesis de Albacete durante los casi seis a\u00f1os en que he ejercido el ministerio episcopal entre vosotros. Mi agradecimiento va particularmente hacia las personas con las que he trabajado codo con codo y muy a gusto con ellas. El d\u00eda a d\u00eda y los grandes o peque\u00f1os proyectos pastorales que hemos ido desarrollando, hacen que sienta que algo se desgarra dentro de mi coraz\u00f3n al tener que abandonar esta Di\u00f3cesis que me ha ense\u00f1ado a ser Obispo y Pastor.<\/p>\n<p style=\"text-align: justify;\">Os agradezco a todos los albacete\u00f1os el cari\u00f1o y la acogida que siempre me hab\u00e9is dispensado en estos casi seis a\u00f1os de servicio episcopal; lo mucho que he aprendido de vosotros y las respuestas tan cercanas, cari\u00f1osas y generosas, que he recibido de muchos de vosotros. Especialmente quiero agradecer el trabajo pastoral de los sacerdotes y di\u00e1conos permanentes que durante estos a\u00f1os me hab\u00e9is demostrado de lo que sois capaces. Muchos de vosotros, muy mayores en edad, pero j\u00f3venes de coraz\u00f3n, me hab\u00e9is dado un ejemplo de entrega y de generosidad atendiendo a las parroquias hasta que no hab\u00e9is podido m\u00e1s. Gracias por vuestra entrega y que el Se\u00f1or os lo premie.<\/p>\n<p style=\"text-align: justify;\">Gracias tambi\u00e9n a los laicos en los movimientos apost\u00f3licos, cofrad\u00edas y hermandades, asociaciones, etc., que hab\u00e9is participado de los planteamientos pastorales de la Di\u00f3cesis y hab\u00e9is estado presentes en todo momento en los grandes acontecimientos y celebraciones. Seguid siendo evangelizadores activos y comprometidos en las diversas tareas diocesanas.<\/p>\n<p style=\"text-align: justify;\">Y gracias tambi\u00e9n a los religiosos y religiosas que desde la oraci\u00f3n y la participaci\u00f3n en la vida de la Di\u00f3cesis hab\u00e9is estado siempre muy cercanos al Obispo. No quiero olvidar a los seminaristas, Alberto, Hermelo, Pedro y \u00c1lvaro, gracias por vuestro \u201csi\u201d generoso a la llamada del Se\u00f1or, seguid form\u00e1ndoos para que se\u00e1is unos santos sacerdotes con el coraz\u00f3n como el de Cristo. Seguir fomentando la llamada a la vocaci\u00f3n sacerdotal, es la \u00fanica manera posible de que nuestra Di\u00f3cesis de Albacete crezca en santidad, amor y fe.<\/p>\n<p style=\"text-align: justify;\">Os pido disculpas, si a alguno he podido ofender con mis palabras, decisiones y omisiones. Y os pido perd\u00f3n si en algunos aspectos no he sabido dar respuesta a lo que esperabais de m\u00ed como Pastor y Obispo. Me confi\u00f3 a la Divina Misericordia y a vuestra comprensi\u00f3n.<\/p>\n<p style=\"text-align: justify;\">En mi escudo episcopal aparece este lema o palabras identificadoras de una misi\u00f3n a realizar: Evangelizare Iesum Christum. Estas palabras: \u201canunciar el Evangelio\u201d, dar a conocer y amar a Jesucristo, vienen marcando, desde su inicio, mi ministerio episcopal. Es la tarea de la Iglesia, su naturaleza y raz\u00f3n de ser. Es mi espec\u00edfica tarea episcopal que ahora me toca desempe\u00f1ar como Obispo em\u00e9rito. Seguir\u00e9 en la Di\u00f3cesis hasta terminar el curso pastoral e ir cerrando la agenda de compromisos que tengo con Confirmaciones y otras celebraciones, aunque ya no gobernando la Di\u00f3cesis pues en unos d\u00edas el Colegio de Consultores debe elegir un administrador diocesano.<\/p>\n<p style=\"text-align: justify;\">Comienzo otra etapa de mi existencia que vivo como una manera nueva de servir a la Iglesia, como una renovada llamada amorosa del Se\u00f1or a seguirlo y a abandonarme en sus manos.<\/p>\n<p style=\"text-align: justify;\">Orad por el nuevo Obispo que pueda llegar, para que el Se\u00f1or le conceda la abundancia de los dones del Esp\u00edritu en su servicio pastoral a nuestra Di\u00f3cesis.<\/p>\n<p style=\"text-align: justify;\">Rezad por m\u00ed como yo rezo por vosotros. Que el Se\u00f1or resucitado os salve y bendiga. Con Dios os dejo y con la protecci\u00f3n maternal de la Virgen Mar\u00eda, Nuestra Se\u00f1ora de los Llanos, patrona de la Di\u00f3cesis.<\/p>\n<p style=\"text-align: justify;\">Con mi afecto, gratitud y bendici\u00f3n.<\/p>\n<p style=\"text-align: justify;\">\u00c1ngel Fern\u00e1ndez Collado &#8211; Obispo em\u00e9rito de Albacete<\/p>\n<p><!--publicidad-voz03--><a href=\"https:\/\/www.facebook.com\/profile.php?id=100063593791305&amp;locale=es_ES\"><img decoding=\"async\" class=\"alignnone size-medium\" src=\"https:\/\/blogger.googleusercontent.com\/img\/b\/R29vZ2xl\/AVvXsEi8_n_ll8UOcGxCqzFvb_9Io4ICczlGC990BPtPj2w9Px-u7B3oqWUW5vtjZUqPNJ-nyjiUIorE0ATsib_l5tV8BVN-UJ03RTnU__IHJF_4DgDBtY4LIqXNG-FomrO-7ywes20CBCRM2Hcm7EJSh3UUw1dO-c_uTflUrtgY1i7uBRezj_DpympmEFkfbQY\/s1600\/logo-principal2.jpg\" width=\"100%\" height=\"100\" \/><\/a><!--bestpublic-voz03--><!--desk-in-out-voz03--><br \/>\n<!--publicidad-voz04--><a href=\"https:\/\/www.facebook.com\/profile.php?id=61557370768692&amp;locale=es_ES\"><img decoding=\"async\" class=\"alignnone size-medium\" src=\"https:\/\/blogger.googleusercontent.com\/img\/b\/R29vZ2xl\/AVvXsEgy5RdcfffrnrItnYTcV9bCJjgJwldsQLWssfVfrLbyfXeBNTFKgBf0rMIvhrUaGUhiXzVr9_eQgCbi-j63ZDpfTvLIty9w7s140y-m1yHe7eKmEK7v2NAHUJDVYGdfeiQFeRCqUjdwWmN1MX_AUxxz4IVdJ4WIM0APxit8bjWkXzrnEFGqBvW_1F13H1g\/s1600\/logo-principal5.jpg\" width=\"100%\" height=\"100\" \/><\/a><!--bestpublic-voz04--><!--desk-in-out-voz04--><br \/>\n<!--publicidad-voz05--><a href=\"https:\/\/www.facebook.com\/asociaciontamborileroshellin?locale=es_ES\"><img decoding=\"async\" class=\"alignnone size-medium\" src=\"https:\/\/blogger.googleusercontent.com\/img\/b\/R29vZ2xl\/AVvXsEhHEEpZsKK1VpwiYMrS7aE2ujtqIDZoLd4B5wtbiseSU9s2HdTdQfhF84So2XwEB1fv0BLw95GADm6hUl1bkKtzh-eIgVigXONuu_5RxeIMPhjk8q6uNX4EaEHbooKkbu7pCADWPpVJjhKIH5NQSJpWqedC-YBez4QAQeJYokkLot9bhrIaUAeztsGis6M\/s1600\/logo-principal3.jpg\" width=\"100%\" height=\"100\" \/><\/a><!--bestpublic-voz05--><!--desk-in-out-voz05--><br \/>\n<!--publicidad-voz06--><!--bestpublic-voz06--><!--desk-in-out-voz06--><br \/>\n<!--publicidad-voz07--><!--bestpublic-voz07--><!--desk-in-out-voz07--><br \/>\n<!--publicidad-voz08--><!--bestpublic-voz08--><!--desk-in-out-voz08--><br \/>\n<!--publicidad-voz09--><!--bestpublic-voz09--><!--desk-in-out-voz09--><br \/>\n<!--publicidad-voz10--><!--bestpublic-voz10--><!--desk-in-out-voz10--><br \/>\n<!--publicidad-voz11--><!--bestpublic-voz11--><!--desk-in-out-voz11--><br \/>\n<!--publicidad-voz12--><!--bestpublic-voz12--><!--desk-in-out-voz12--><br \/>\n<!--publicidad-voz13--><!--bestpublic-voz13--><!--desk-in-out-voz13--><br \/>\n<!--publicidad-voz14--><!--bestpublic-voz14--><!--desk-in-out-voz14--><br \/>\n<!--publicidad-voz15--><!--bestpublic-voz15--><!--desk-in-out-voz15--><br \/>\n<!--publicidad-voz16--><!--bestpublic-voz16--><!--desk-in-out-voz16--><\/p>\n","protected":false},"excerpt":{"rendered":"<p>El Papa acepta la renuncia de \u00c1ngel Fern\u00e1ndez Collado como obispo de Albacete por motivos de salud.<\/p>\n","protected":false},"author":2,"featured_media":149751,"comment_status":"closed","ping_status":"closed","sticky":false,"template":"","format":"standard","meta":{"footnotes":""},"categories":[753,718,715,716,717],"tags":[],"class_list":["post-149750","post","type-post","status-publish","format-standard","has-post-thumbnail","hentry","category-blog-lv034","category-blogger","category-la-voz-de-hellin","category-la-voz-de-hellin-la-voz-de-hellin","category-noticias"],"_links":{"self":[{"href":"https:\/\/lavozdehellin.com\/noticias\/wp-json\/wp\/v2\/posts\/149750","targetHints":{"allow":["GET"]}}],"collection":[{"href":"https:\/\/lavozdehellin.com\/noticias\/wp-json\/wp\/v2\/posts"}],"about":[{"href":"https:\/\/lavozdehellin.com\/noticias\/wp-json\/wp\/v2\/types\/post"}],"author":[{"embeddable":true,"href":"https:\/\/lavozdehellin.com\/noticias\/wp-json\/wp\/v2\/users\/2"}],"replies":[{"embeddable":true,"href":"https:\/\/lavozdehellin.com\/noticias\/wp-json\/wp\/v2\/comments?post=149750"}],"version-history":[{"count":0,"href":"https:\/\/lavozdehellin.com\/noticias\/wp-json\/wp\/v2\/posts\/149750\/revisions"}],"wp:featuredmedia":[{"embeddable":true,"href":"https:\/\/lavozdehellin.com\/noticias\/wp-json\/wp\/v2\/media\/149751"}],"wp:attachment":[{"href":"https:\/\/lavozdehellin.com\/noticias\/wp-json\/wp\/v2\/media?parent=149750"}],"wp:term":[{"taxonomy":"category","embeddable":true,"href":"https:\/\/lavozdehellin.com\/noticias\/wp-json\/wp\/v2\/categories?post=149750"},{"taxonomy":"post_tag","embeddable":true,"href":"https:\/\/lavozdehellin.com\/noticias\/wp-json\/wp\/v2\/tags?post=149750"}],"curies":[{"name":"wp","href":"https:\/\/api.w.org\/{rel}","templated":true}]}}