{"id":149753,"date":"2024-04-10T11:55:34","date_gmt":"2024-04-10T09:55:34","guid":{"rendered":"https:\/\/lavozdehellin.com\/noticias\/?p=149753"},"modified":"2024-04-11T12:23:10","modified_gmt":"2024-04-11T10:23:10","slug":"v08-491-el-gobierno-municipal-y-la-jefatura-de-policia-local-de-hellin-destacan-la-normalidad-con-la-que-han-sucedido-los-dias-de-semana-santa","status":"publish","type":"post","link":"https:\/\/lavozdehellin.com\/noticias\/v08-491-el-gobierno-municipal-y-la-jefatura-de-policia-local-de-hellin-destacan-la-normalidad-con-la-que-han-sucedido-los-dias-de-semana-santa\/","title":{"rendered":"LVH NOTICIAS | EL GOBIERNO MUNICIPAL Y LA JEFATURA DE POLIC\u00cdA LOCAL DE HELL\u00cdN DESTACAN LA \u00abNORMALIDAD\u00bb CON LA QUE HAN SUCEDIDO LOS D\u00cdAS DE SEMANA SANTA"},"content":{"rendered":"<p style=\"text-align: justify;\">El Gobierno Municipal y la Jefatura de Polic\u00eda Local de Hell\u00edn destacan la \u00abnormalidad\u00bb con la que han sucedido los d\u00edas de Semana Santa.<\/p>\n<p><!--more--><br \/>\n<!--publicidad-voz01--><a href=\"https:\/\/www.facebook.com\/SoloRadioHellin\/?locale=es_ES\"><img decoding=\"async\" class=\"alignnone size-medium\" src=\"https:\/\/blogger.googleusercontent.com\/img\/b\/R29vZ2xl\/AVvXsEiNncirNnyGedv00mhjZjh5Wl4_YPdJGanoAl8tL8zH-HwqE8uHqjEfSt340RHdx-9tuCSIkZ8rFamZiGyYlgDGxCsmXjCH_1xk5eYM3ntFZRvJP_jndOKR7w1UAo9Tu0vrZyOLfqRpHIxYI5SymJJ-pfGCQw6QVpggBH-UgfjiFQ2JOxqxG0Jx94kW83c\/s1600\/logo-principal.jpg\" width=\"100%\" height=\"100\" \/><\/a><!--bestpublic-voz01--><!--desk-in-out-voz01--><br \/>\n<!--publicidad-voz02--><a href=\"https:\/\/www.hellincf.com\/\"><img decoding=\"async\" class=\"alignnone size-medium\" src=\"https:\/\/blogger.googleusercontent.com\/img\/b\/R29vZ2xl\/AVvXsEhuZ4-XfBVj3UtdP8-RZugy3WVrg-Zv28c53m4oV47qYCxL1rX_dqWX_YddsGSnpH5SRDqZ7bZeKPIfDVCDncpjVlhy3aQs2vojcJBn7Gdv9hC2_Nzct_pRFrnFE1a7KTCdY1bT_kAgnY3-iadRZrGeJf1fR2P5fu11bokx0pWjaypoy-ctwCjklldpEbA\/s1600\/logo-principal7.jpg\" width=\"100%\" height=\"100\" \/><\/a><!--bestpublic-voz02--><!--desk-in-out-voz02--><\/p>\n<p style=\"text-align: justify;\">M\u00e1s de 40 efectivos de Polic\u00eda Local coordinaron la seguridad de los recorridos de la Semana Santa.<\/p>\n<p style=\"text-align: justify;\">En el operativo tambi\u00e9n participaron Protecci\u00f3n Civil, Cruz Roja y dem\u00e1s fuerzas y cuerpos de Seguridad del Estado que se complement\u00f3 con un CECOPAL -Centro Coordinador de Emergencias- situado en el MUSS.<\/p>\n<p style=\"text-align: justify;\">M\u00e1s de 40 efectivos de la Polic\u00eda Local de Hell\u00edn velaron por la seguridad y la coordinaci\u00f3n, en materia de tr\u00e1fico, de los recorridos de la Semana Santa, reconocida como Fiesta de Inter\u00e9s Tur\u00edstico Internacional.<\/p>\n<p style=\"text-align: justify;\">Las valoraciones positivas por parte del alcalde de la ciudad -Manuel Serena- y el jefe de la Polic\u00eda Local \u2013Francisco Jos\u00e9 Paterna- comunicaban que se centraban en aspectos t\u00e9cnicos como la seguridad, el control del tr\u00e1fico de veh\u00edculos, cumplimiento de las ordenanzas y la gesti\u00f3n de multitudes.<\/p>\n<p style=\"text-align: justify;\">Para llegar a esa conclusi\u00f3n positiva ambos valoraban, una vez finalizada la Semana Santa, la gesti\u00f3n eficaz en el mantenimiento del orden p\u00fablico a trav\u00e9s de vigilancias preventivas y presencias policiales est\u00e1ticas y din\u00e1micas continuas, la gesti\u00f3n del tr\u00e1fico rodado especialmente en v\u00edas afectadas por procesiones y tamboradas en parte antigua de la ciudad, y el apoyo a los eventos religiosos y culturales.<\/p>\n<p style=\"text-align: justify;\">Tambi\u00e9n quedaba evaluada la respuesta ante emergencias y situaciones imprevistas con la implementaci\u00f3n de diferentes planes de actuaci\u00f3n.<\/p>\n<p style=\"text-align: justify;\">Continuaba Paterna informando que \u201cen lo que respecta a cuestiones de seguridad y coordinaci\u00f3n de recorridos, se establecieron cortes puntuales de tr\u00e1fico que afectaron a las \u00e1reas por las que discurr\u00edan traslados de tronos, procesiones y tamboradas, adem\u00e1s del control de los estacionamientos para que no se obstaculizara el paso de las mismas\u201d.<\/p>\n<p style=\"text-align: justify;\">Los dispositivos de polic\u00eda local de prevenci\u00f3n y respuesta estuvieron en vigor entre las 15.00 horas del 22 de marzo -viernes de Dolores- y las 08.00 horas del 1 de abril de 2024 -lunes de Pascua-, coincidente con la activaci\u00f3n del PLAN MUNICIPAL DE EMERGENCIAS -PLATEMUN- en su fase de alerta en la ciudad durante la semana pasional. Se reforzaron los dispositivos de vigilancia, prevenci\u00f3n y respuesta y se aumentaron los controles de personas en todos aquellos lugares en los que se dio una alta presencia o tr\u00e1nsito de personas.<\/p>\n<p style=\"text-align: justify;\">En el dispositivo de la Jefatura de Polic\u00eda Local, aunque similar al de a\u00f1os anteriores, hay que resaltar el porcentaje similar de intervenciones respecto al a\u00f1o pasado en proporci\u00f3n a los d\u00edas de eventos y actividades.<\/p>\n<p style=\"text-align: justify;\">Se han realizado 4 actas por infracciones a la Ley de Seguridad ciudadana 4\/2015 \u2013 4 tamborileros por entorpecer el normal desarrollo de la Procesi\u00f3n de mi\u00e9rcoles santo-, totalizando 14 directamente relacionadas en v\u00eda judicial de un total de 29<br \/>\nintervenciones.<\/p>\n<p style=\"text-align: justify;\">Del mismo modo, tambi\u00e9n se han iniciado 79 expedientes de retiradas de veh\u00edculos de la v\u00eda p\u00fablica, as\u00ed como la confecci\u00f3n de 3 atestados por accidentes de circulaci\u00f3n con resultado de personas heridas leves, uno de ellos con positivo en tasa de alcoholemia en aire espirado.<\/p>\n<p style=\"text-align: justify;\">En cuanto a polic\u00eda administrativa, resaltar los 9 oficios de denuncia a ordenanzas municipales por infracciones en los controles de sedes y pe\u00f1as de semana santa en el casco antiguo ( 3 ) y otras, superior en 2 al 2023.<\/p>\n<p><!--publicidad-voz03--><a href=\"https:\/\/www.facebook.com\/profile.php?id=100063593791305&amp;locale=es_ES\"><img decoding=\"async\" class=\"alignnone size-medium\" src=\"https:\/\/blogger.googleusercontent.com\/img\/b\/R29vZ2xl\/AVvXsEi8_n_ll8UOcGxCqzFvb_9Io4ICczlGC990BPtPj2w9Px-u7B3oqWUW5vtjZUqPNJ-nyjiUIorE0ATsib_l5tV8BVN-UJ03RTnU__IHJF_4DgDBtY4LIqXNG-FomrO-7ywes20CBCRM2Hcm7EJSh3UUw1dO-c_uTflUrtgY1i7uBRezj_DpympmEFkfbQY\/s1600\/logo-principal2.jpg\" width=\"100%\" height=\"100\" \/><\/a><!--bestpublic-voz03--><!--desk-in-out-voz03--><br \/>\n<!--publicidad-voz04--><a href=\"https:\/\/www.facebook.com\/profile.php?id=61557370768692&amp;locale=es_ES\"><img decoding=\"async\" class=\"alignnone size-medium\" src=\"https:\/\/blogger.googleusercontent.com\/img\/b\/R29vZ2xl\/AVvXsEgy5RdcfffrnrItnYTcV9bCJjgJwldsQLWssfVfrLbyfXeBNTFKgBf0rMIvhrUaGUhiXzVr9_eQgCbi-j63ZDpfTvLIty9w7s140y-m1yHe7eKmEK7v2NAHUJDVYGdfeiQFeRCqUjdwWmN1MX_AUxxz4IVdJ4WIM0APxit8bjWkXzrnEFGqBvW_1F13H1g\/s1600\/logo-principal5.jpg\" width=\"100%\" height=\"100\" \/><\/a><!--bestpublic-voz04--><!--desk-in-out-voz04--><br \/>\n<!--publicidad-voz05--><a href=\"https:\/\/www.facebook.com\/asociaciontamborileroshellin?locale=es_ES\"><img decoding=\"async\" class=\"alignnone size-medium\" src=\"https:\/\/blogger.googleusercontent.com\/img\/b\/R29vZ2xl\/AVvXsEhHEEpZsKK1VpwiYMrS7aE2ujtqIDZoLd4B5wtbiseSU9s2HdTdQfhF84So2XwEB1fv0BLw95GADm6hUl1bkKtzh-eIgVigXONuu_5RxeIMPhjk8q6uNX4EaEHbooKkbu7pCADWPpVJjhKIH5NQSJpWqedC-YBez4QAQeJYokkLot9bhrIaUAeztsGis6M\/s1600\/logo-principal3.jpg\" width=\"100%\" height=\"100\" \/><\/a><!--bestpublic-voz05--><!--desk-in-out-voz05--><br \/>\n<!--publicidad-voz06--><!--bestpublic-voz06--><!--desk-in-out-voz06--><br \/>\n<!--publicidad-voz07--><!--bestpublic-voz07--><!--desk-in-out-voz07--><br \/>\n<!--publicidad-voz08--><!--bestpublic-voz08--><!--desk-in-out-voz08--><br \/>\n<!--publicidad-voz09--><!--bestpublic-voz09--><!--desk-in-out-voz09--><br \/>\n<!--publicidad-voz10--><!--bestpublic-voz10--><!--desk-in-out-voz10--><br \/>\n<!--publicidad-voz11--><!--bestpublic-voz11--><!--desk-in-out-voz11--><br \/>\n<!--publicidad-voz12--><!--bestpublic-voz12--><!--desk-in-out-voz12--><br \/>\n<!--publicidad-voz13--><!--bestpublic-voz13--><!--desk-in-out-voz13--><br \/>\n<!--publicidad-voz14--><!--bestpublic-voz14--><!--desk-in-out-voz14--><br \/>\n<!--publicidad-voz15--><!--bestpublic-voz15--><!--desk-in-out-voz15--><br \/>\n<!--publicidad-voz16--><!--bestpublic-voz16--><!--desk-in-out-voz16--><\/p>\n","protected":false},"excerpt":{"rendered":"<p>El Gobierno Municipal y la Jefatura de Polic\u00eda Local de Hell\u00edn destacan la \u00abnormalidad\u00bb con la que han sucedido los d\u00edas de Semana Santa.<\/p>\n","protected":false},"author":2,"featured_media":149754,"comment_status":"closed","ping_status":"closed","sticky":false,"template":"","format":"standard","meta":{"footnotes":""},"categories":[753,718,715,716,717],"tags":[],"class_list":["post-149753","post","type-post","status-publish","format-standard","has-post-thumbnail","hentry","category-blog-lv034","category-blogger","category-la-voz-de-hellin","category-la-voz-de-hellin-la-voz-de-hellin","category-noticias"],"_links":{"self":[{"href":"https:\/\/lavozdehellin.com\/noticias\/wp-json\/wp\/v2\/posts\/149753","targetHints":{"allow":["GET"]}}],"collection":[{"href":"https:\/\/lavozdehellin.com\/noticias\/wp-json\/wp\/v2\/posts"}],"about":[{"href":"https:\/\/lavozdehellin.com\/noticias\/wp-json\/wp\/v2\/types\/post"}],"author":[{"embeddable":true,"href":"https:\/\/lavozdehellin.com\/noticias\/wp-json\/wp\/v2\/users\/2"}],"replies":[{"embeddable":true,"href":"https:\/\/lavozdehellin.com\/noticias\/wp-json\/wp\/v2\/comments?post=149753"}],"version-history":[{"count":0,"href":"https:\/\/lavozdehellin.com\/noticias\/wp-json\/wp\/v2\/posts\/149753\/revisions"}],"wp:featuredmedia":[{"embeddable":true,"href":"https:\/\/lavozdehellin.com\/noticias\/wp-json\/wp\/v2\/media\/149754"}],"wp:attachment":[{"href":"https:\/\/lavozdehellin.com\/noticias\/wp-json\/wp\/v2\/media?parent=149753"}],"wp:term":[{"taxonomy":"category","embeddable":true,"href":"https:\/\/lavozdehellin.com\/noticias\/wp-json\/wp\/v2\/categories?post=149753"},{"taxonomy":"post_tag","embeddable":true,"href":"https:\/\/lavozdehellin.com\/noticias\/wp-json\/wp\/v2\/tags?post=149753"}],"curies":[{"name":"wp","href":"https:\/\/api.w.org\/{rel}","templated":true}]}}