{"id":149769,"date":"2024-04-11T11:49:14","date_gmt":"2024-04-11T09:49:14","guid":{"rendered":"https:\/\/lavozdehellin.com\/noticias\/?p=149769"},"modified":"2024-04-12T11:31:10","modified_gmt":"2024-04-12T09:31:10","slug":"v08-492-la-policia-nacional-detiene-a-una-mujer-por-dar-de-alta-tres-lineas-de-telefono-con-los-datos-de-la-victima","status":"publish","type":"post","link":"https:\/\/lavozdehellin.com\/noticias\/v08-492-la-policia-nacional-detiene-a-una-mujer-por-dar-de-alta-tres-lineas-de-telefono-con-los-datos-de-la-victima\/","title":{"rendered":"LVH NOTICIAS | LA POLIC\u00cdA NACIONAL DETIENE A UNA MUJER POR DAR DE ALTA TRES L\u00cdNEAS DE TEL\u00c9FONO CON LOS DATOS DE LA V\u00cdCTIMA"},"content":{"rendered":"<p style=\"text-align: justify;\">En la ciudad de Albacete.<\/p>\n<p><!--more--><br \/>\n<!--publicidad-voz01--><a href=\"https:\/\/www.facebook.com\/SoloRadioHellin\/?locale=es_ES\"><img decoding=\"async\" class=\"alignnone size-medium\" src=\"https:\/\/blogger.googleusercontent.com\/img\/b\/R29vZ2xl\/AVvXsEiNncirNnyGedv00mhjZjh5Wl4_YPdJGanoAl8tL8zH-HwqE8uHqjEfSt340RHdx-9tuCSIkZ8rFamZiGyYlgDGxCsmXjCH_1xk5eYM3ntFZRvJP_jndOKR7w1UAo9Tu0vrZyOLfqRpHIxYI5SymJJ-pfGCQw6QVpggBH-UgfjiFQ2JOxqxG0Jx94kW83c\/s1600\/logo-principal.jpg\" width=\"100%\" height=\"100\" \/><\/a><!--bestpublic-voz01--><!--desk-in-out-voz01--><br \/>\n<!--publicidad-voz02--><a href=\"https:\/\/www.hellincf.com\/\"><img decoding=\"async\" class=\"alignnone size-medium\" src=\"https:\/\/blogger.googleusercontent.com\/img\/b\/R29vZ2xl\/AVvXsEhuZ4-XfBVj3UtdP8-RZugy3WVrg-Zv28c53m4oV47qYCxL1rX_dqWX_YddsGSnpH5SRDqZ7bZeKPIfDVCDncpjVlhy3aQs2vojcJBn7Gdv9hC2_Nzct_pRFrnFE1a7KTCdY1bT_kAgnY3-iadRZrGeJf1fR2P5fu11bokx0pWjaypoy-ctwCjklldpEbA\/s1600\/logo-principal7.jpg\" width=\"100%\" height=\"100\" \/><\/a><!--bestpublic-voz02--><!--desk-in-out-voz02--><\/p>\n<p style=\"text-align: justify;\">La Polic\u00eda Nacional detiene a una mujer por dar de alta tres l\u00edneas de tel\u00e9fono con los datos de la v\u00edctima.<\/p>\n<p style=\"text-align: justify;\">Ocup\u00f3 una vivienda y se hizo con los datos de la propietaria para usarlos de manera fraudulenta.<\/p>\n<p style=\"text-align: justify;\">La estafa le gener\u00f3 a la v\u00edctima una deuda de 890 euros con la compa\u00f1\u00eda telef\u00f3nica.<\/p>\n<p style=\"text-align: justify;\">La Polic\u00eda Nacional ha detenido en Albacete a una mujer por utilizar los datos personales de otra para dar de alta tres l\u00edneas de telefon\u00eda m\u00f3vil, gener\u00e1ndole una deuda de 890 euros con la compa\u00f1\u00eda telef\u00f3nica.<\/p>\n<p style=\"text-align: justify;\">La investigaci\u00f3n comenz\u00f3 a ra\u00edz de la denuncia presentada una ciudadana de Albacete en la que manifestaba que cuando acudi\u00f3 a solicitar un pr\u00e9stamo, que no le pudo ser concedido porque figuraba a su nombre una deuda pendiente de pago con una compa\u00f1\u00eda telef\u00f3nica que ascend\u00eda a 890 euros. Al parecer, esta la deuda fue generada por la contrataci\u00f3n y posterior impago de tres l\u00edneas telef\u00f3nicas.<\/p>\n<p style=\"text-align: justify;\">Realizadas las pesquisas oportunas por el grupo de investigaci\u00f3n, se averigu\u00f3 la identidad de persona que hab\u00eda realizado los contratos, resultando ser una mujer que estuvo ocupando una vivienda propiedad de la v\u00edctima, hecho que aprovech\u00f3 para acceder a sus datos personales y utilizarlos para contratar las l\u00edneas de manera fraudulenta.<\/p>\n<p style=\"text-align: justify;\">La presunta autora de los hechos, que ya dispon\u00eda de antecedentes, fue detenida por un delito de estafa.<\/p>\n<p style=\"text-align: justify;\">Desde la Polic\u00eda Nacional se recuerda a los ciudadanos que extremen el cuidado de sus datos personales, sobre todo del Documento Nacional de Identidad, del cual no se debe aportar fotograf\u00eda alguna a personas o webs desconocidas y en caso de ser necesario, editar sobre la fotograf\u00eda una marca que indique el lugar al que se ha enviado.<\/p>\n<p><!--publicidad-voz03--><a href=\"https:\/\/www.facebook.com\/profile.php?id=100063593791305&amp;locale=es_ES\"><img decoding=\"async\" class=\"alignnone size-medium\" src=\"https:\/\/blogger.googleusercontent.com\/img\/b\/R29vZ2xl\/AVvXsEi8_n_ll8UOcGxCqzFvb_9Io4ICczlGC990BPtPj2w9Px-u7B3oqWUW5vtjZUqPNJ-nyjiUIorE0ATsib_l5tV8BVN-UJ03RTnU__IHJF_4DgDBtY4LIqXNG-FomrO-7ywes20CBCRM2Hcm7EJSh3UUw1dO-c_uTflUrtgY1i7uBRezj_DpympmEFkfbQY\/s1600\/logo-principal2.jpg\" width=\"100%\" height=\"100\" \/><\/a><!--bestpublic-voz03--><!--desk-in-out-voz03--><br \/>\n<!--publicidad-voz04--><a href=\"https:\/\/www.facebook.com\/profile.php?id=61557370768692&amp;locale=es_ES\"><img decoding=\"async\" class=\"alignnone size-medium\" src=\"https:\/\/blogger.googleusercontent.com\/img\/b\/R29vZ2xl\/AVvXsEgy5RdcfffrnrItnYTcV9bCJjgJwldsQLWssfVfrLbyfXeBNTFKgBf0rMIvhrUaGUhiXzVr9_eQgCbi-j63ZDpfTvLIty9w7s140y-m1yHe7eKmEK7v2NAHUJDVYGdfeiQFeRCqUjdwWmN1MX_AUxxz4IVdJ4WIM0APxit8bjWkXzrnEFGqBvW_1F13H1g\/s1600\/logo-principal5.jpg\" width=\"100%\" height=\"100\" \/><\/a><!--bestpublic-voz04--><!--desk-in-out-voz04--><br \/>\n<!--publicidad-voz05--><a href=\"https:\/\/www.facebook.com\/asociaciontamborileroshellin?locale=es_ES\"><img decoding=\"async\" class=\"alignnone size-medium\" src=\"https:\/\/blogger.googleusercontent.com\/img\/b\/R29vZ2xl\/AVvXsEhHEEpZsKK1VpwiYMrS7aE2ujtqIDZoLd4B5wtbiseSU9s2HdTdQfhF84So2XwEB1fv0BLw95GADm6hUl1bkKtzh-eIgVigXONuu_5RxeIMPhjk8q6uNX4EaEHbooKkbu7pCADWPpVJjhKIH5NQSJpWqedC-YBez4QAQeJYokkLot9bhrIaUAeztsGis6M\/s1600\/logo-principal3.jpg\" width=\"100%\" height=\"100\" \/><\/a><!--bestpublic-voz05--><!--desk-in-out-voz05--><br \/>\n<!--publicidad-voz06--><!--bestpublic-voz06--><!--desk-in-out-voz06--><br \/>\n<!--publicidad-voz07--><!--bestpublic-voz07--><!--desk-in-out-voz07--><br \/>\n<!--publicidad-voz08--><!--bestpublic-voz08--><!--desk-in-out-voz08--><br \/>\n<!--publicidad-voz09--><!--bestpublic-voz09--><!--desk-in-out-voz09--><br \/>\n<!--publicidad-voz10--><!--bestpublic-voz10--><!--desk-in-out-voz10--><br \/>\n<!--publicidad-voz11--><!--bestpublic-voz11--><!--desk-in-out-voz11--><br \/>\n<!--publicidad-voz12--><!--bestpublic-voz12--><!--desk-in-out-voz12--><br \/>\n<!--publicidad-voz13--><!--bestpublic-voz13--><!--desk-in-out-voz13--><br \/>\n<!--publicidad-voz14--><!--bestpublic-voz14--><!--desk-in-out-voz14--><br \/>\n<!--publicidad-voz15--><!--bestpublic-voz15--><!--desk-in-out-voz15--><br \/>\n<!--publicidad-voz16--><!--bestpublic-voz16--><!--desk-in-out-voz16--><\/p>\n","protected":false},"excerpt":{"rendered":"<p>En la ciudad de Albacete.<\/p>\n","protected":false},"author":2,"featured_media":149770,"comment_status":"closed","ping_status":"closed","sticky":false,"template":"","format":"standard","meta":{"footnotes":""},"categories":[753,718,715,716,717],"tags":[],"class_list":["post-149769","post","type-post","status-publish","format-standard","has-post-thumbnail","hentry","category-blog-lv034","category-blogger","category-la-voz-de-hellin","category-la-voz-de-hellin-la-voz-de-hellin","category-noticias"],"_links":{"self":[{"href":"https:\/\/lavozdehellin.com\/noticias\/wp-json\/wp\/v2\/posts\/149769","targetHints":{"allow":["GET"]}}],"collection":[{"href":"https:\/\/lavozdehellin.com\/noticias\/wp-json\/wp\/v2\/posts"}],"about":[{"href":"https:\/\/lavozdehellin.com\/noticias\/wp-json\/wp\/v2\/types\/post"}],"author":[{"embeddable":true,"href":"https:\/\/lavozdehellin.com\/noticias\/wp-json\/wp\/v2\/users\/2"}],"replies":[{"embeddable":true,"href":"https:\/\/lavozdehellin.com\/noticias\/wp-json\/wp\/v2\/comments?post=149769"}],"version-history":[{"count":0,"href":"https:\/\/lavozdehellin.com\/noticias\/wp-json\/wp\/v2\/posts\/149769\/revisions"}],"wp:featuredmedia":[{"embeddable":true,"href":"https:\/\/lavozdehellin.com\/noticias\/wp-json\/wp\/v2\/media\/149770"}],"wp:attachment":[{"href":"https:\/\/lavozdehellin.com\/noticias\/wp-json\/wp\/v2\/media?parent=149769"}],"wp:term":[{"taxonomy":"category","embeddable":true,"href":"https:\/\/lavozdehellin.com\/noticias\/wp-json\/wp\/v2\/categories?post=149769"},{"taxonomy":"post_tag","embeddable":true,"href":"https:\/\/lavozdehellin.com\/noticias\/wp-json\/wp\/v2\/tags?post=149769"}],"curies":[{"name":"wp","href":"https:\/\/api.w.org\/{rel}","templated":true}]}}