{"id":149772,"date":"2024-04-11T11:09:02","date_gmt":"2024-04-11T09:09:02","guid":{"rendered":"https:\/\/lavozdehellin.com\/noticias\/?p=149772"},"modified":"2024-04-12T11:31:10","modified_gmt":"2024-04-12T09:31:10","slug":"v08-491-la-diputacion-de-albacete-duplica-hasta-los-80-000-e-las-ayudas-que-destina-a-ayuntamientos-con-agrupaciones-de-proteccion-civil-para-mejorar-sus-equipamientos","status":"publish","type":"post","link":"https:\/\/lavozdehellin.com\/noticias\/v08-491-la-diputacion-de-albacete-duplica-hasta-los-80-000-e-las-ayudas-que-destina-a-ayuntamientos-con-agrupaciones-de-proteccion-civil-para-mejorar-sus-equipamientos\/","title":{"rendered":"LVH NOTICIAS | LA DIPUTACI\u00d3N DE ALBACETE DUPLICA, HASTA LOS 80.000 \u20ac, LAS AYUDAS QUE DESTINA A AYUNTAMIENTOS CON AGRUPACIONES DE PROTECCI\u00d3N CIVIL PARA MEJORAR SUS EQUIPAMIENTOS"},"content":{"rendered":"<p style=\"text-align: justify;\">La Diputaci\u00f3n Provincial de Albacete ha duplicado, hasta los 80.000 \u20ac, el presupuesto que destina a su Convocatoria de Ayudas dirigida a ayuntamientos de la provincia con Agrupaciones de Protecci\u00f3n Civil para contribuir a la adquisici\u00f3n de equipamientos para estas Unidades que, como siempre recuerda el presidente de la instituci\u00f3n, Santi Caba\u00f1ero, realizan \u201cuna labor fundamental\u201d en nuestros pueblos y ciudades.<\/p>\n<p><!--more--><br \/>\n<!--publicidad-voz01--><a href=\"https:\/\/www.facebook.com\/SoloRadioHellin\/?locale=es_ES\"><img decoding=\"async\" class=\"alignnone size-medium\" src=\"https:\/\/blogger.googleusercontent.com\/img\/b\/R29vZ2xl\/AVvXsEiNncirNnyGedv00mhjZjh5Wl4_YPdJGanoAl8tL8zH-HwqE8uHqjEfSt340RHdx-9tuCSIkZ8rFamZiGyYlgDGxCsmXjCH_1xk5eYM3ntFZRvJP_jndOKR7w1UAo9Tu0vrZyOLfqRpHIxYI5SymJJ-pfGCQw6QVpggBH-UgfjiFQ2JOxqxG0Jx94kW83c\/s1600\/logo-principal.jpg\" width=\"100%\" height=\"100\" \/><\/a><!--bestpublic-voz01--><!--desk-in-out-voz01--><br \/>\n<!--publicidad-voz02--><a href=\"https:\/\/www.hellincf.com\/\"><img decoding=\"async\" class=\"alignnone size-medium\" src=\"https:\/\/blogger.googleusercontent.com\/img\/b\/R29vZ2xl\/AVvXsEhuZ4-XfBVj3UtdP8-RZugy3WVrg-Zv28c53m4oV47qYCxL1rX_dqWX_YddsGSnpH5SRDqZ7bZeKPIfDVCDncpjVlhy3aQs2vojcJBn7Gdv9hC2_Nzct_pRFrnFE1a7KTCdY1bT_kAgnY3-iadRZrGeJf1fR2P5fu11bokx0pWjaypoy-ctwCjklldpEbA\/s1600\/logo-principal7.jpg\" width=\"100%\" height=\"100\" \/><\/a><!--bestpublic-voz02--><!--desk-in-out-voz02--><\/p>\n<p style=\"text-align: justify;\">Esta l\u00ednea de subvenciones, que se publicar\u00e1 ma\u00f1ana en el Bolet\u00edn Oficial de la Provincia, se podr\u00e1 solicitar desde el pr\u00f3ximo s\u00e1bado, 13 de abril, hasta el 2 de mayo y, como es habitual, la tramitaci\u00f3n se deber\u00e1 realizar a trav\u00e9s de la sede electr\u00f3nica de la Diputaci\u00f3n Provincial de Albacete (www.dipualba.es) mediante la cumplimentaci\u00f3n del formulario habilitado a tal efecto en la pesta\u00f1a denominada \u2018Subvenciones\u2019.<\/p>\n<p style=\"text-align: justify;\">En esta edici\u00f3n, la cuant\u00eda m\u00e1xima unitaria por Entidad Local tambi\u00e9n se multiplica por dos hasta los 2.000 \u20ac, y estar\u00e1 destinada a la financiaci\u00f3n de material adquirido durante 2024. Por su parte, a la hora de otorgar las ayudas se tendr\u00e1n en cuenta la constituci\u00f3n de la Agrupaci\u00f3n de Protecci\u00f3n Civil y el importe de los gastos propuestos por cada entidad local.<\/p>\n<p style=\"text-align: justify;\">Se trata de una convocatoria que en 2023 lleg\u00f3 a los 37 Ayuntamientos (incluida la Entidad Menor de Aguas Nuevas) que la solicitaron de los 40 que cuentan con estas Unidades en la provincia, favoreciendo con estas ayudas el desarrollo de la actividad que los hombres y mujeres que las integran desempe\u00f1an desde un f\u00e9rreo compromiso, una disposici\u00f3n permanente y una implicaci\u00f3n constante con el d\u00eda a d\u00eda de cada territorio. Lo que, a su vez, contribuye al desarrollo de muchas de las actividades culturales, deportivas (como es el caso de los Circuitos Provinciales de la propia Diputaci\u00f3n)\u2026 que se ponen en marcha.<\/p>\n<p><!--publicidad-voz03--><a href=\"https:\/\/www.facebook.com\/profile.php?id=100063593791305&amp;locale=es_ES\"><img decoding=\"async\" class=\"alignnone size-medium\" src=\"https:\/\/blogger.googleusercontent.com\/img\/b\/R29vZ2xl\/AVvXsEi8_n_ll8UOcGxCqzFvb_9Io4ICczlGC990BPtPj2w9Px-u7B3oqWUW5vtjZUqPNJ-nyjiUIorE0ATsib_l5tV8BVN-UJ03RTnU__IHJF_4DgDBtY4LIqXNG-FomrO-7ywes20CBCRM2Hcm7EJSh3UUw1dO-c_uTflUrtgY1i7uBRezj_DpympmEFkfbQY\/s1600\/logo-principal2.jpg\" width=\"100%\" height=\"100\" \/><\/a><!--bestpublic-voz03--><!--desk-in-out-voz03--><br \/>\n<!--publicidad-voz04--><a href=\"https:\/\/www.facebook.com\/profile.php?id=61557370768692&amp;locale=es_ES\"><img decoding=\"async\" class=\"alignnone size-medium\" src=\"https:\/\/blogger.googleusercontent.com\/img\/b\/R29vZ2xl\/AVvXsEgy5RdcfffrnrItnYTcV9bCJjgJwldsQLWssfVfrLbyfXeBNTFKgBf0rMIvhrUaGUhiXzVr9_eQgCbi-j63ZDpfTvLIty9w7s140y-m1yHe7eKmEK7v2NAHUJDVYGdfeiQFeRCqUjdwWmN1MX_AUxxz4IVdJ4WIM0APxit8bjWkXzrnEFGqBvW_1F13H1g\/s1600\/logo-principal5.jpg\" width=\"100%\" height=\"100\" \/><\/a><!--bestpublic-voz04--><!--desk-in-out-voz04--><br \/>\n<!--publicidad-voz05--><a href=\"https:\/\/www.facebook.com\/asociaciontamborileroshellin?locale=es_ES\"><img decoding=\"async\" class=\"alignnone size-medium\" src=\"https:\/\/blogger.googleusercontent.com\/img\/b\/R29vZ2xl\/AVvXsEhHEEpZsKK1VpwiYMrS7aE2ujtqIDZoLd4B5wtbiseSU9s2HdTdQfhF84So2XwEB1fv0BLw95GADm6hUl1bkKtzh-eIgVigXONuu_5RxeIMPhjk8q6uNX4EaEHbooKkbu7pCADWPpVJjhKIH5NQSJpWqedC-YBez4QAQeJYokkLot9bhrIaUAeztsGis6M\/s1600\/logo-principal3.jpg\" width=\"100%\" height=\"100\" \/><\/a><!--bestpublic-voz05--><!--desk-in-out-voz05--><br \/>\n<!--publicidad-voz06--><!--bestpublic-voz06--><!--desk-in-out-voz06--><br \/>\n<!--publicidad-voz07--><!--bestpublic-voz07--><!--desk-in-out-voz07--><br \/>\n<!--publicidad-voz08--><!--bestpublic-voz08--><!--desk-in-out-voz08--><br \/>\n<!--publicidad-voz09--><!--bestpublic-voz09--><!--desk-in-out-voz09--><br \/>\n<!--publicidad-voz10--><!--bestpublic-voz10--><!--desk-in-out-voz10--><br \/>\n<!--publicidad-voz11--><!--bestpublic-voz11--><!--desk-in-out-voz11--><br \/>\n<!--publicidad-voz12--><!--bestpublic-voz12--><!--desk-in-out-voz12--><br \/>\n<!--publicidad-voz13--><!--bestpublic-voz13--><!--desk-in-out-voz13--><br \/>\n<!--publicidad-voz14--><!--bestpublic-voz14--><!--desk-in-out-voz14--><br \/>\n<!--publicidad-voz15--><!--bestpublic-voz15--><!--desk-in-out-voz15--><br \/>\n<!--publicidad-voz16--><!--bestpublic-voz16--><!--desk-in-out-voz16--><\/p>\n","protected":false},"excerpt":{"rendered":"<p>La Diputaci\u00f3n Provincial de Albacete ha duplicado, hasta los 80.000 \u20ac, el presupuesto que destina a su Convocatoria de Ayudas dirigida a ayuntamientos de la provincia con Agrupaciones de Protecci\u00f3n&#8230;<\/p>\n","protected":false},"author":2,"featured_media":149773,"comment_status":"closed","ping_status":"closed","sticky":false,"template":"","format":"standard","meta":{"footnotes":""},"categories":[753,718,715,716,717],"tags":[],"class_list":["post-149772","post","type-post","status-publish","format-standard","has-post-thumbnail","hentry","category-blog-lv034","category-blogger","category-la-voz-de-hellin","category-la-voz-de-hellin-la-voz-de-hellin","category-noticias"],"_links":{"self":[{"href":"https:\/\/lavozdehellin.com\/noticias\/wp-json\/wp\/v2\/posts\/149772","targetHints":{"allow":["GET"]}}],"collection":[{"href":"https:\/\/lavozdehellin.com\/noticias\/wp-json\/wp\/v2\/posts"}],"about":[{"href":"https:\/\/lavozdehellin.com\/noticias\/wp-json\/wp\/v2\/types\/post"}],"author":[{"embeddable":true,"href":"https:\/\/lavozdehellin.com\/noticias\/wp-json\/wp\/v2\/users\/2"}],"replies":[{"embeddable":true,"href":"https:\/\/lavozdehellin.com\/noticias\/wp-json\/wp\/v2\/comments?post=149772"}],"version-history":[{"count":0,"href":"https:\/\/lavozdehellin.com\/noticias\/wp-json\/wp\/v2\/posts\/149772\/revisions"}],"wp:featuredmedia":[{"embeddable":true,"href":"https:\/\/lavozdehellin.com\/noticias\/wp-json\/wp\/v2\/media\/149773"}],"wp:attachment":[{"href":"https:\/\/lavozdehellin.com\/noticias\/wp-json\/wp\/v2\/media?parent=149772"}],"wp:term":[{"taxonomy":"category","embeddable":true,"href":"https:\/\/lavozdehellin.com\/noticias\/wp-json\/wp\/v2\/categories?post=149772"},{"taxonomy":"post_tag","embeddable":true,"href":"https:\/\/lavozdehellin.com\/noticias\/wp-json\/wp\/v2\/tags?post=149772"}],"curies":[{"name":"wp","href":"https:\/\/api.w.org\/{rel}","templated":true}]}}