{"id":149779,"date":"2024-04-12T11:00:02","date_gmt":"2024-04-12T09:00:02","guid":{"rendered":"https:\/\/lavozdehellin.com\/noticias\/?p=149779"},"modified":"2024-04-14T15:46:25","modified_gmt":"2024-04-14T13:46:25","slug":"v08-494-los-campamentos-de-verano-de-la-diputacion-de-albacete-abren-su-plazo-de-inscripcion-del-12-al-24-de-abril","status":"publish","type":"post","link":"https:\/\/lavozdehellin.com\/noticias\/v08-494-los-campamentos-de-verano-de-la-diputacion-de-albacete-abren-su-plazo-de-inscripcion-del-12-al-24-de-abril\/","title":{"rendered":"LVH NOTICIAS | LOS CAMPAMENTOS DE VERANO DE LA DIPUTACI\u00d3N DE ALBACETE ABREN SU PLAZO DE INSCRIPCI\u00d3N DEL 12 AL 24 DE ABRIL"},"content":{"rendered":"<p style=\"text-align: justify;\">El diputado provincial de Juventud y Deportes, Dani Sancha, ha anunciado que desde este viernes, 12 de abril, y hasta el pr\u00f3ximo d\u00eda 24 del mismo mes, queda abierto el plazo para solicitar la inscripci\u00f3n en los cuatro Campamentos de Verano que la Diputaci\u00f3n de Albacete oferta anualmente, en esta ocasi\u00f3n, para chicos y chicas de entre 9 y 15 a\u00f1os.<\/p>\n<p><!--more--><br \/>\n<!--publicidad-voz01--><a href=\"https:\/\/www.facebook.com\/SoloRadioHellin\/?locale=es_ES\"><img decoding=\"async\" class=\"alignnone size-medium\" src=\"https:\/\/blogger.googleusercontent.com\/img\/b\/R29vZ2xl\/AVvXsEiNncirNnyGedv00mhjZjh5Wl4_YPdJGanoAl8tL8zH-HwqE8uHqjEfSt340RHdx-9tuCSIkZ8rFamZiGyYlgDGxCsmXjCH_1xk5eYM3ntFZRvJP_jndOKR7w1UAo9Tu0vrZyOLfqRpHIxYI5SymJJ-pfGCQw6QVpggBH-UgfjiFQ2JOxqxG0Jx94kW83c\/s1600\/logo-principal.jpg\" width=\"100%\" height=\"100\" \/><\/a><!--bestpublic-voz01--><!--desk-in-out-voz01--><br \/>\n<!--publicidad-voz02--><a href=\"https:\/\/www.hellincf.com\/\"><img decoding=\"async\" class=\"alignnone size-medium\" src=\"https:\/\/blogger.googleusercontent.com\/img\/b\/R29vZ2xl\/AVvXsEhuZ4-XfBVj3UtdP8-RZugy3WVrg-Zv28c53m4oV47qYCxL1rX_dqWX_YddsGSnpH5SRDqZ7bZeKPIfDVCDncpjVlhy3aQs2vojcJBn7Gdv9hC2_Nzct_pRFrnFE1a7KTCdY1bT_kAgnY3-iadRZrGeJf1fR2P5fu11bokx0pWjaypoy-ctwCjklldpEbA\/s1600\/logo-principal7.jpg\" width=\"100%\" height=\"100\" \/><\/a><!--bestpublic-voz02--><!--desk-in-out-voz02--><\/p>\n<p style=\"text-align: justify;\">Sancha ha explicado que esta iniciativa es \u201cuna de las grandes propuestas juveniles y deportivas que desarrolla la instituci\u00f3n cada a\u00f1o\u201d, aludiendo al p\u00fablico al que se dirige y a lo que este tipo de experiencias significan para quienes las viven, y ha dejado claro que responde a la l\u00ednea de acci\u00f3n del Gobierno que preside Santi Caba\u00f1ero, \u201cque trabaja para procurar alternativas de ocio saludable, deportivo y cultural a los y las j\u00f3venes de nuestro territorio\u201d.<\/p>\n<p style=\"text-align: justify;\">En concreto, ha presentado cuatro campamentos de una semana de duraci\u00f3n cada uno, que se prolongar\u00e1n del 24 de junio al 6 de julio con 200 plazas (50 por actividad). As\u00ed, el dedicado a F\u00fatbol se desarrollar\u00e1 del 24 al 30 de junio en las instalaciones de la \u2018Ciudad Deportiva Andr\u00e9s Iniesta\u2019 y en la Residencia Universitaria Benjam\u00edn Palencia en Albacete. Su precio es de 225 \u20ac por participante y podr\u00e1n solicitar la inscripci\u00f3n chicos y chicas nacidos entre 2011 y 2015. Por su parte, el Campus de Baloncesto, que tendr\u00e1 lugar en las mismas fechas pero en este caso en la Ciudad Deportiva \u2018Antonio Amor\u00f3s\u2019 de Caudete, est\u00e1 dirigido a j\u00f3venes nacidos entre 2012 y 2015 y se abonar\u00edan 220 \u20ac por persona.<\/p>\n<p style=\"text-align: justify;\">Del mismo modo, el Campamento de Multiaventura, a realizar en Alcal\u00e1 del J\u00facar del 30 de junio al 6 de julio, est\u00e1 abierto para quienes hayan nacido entre 2009 y 2011 y su valor es de 210 \u20ac por inscripci\u00f3n. Por \u00faltimo, el Campus de \u2018Exploradores en el tiempo\u2019 se vivir\u00e1 en Agram\u00f3n (Hell\u00edn) en las mismas fechas que el anterior. Siendo los destinatarios chicos y chicas nacidos entre el 2012 al 2014 y su precio de 205 \u20ac.<\/p>\n<p style=\"text-align: justify;\">En todos los casos, tal y como ha explicado Dani Sancha, esta iniciativa sigue \u201cla filosof\u00eda de la Diputaci\u00f3n de Albacete: apostando por fomentar los valores que implica el deporte (compa\u00f1erismo, respeto, trabajo en equipo, constancia, esfuerzo, inclusi\u00f3n, empat\u00eda, igualdad\u2026); dando a conocer, entre los y las m\u00e1s j\u00f3venes, el rico patrimonio hist\u00f3rico, cultural y natural que atesora nuestra provincia y ofreci\u00e9ndoles una oferta cultural y deportiva atractiva sin salir de la geograf\u00eda albacetense\u201d.<\/p>\n<p style=\"text-align: justify;\">La Diputaci\u00f3n financia m\u00e1s del 50% del importe total de cada campamento<\/p>\n<p style=\"text-align: justify;\">Adem\u00e1s, el diputado ha se\u00f1alado que tambi\u00e9n se apuesta por criterios de \u2018discriminaci\u00f3n positiva\u2019 en el reparto de las plazas. De manera que el 60% de la oferta se cubrir\u00e1 con solicitudes procedentes de los municipios de la provincia y el 40% restante se destinar\u00e1 a las solicitudes de Albacete capital, al tiempo que ha incidido en que desde la Diputaci\u00f3n se realiza \u201cun esfuerzo\u201d para garantizar precios accesibles para que el importe de cada campamento no sea un impedimento para las familias.<\/p>\n<p style=\"text-align: justify;\">De hecho, el Gobierno provincial mantiene las cuotas de inscripci\u00f3n desde hace varios a\u00f1os, sin modificar su importe. Adem\u00e1s, la instituci\u00f3n no s\u00f3lo organizada este programa y lo coordina, sino que tambi\u00e9n lo financia, aportando m\u00e1s del 50% del coste total. En esta edici\u00f3n, con una inversi\u00f3n cercana a los 90.000 \u20ac favorece que los y las j\u00f3venes puedan disfrutar de esta experiencia, apelando a esa igualdad de oportunidades que est\u00e1 en su base de acci\u00f3n.<\/p>\n<p style=\"text-align: justify;\">Sancha tambi\u00e9n ha agradecido la implicaci\u00f3n al Albacete Balompi\u00e9 y a los Ayuntamientos de las localidades donde se desarrollar\u00e1n los campamentos, destacando que esta actividad es una de las propuestas m\u00e1s arraigadas en el Servicio Provincial de Juventud y Deportes, ya que lleva realiz\u00e1ndose m\u00e1s de 35 a\u00f1os, \u201clo que se traduce en que m\u00e1s de 10.500 chicos y chicas de este territorio han podido disfrutar de los campamentos durante sus veranos de la mano de la Diputaci\u00f3n de Albacete\u201d, convertidos \u201cen un doble espacio de oportunidades: para estos j\u00f3venes y para nuestro territorio\u201d.<\/p>\n<p style=\"text-align: justify;\">La adjudicaci\u00f3n de plazas se realiza mediante un sorteo \u00fanico<\/p>\n<p style=\"text-align: justify;\">En lo relativo a los detalles de inscripci\u00f3n, el responsable provincial ha indicado que las solicitudes deber\u00e1n ser cumplimentadas a trav\u00e9s de la sede electr\u00f3nica de la Diputaci\u00f3n, aclarando que en esta fase de solicitud no se requiere firma del interesado, y que el padre, madre o tutor legal de la persona menor tendr\u00e1 que identificarse con certificado digital o bien estar registrado en la p\u00e1gina web de Diputaci\u00f3n con una cuenta de correo electr\u00f3nico.<\/p>\n<p style=\"text-align: justify;\">Adem\u00e1s, s\u00f3lo se podr\u00e1 solicitar plaza en una de las actividades previstas y la adjudicaci\u00f3n se efectuar\u00e1 mediante un \u00fanico sorteo, com\u00fan para todas las iniciativas programadas en el verano 2024, teniendo en cuenta el n\u00famero de entrada en el Registro General de la Diputaci\u00f3n. As\u00ed, a partir de este n\u00famero se asignar\u00e1n, por riguroso orden num\u00e9rico, el total de las plazas ofertadas, as\u00ed como las vacantes que en su caso se produzcan. Y la notificaci\u00f3n a los seleccionados y seleccionadas se realizar\u00e1 en el tabl\u00f3n de anuncios de la propia sede electr\u00f3nica. Tambi\u00e9n se les enviar\u00e1 un correo electr\u00f3nico inform\u00e1ndoles del procedimiento para llevar a cabo la \u2018aceptaci\u00f3n y pago\u2019 del campamento.<\/p>\n<p style=\"text-align: justify;\">Animando a las familias de los y las j\u00f3venes de la provincia a presentar su solicitud, Dani Sancha, ha concluido afirmando que estos Campamentos se elaboran, a\u00f1o tras a\u00f1o, \u201cpensando en nuestros chicos y chicas, pero tambi\u00e9n con la vista puesta en el potencial de esta tierra y dinamizando sus recursos\u201d.<\/p>\n<p><!--publicidad-voz03--><a href=\"https:\/\/www.facebook.com\/profile.php?id=100063593791305&amp;locale=es_ES\"><img decoding=\"async\" class=\"alignnone size-medium\" src=\"https:\/\/blogger.googleusercontent.com\/img\/b\/R29vZ2xl\/AVvXsEi8_n_ll8UOcGxCqzFvb_9Io4ICczlGC990BPtPj2w9Px-u7B3oqWUW5vtjZUqPNJ-nyjiUIorE0ATsib_l5tV8BVN-UJ03RTnU__IHJF_4DgDBtY4LIqXNG-FomrO-7ywes20CBCRM2Hcm7EJSh3UUw1dO-c_uTflUrtgY1i7uBRezj_DpympmEFkfbQY\/s1600\/logo-principal2.jpg\" width=\"100%\" height=\"100\" \/><\/a><!--bestpublic-voz03--><!--desk-in-out-voz03--><br \/>\n<!--publicidad-voz04--><a href=\"https:\/\/www.facebook.com\/profile.php?id=61557370768692&amp;locale=es_ES\"><img decoding=\"async\" class=\"alignnone size-medium\" src=\"https:\/\/blogger.googleusercontent.com\/img\/b\/R29vZ2xl\/AVvXsEgy5RdcfffrnrItnYTcV9bCJjgJwldsQLWssfVfrLbyfXeBNTFKgBf0rMIvhrUaGUhiXzVr9_eQgCbi-j63ZDpfTvLIty9w7s140y-m1yHe7eKmEK7v2NAHUJDVYGdfeiQFeRCqUjdwWmN1MX_AUxxz4IVdJ4WIM0APxit8bjWkXzrnEFGqBvW_1F13H1g\/s1600\/logo-principal5.jpg\" width=\"100%\" height=\"100\" \/><\/a><!--bestpublic-voz04--><!--desk-in-out-voz04--><br \/>\n<!--publicidad-voz05--><a href=\"https:\/\/www.facebook.com\/asociaciontamborileroshellin?locale=es_ES\"><img decoding=\"async\" class=\"alignnone size-medium\" src=\"https:\/\/blogger.googleusercontent.com\/img\/b\/R29vZ2xl\/AVvXsEhHEEpZsKK1VpwiYMrS7aE2ujtqIDZoLd4B5wtbiseSU9s2HdTdQfhF84So2XwEB1fv0BLw95GADm6hUl1bkKtzh-eIgVigXONuu_5RxeIMPhjk8q6uNX4EaEHbooKkbu7pCADWPpVJjhKIH5NQSJpWqedC-YBez4QAQeJYokkLot9bhrIaUAeztsGis6M\/s1600\/logo-principal3.jpg\" width=\"100%\" height=\"100\" \/><\/a><!--bestpublic-voz05--><!--desk-in-out-voz05--><br \/>\n<!--publicidad-voz06--><!--bestpublic-voz06--><!--desk-in-out-voz06--><br \/>\n<!--publicidad-voz07--><!--bestpublic-voz07--><!--desk-in-out-voz07--><br \/>\n<!--publicidad-voz08--><!--bestpublic-voz08--><!--desk-in-out-voz08--><br \/>\n<!--publicidad-voz09--><!--bestpublic-voz09--><!--desk-in-out-voz09--><br \/>\n<!--publicidad-voz10--><!--bestpublic-voz10--><!--desk-in-out-voz10--><br \/>\n<!--publicidad-voz11--><!--bestpublic-voz11--><!--desk-in-out-voz11--><br \/>\n<!--publicidad-voz12--><!--bestpublic-voz12--><!--desk-in-out-voz12--><br \/>\n<!--publicidad-voz13--><!--bestpublic-voz13--><!--desk-in-out-voz13--><br \/>\n<!--publicidad-voz14--><!--bestpublic-voz14--><!--desk-in-out-voz14--><br \/>\n<!--publicidad-voz15--><!--bestpublic-voz15--><!--desk-in-out-voz15--><br \/>\n<!--publicidad-voz16--><!--bestpublic-voz16--><!--desk-in-out-voz16--><\/p>\n","protected":false},"excerpt":{"rendered":"<p>El diputado provincial de Juventud y Deportes, Dani Sancha, ha anunciado que desde este viernes, 12 de abril, y hasta el pr\u00f3ximo d\u00eda 24 del mismo mes, queda abierto el&#8230;<\/p>\n","protected":false},"author":2,"featured_media":149780,"comment_status":"closed","ping_status":"closed","sticky":false,"template":"","format":"standard","meta":{"footnotes":""},"categories":[753,718,715,716,717],"tags":[],"class_list":["post-149779","post","type-post","status-publish","format-standard","has-post-thumbnail","hentry","category-blog-lv034","category-blogger","category-la-voz-de-hellin","category-la-voz-de-hellin-la-voz-de-hellin","category-noticias"],"_links":{"self":[{"href":"https:\/\/lavozdehellin.com\/noticias\/wp-json\/wp\/v2\/posts\/149779","targetHints":{"allow":["GET"]}}],"collection":[{"href":"https:\/\/lavozdehellin.com\/noticias\/wp-json\/wp\/v2\/posts"}],"about":[{"href":"https:\/\/lavozdehellin.com\/noticias\/wp-json\/wp\/v2\/types\/post"}],"author":[{"embeddable":true,"href":"https:\/\/lavozdehellin.com\/noticias\/wp-json\/wp\/v2\/users\/2"}],"replies":[{"embeddable":true,"href":"https:\/\/lavozdehellin.com\/noticias\/wp-json\/wp\/v2\/comments?post=149779"}],"version-history":[{"count":0,"href":"https:\/\/lavozdehellin.com\/noticias\/wp-json\/wp\/v2\/posts\/149779\/revisions"}],"wp:featuredmedia":[{"embeddable":true,"href":"https:\/\/lavozdehellin.com\/noticias\/wp-json\/wp\/v2\/media\/149780"}],"wp:attachment":[{"href":"https:\/\/lavozdehellin.com\/noticias\/wp-json\/wp\/v2\/media?parent=149779"}],"wp:term":[{"taxonomy":"category","embeddable":true,"href":"https:\/\/lavozdehellin.com\/noticias\/wp-json\/wp\/v2\/categories?post=149779"},{"taxonomy":"post_tag","embeddable":true,"href":"https:\/\/lavozdehellin.com\/noticias\/wp-json\/wp\/v2\/tags?post=149779"}],"curies":[{"name":"wp","href":"https:\/\/api.w.org\/{rel}","templated":true}]}}