{"id":149782,"date":"2024-04-12T20:21:25","date_gmt":"2024-04-12T18:21:25","guid":{"rendered":"https:\/\/lavozdehellin.com\/noticias\/?p=149782"},"modified":"2024-04-14T15:46:25","modified_gmt":"2024-04-14T13:46:25","slug":"v08-495-la-diputacion-anima-a-visitar-la-exposicion-navajas-con-historia-en-el-museo-municipal-de-la-cuchilleria-de-albacete","status":"publish","type":"post","link":"https:\/\/lavozdehellin.com\/noticias\/v08-495-la-diputacion-anima-a-visitar-la-exposicion-navajas-con-historia-en-el-museo-municipal-de-la-cuchilleria-de-albacete\/","title":{"rendered":"LVH NOTICIAS | LA DIPUTACI\u00d3N ANIMA A VISITAR LA EXPOSICI\u00d3N \u2018NAVAJAS CON HISTORIA\u2019 EN EL MUSEO MUNICIPAL DE LA CUCHILLER\u00cdA DE ALBACETE"},"content":{"rendered":"<p style=\"text-align: justify;\">La diputada provincial de Atenci\u00f3n Ciudadana, Ana Albaladejo, ha participado en la inauguraci\u00f3n de la exposici\u00f3n \u2018Navajas con Historia\u2019, que se podr\u00e1 disfrutar durante los pr\u00f3ximos dos a\u00f1os en el Museo Municipal de la Cuchiller\u00eda de Albacete, que vive este 2024 su XX aniversario, y ha animado a la ciudadan\u00eda de la provincia a visitarla y a disfrutar de ella.<\/p>\n<p><!--more--><br \/>\n<!--publicidad-voz01--><a href=\"https:\/\/www.facebook.com\/SoloRadioHellin\/?locale=es_ES\"><img decoding=\"async\" class=\"alignnone size-medium\" src=\"https:\/\/blogger.googleusercontent.com\/img\/b\/R29vZ2xl\/AVvXsEiNncirNnyGedv00mhjZjh5Wl4_YPdJGanoAl8tL8zH-HwqE8uHqjEfSt340RHdx-9tuCSIkZ8rFamZiGyYlgDGxCsmXjCH_1xk5eYM3ntFZRvJP_jndOKR7w1UAo9Tu0vrZyOLfqRpHIxYI5SymJJ-pfGCQw6QVpggBH-UgfjiFQ2JOxqxG0Jx94kW83c\/s1600\/logo-principal.jpg\" width=\"100%\" height=\"100\" \/><\/a><!--bestpublic-voz01--><!--desk-in-out-voz01--><br \/>\n<!--publicidad-voz02--><a href=\"https:\/\/www.hellincf.com\/\"><img decoding=\"async\" class=\"alignnone size-medium\" src=\"https:\/\/blogger.googleusercontent.com\/img\/b\/R29vZ2xl\/AVvXsEhuZ4-XfBVj3UtdP8-RZugy3WVrg-Zv28c53m4oV47qYCxL1rX_dqWX_YddsGSnpH5SRDqZ7bZeKPIfDVCDncpjVlhy3aQs2vojcJBn7Gdv9hC2_Nzct_pRFrnFE1a7KTCdY1bT_kAgnY3-iadRZrGeJf1fR2P5fu11bokx0pWjaypoy-ctwCjklldpEbA\/s1600\/logo-principal7.jpg\" width=\"100%\" height=\"100\" \/><\/a><!--bestpublic-voz02--><!--desk-in-out-voz02--><\/p>\n<p style=\"text-align: justify;\">Se trata de una muestra conformada por 600 navajas del siglo XIX que pertenecen a la colecci\u00f3n del holand\u00e9s Wil Rol, cuyos familiares la han cedido temporalmente a este espacio, donde se pueden contemplar joyas \u00fanicas que proceden principalmente de Europa, en concreto, de Espa\u00f1a, Francia e Italia. Algunas de ellas, elaboradas hace dos siglos en Albacete por artesanos de esta ciudad, han vuelto a la tierra que las vio nacer de la mano de esta iniciativa.<\/p>\n<p style=\"text-align: justify;\">Subrayando la importancia que el sector cuchillero tiene en nuestra provincia tanto desde el punto de vista econ\u00f3mico como cultural, y reiterando el compromiso que siempre ha mostrado el Gobierno que preside Santi Caba\u00f1ero con la puesta en valor y dinamizaci\u00f3n del mismo, Albaladejo ha felicitado al Consorcio del Museo de la Cuchiller\u00eda (del que la Diputaci\u00f3n forma parte) por el trabajo que viene realizando para proteger este patrimonio cultural y darlo a conocer, y, de forma espec\u00edfica, ha destacado la labor que han efectuado para que Albacete pueda acoger esta colecci\u00f3n, \u00abde las mejores del mundo\u00bb.<\/p>\n<p style=\"text-align: justify;\">Adem\u00e1s, la responsable provincial ha hecho extensivo este agradecimiento a la familia del coleccionista (ya fallecido), remarcando su figura, y ha subrayado la idoneidad de visibilizar esa estrecha relaci\u00f3n \u201cAlbacete-navajas\u201d a trav\u00e9s de muestras como \u00e9sta, que ha sido inaugurada por el alcalde de la ciudad, Manuel Serrano, acompa\u00f1ado de la propia familia Rol, y en la que tambi\u00e9n han estado presentes otros miembros de la Corporaci\u00f3n Provincial, as\u00ed como el delegado de Econom\u00eda, Empresas y Empleo, Nicol\u00e1s Merino, o la presidenta de APRECU, Mar\u00eda Pilar Jim\u00e9nez, entre una nutrida representaci\u00f3n de personalidades vinculadas a la cuchiller\u00eda en la provincia.<\/p>\n<p><!--publicidad-voz03--><a href=\"https:\/\/www.facebook.com\/profile.php?id=100063593791305&amp;locale=es_ES\"><img decoding=\"async\" class=\"alignnone size-medium\" src=\"https:\/\/blogger.googleusercontent.com\/img\/b\/R29vZ2xl\/AVvXsEi8_n_ll8UOcGxCqzFvb_9Io4ICczlGC990BPtPj2w9Px-u7B3oqWUW5vtjZUqPNJ-nyjiUIorE0ATsib_l5tV8BVN-UJ03RTnU__IHJF_4DgDBtY4LIqXNG-FomrO-7ywes20CBCRM2Hcm7EJSh3UUw1dO-c_uTflUrtgY1i7uBRezj_DpympmEFkfbQY\/s1600\/logo-principal2.jpg\" width=\"100%\" height=\"100\" \/><\/a><!--bestpublic-voz03--><!--desk-in-out-voz03--><br \/>\n<!--publicidad-voz04--><a href=\"https:\/\/www.facebook.com\/profile.php?id=61557370768692&amp;locale=es_ES\"><img decoding=\"async\" class=\"alignnone size-medium\" src=\"https:\/\/blogger.googleusercontent.com\/img\/b\/R29vZ2xl\/AVvXsEgy5RdcfffrnrItnYTcV9bCJjgJwldsQLWssfVfrLbyfXeBNTFKgBf0rMIvhrUaGUhiXzVr9_eQgCbi-j63ZDpfTvLIty9w7s140y-m1yHe7eKmEK7v2NAHUJDVYGdfeiQFeRCqUjdwWmN1MX_AUxxz4IVdJ4WIM0APxit8bjWkXzrnEFGqBvW_1F13H1g\/s1600\/logo-principal5.jpg\" width=\"100%\" height=\"100\" \/><\/a><!--bestpublic-voz04--><!--desk-in-out-voz04--><br \/>\n<!--publicidad-voz05--><a href=\"https:\/\/www.facebook.com\/asociaciontamborileroshellin?locale=es_ES\"><img decoding=\"async\" class=\"alignnone size-medium\" src=\"https:\/\/blogger.googleusercontent.com\/img\/b\/R29vZ2xl\/AVvXsEhHEEpZsKK1VpwiYMrS7aE2ujtqIDZoLd4B5wtbiseSU9s2HdTdQfhF84So2XwEB1fv0BLw95GADm6hUl1bkKtzh-eIgVigXONuu_5RxeIMPhjk8q6uNX4EaEHbooKkbu7pCADWPpVJjhKIH5NQSJpWqedC-YBez4QAQeJYokkLot9bhrIaUAeztsGis6M\/s1600\/logo-principal3.jpg\" width=\"100%\" height=\"100\" \/><\/a><!--bestpublic-voz05--><!--desk-in-out-voz05--><br \/>\n<!--publicidad-voz06--><!--bestpublic-voz06--><!--desk-in-out-voz06--><br \/>\n<!--publicidad-voz07--><!--bestpublic-voz07--><!--desk-in-out-voz07--><br \/>\n<!--publicidad-voz08--><!--bestpublic-voz08--><!--desk-in-out-voz08--><br \/>\n<!--publicidad-voz09--><!--bestpublic-voz09--><!--desk-in-out-voz09--><br \/>\n<!--publicidad-voz10--><!--bestpublic-voz10--><!--desk-in-out-voz10--><br \/>\n<!--publicidad-voz11--><!--bestpublic-voz11--><!--desk-in-out-voz11--><br \/>\n<!--publicidad-voz12--><!--bestpublic-voz12--><!--desk-in-out-voz12--><br \/>\n<!--publicidad-voz13--><!--bestpublic-voz13--><!--desk-in-out-voz13--><br \/>\n<!--publicidad-voz14--><!--bestpublic-voz14--><!--desk-in-out-voz14--><br \/>\n<!--publicidad-voz15--><!--bestpublic-voz15--><!--desk-in-out-voz15--><br \/>\n<!--publicidad-voz16--><!--bestpublic-voz16--><!--desk-in-out-voz16--><\/p>\n","protected":false},"excerpt":{"rendered":"<p>La diputada provincial de Atenci\u00f3n Ciudadana, Ana Albaladejo, ha participado en la inauguraci\u00f3n de la exposici\u00f3n \u2018Navajas con Historia\u2019, que se podr\u00e1 disfrutar durante los pr\u00f3ximos dos a\u00f1os en el&#8230;<\/p>\n","protected":false},"author":2,"featured_media":149783,"comment_status":"closed","ping_status":"closed","sticky":false,"template":"","format":"standard","meta":{"footnotes":""},"categories":[753,718,715,716,717],"tags":[],"class_list":["post-149782","post","type-post","status-publish","format-standard","has-post-thumbnail","hentry","category-blog-lv034","category-blogger","category-la-voz-de-hellin","category-la-voz-de-hellin-la-voz-de-hellin","category-noticias"],"_links":{"self":[{"href":"https:\/\/lavozdehellin.com\/noticias\/wp-json\/wp\/v2\/posts\/149782","targetHints":{"allow":["GET"]}}],"collection":[{"href":"https:\/\/lavozdehellin.com\/noticias\/wp-json\/wp\/v2\/posts"}],"about":[{"href":"https:\/\/lavozdehellin.com\/noticias\/wp-json\/wp\/v2\/types\/post"}],"author":[{"embeddable":true,"href":"https:\/\/lavozdehellin.com\/noticias\/wp-json\/wp\/v2\/users\/2"}],"replies":[{"embeddable":true,"href":"https:\/\/lavozdehellin.com\/noticias\/wp-json\/wp\/v2\/comments?post=149782"}],"version-history":[{"count":0,"href":"https:\/\/lavozdehellin.com\/noticias\/wp-json\/wp\/v2\/posts\/149782\/revisions"}],"wp:featuredmedia":[{"embeddable":true,"href":"https:\/\/lavozdehellin.com\/noticias\/wp-json\/wp\/v2\/media\/149783"}],"wp:attachment":[{"href":"https:\/\/lavozdehellin.com\/noticias\/wp-json\/wp\/v2\/media?parent=149782"}],"wp:term":[{"taxonomy":"category","embeddable":true,"href":"https:\/\/lavozdehellin.com\/noticias\/wp-json\/wp\/v2\/categories?post=149782"},{"taxonomy":"post_tag","embeddable":true,"href":"https:\/\/lavozdehellin.com\/noticias\/wp-json\/wp\/v2\/tags?post=149782"}],"curies":[{"name":"wp","href":"https:\/\/api.w.org\/{rel}","templated":true}]}}