{"id":149785,"date":"2024-04-13T15:12:30","date_gmt":"2024-04-13T13:12:30","guid":{"rendered":"https:\/\/lavozdehellin.com\/noticias\/?p=149785"},"modified":"2024-04-14T15:46:25","modified_gmt":"2024-04-14T13:46:25","slug":"v08-496-cabanero-agradece-a-la-asociacion-cultural-albacete-en-madrid-su-labor-de-embajada-y-felicita-a-quienes-han-sido-reconocidos-con-los-premios-albacetenses-distinguidos","status":"publish","type":"post","link":"https:\/\/lavozdehellin.com\/noticias\/v08-496-cabanero-agradece-a-la-asociacion-cultural-albacete-en-madrid-su-labor-de-embajada-y-felicita-a-quienes-han-sido-reconocidos-con-los-premios-albacetenses-distinguidos\/","title":{"rendered":"LVH NOTICIAS | CABA\u00d1ERO AGRADECE A LA ASOCIACI\u00d3N CULTURAL ALBACETE EN MADRID SU LABOR \u201cDE EMBAJADA\u201d Y FELICITA A QUIENES HAN SIDO RECONOCIDOS CON LOS PREMIOS \u2018ALBACETENSES DISTINGUIDOS\u2019 Y \u2018ALBACETE SIEMPRE\u2019"},"content":{"rendered":"<p style=\"text-align: justify;\">El Sal\u00f3n de Actos de la Diputaci\u00f3n de Albacete ha sido, una edici\u00f3n m\u00e1s, el escenario elegido por la Asociaci\u00f3n Cultural Albacete en Madrid para hacer entrega de sus reconocimientos \u2018Albacetenses Distinguidos\u2019 y \u2018Albacete Siempre\u2019.<\/p>\n<p><!--more--><br \/>\n<!--publicidad-voz01--><a href=\"https:\/\/www.facebook.com\/SoloRadioHellin\/?locale=es_ES\"><img decoding=\"async\" class=\"alignnone size-medium\" src=\"https:\/\/blogger.googleusercontent.com\/img\/b\/R29vZ2xl\/AVvXsEiNncirNnyGedv00mhjZjh5Wl4_YPdJGanoAl8tL8zH-HwqE8uHqjEfSt340RHdx-9tuCSIkZ8rFamZiGyYlgDGxCsmXjCH_1xk5eYM3ntFZRvJP_jndOKR7w1UAo9Tu0vrZyOLfqRpHIxYI5SymJJ-pfGCQw6QVpggBH-UgfjiFQ2JOxqxG0Jx94kW83c\/s1600\/logo-principal.jpg\" width=\"100%\" height=\"100\" \/><\/a><!--bestpublic-voz01--><!--desk-in-out-voz01--><br \/>\n<!--publicidad-voz02--><a href=\"https:\/\/www.hellincf.com\/\"><img decoding=\"async\" class=\"alignnone size-medium\" src=\"https:\/\/blogger.googleusercontent.com\/img\/b\/R29vZ2xl\/AVvXsEhuZ4-XfBVj3UtdP8-RZugy3WVrg-Zv28c53m4oV47qYCxL1rX_dqWX_YddsGSnpH5SRDqZ7bZeKPIfDVCDncpjVlhy3aQs2vojcJBn7Gdv9hC2_Nzct_pRFrnFE1a7KTCdY1bT_kAgnY3-iadRZrGeJf1fR2P5fu11bokx0pWjaypoy-ctwCjklldpEbA\/s1600\/logo-principal7.jpg\" width=\"100%\" height=\"100\" \/><\/a><!--bestpublic-voz02--><!--desk-in-out-voz02--><\/p>\n<p style=\"text-align: justify;\">Una cita a la que no ha faltado el presidente de la instituci\u00f3n provincial, Santi Caba\u00f1ero, que, adem\u00e1s, es socio desde 2019.<\/p>\n<p style=\"text-align: justify;\">Subrayando el orgullo que supone acoger este acto, Caba\u00f1ero ha dado las gracias a todos los socios y socias de esta entidad en la figura de su secretario, Augusto Hu\u00e9scar (su presidente, Patricio Morcillo, no ha podido asistir a \u00faltima hora), y ha tenido palabras de felicitaci\u00f3n para cada uno de los premiados y premiadas.<\/p>\n<p style=\"text-align: justify;\">En el primer caso, ha agradecido a la Asociaci\u00f3n Albacete en Madrid \u201cla labor de embajada que realiza\u201d, apuntando que \u201cpodr\u00edan ser una asociaci\u00f3n m\u00e1s, que se re\u00fane en la capital de Espa\u00f1a y hace sus actividades all\u00ed\u2026, pero no se conforman con eso y siempre buscan ir a m\u00e1s\u201d. Y fruto de esa trabajo constante y activo, la Diputaci\u00f3n de Albacete ha duplicado este 2024 la cuant\u00eda del convenio de colaboraci\u00f3n que mantiene con esta entidad (hasta los 4.000 \u20ac) para sumar esfuerzos en nuevas iniciativas que est\u00e1n poniendo en marcha.<\/p>\n<p style=\"text-align: justify;\">\u00c9ste es el caso de los coloquios mensuales que organizan en el propio Sal\u00f3n de Actos de la instituci\u00f3n para visibilizar y poner en valor el trabajo de grandes albacetenses en muy diversos \u00e1mbitos (este mismo s\u00e1bado con el artista Santi Flores), \u201cque tienen que ser profetas en su \u2018casa\u2019\u201d.<\/p>\n<p style=\"text-align: justify;\">Caba\u00f1ero: \u201cEn Albacete nos sentimos muy orgullosos de nuestras gentes que brillan por el mundo, pero tambi\u00e9n de quienes siendo de otros lugares vienen a vivir aqu\u00ed\u201d<\/p>\n<p style=\"text-align: justify;\">Caba\u00f1ero, apuntando que \u201cprobablemente nadie ama su tierra como el que lo hace desde la distancia y la a\u00f1oranza\u201d, ha subrayado que los y las integrantes de esta asociaci\u00f3n tambi\u00e9n son grandes impulsores de \u2018las bondades\u2019 de esta provincia, y ha destacado que \u201cpresumiendo de ellas, export\u00e1ndolas fuera de nuestras fronteras, dando a conocer nuestras tradiciones, apoyando nuestros productos, a nuestros paisanos y paisanas, a nuestros pueblos\u2026 en ese gran escaparate que es Madrid, tambi\u00e9n se contribuye al progreso de nuestra tierra\u201d.<\/p>\n<p style=\"text-align: justify;\">En este punto, ha recordado que los y las albacetenses que viven fuera de Albacete son inmigrantes, y ha subrayado que \u201cenriquecen todas y cada una de las tierras de acogida a las que llegan y las hacen mejores\u201d, apuntando que \u201clas identidades no rivalizan\u201d y que \u201cen Albacete nos sentimos muy orgullosos de nuestras gentes que brillan por el mundo, pero tambi\u00e9n de quienes siendo de otros lugares vienen a vivir aqu\u00ed\u201d. De hecho, ha recordado que \u201cson las dos caras de una misma moneda\u201d.<\/p>\n<p style=\"text-align: justify;\">El presidente provincial reconoce p\u00fablicamente a cada uno de los premiados y premiadas \u201cen la tierra que dibuj\u00f3 Benjam\u00edn Palencia\u2026\u201d<\/p>\n<p style=\"text-align: justify;\">Adem\u00e1s, refiri\u00e9ndose a los reconocidos y reconocidas, ha asegurado que son distinciones \u201cmuy merecidas en todos los casos\u201d, asegurando que cada uno de ellos y de ellas hacen mejor a esta provincia.<\/p>\n<p style=\"text-align: justify;\">Y presumiendo de este territorio, su m\u00e1ximo responsable les ha recordado que han sido premiados \u201cen la tierra que dibuj\u00f3 Benjam\u00edn Palencia, en la que dej\u00f3 su sello Andr\u00e9s Vandelvira, en la que comenz\u00f3 a escribir a Jos\u00e9 Prat, en la que dio sus primeros capotazos Montero, Pedr\u00e9s o el gran D\u00e1maso o (m\u00e1s recientemente), la tierra en la que tarare\u00f3 por primera vez Elisa Belmonte o Mar\u00eda Rozal\u00e9n, en la que marc\u00f3 su primer gol Alba Redondo o Andr\u00e9s Iniesta; donde aprendieron a sumar Ana C\u00e9spedes o Juan Carlos Izpis\u00faa, donde dijo sus primeras palabras Pedro Piqueras, y en la que \u2018amaneci\u00f3, que no es poco\u2019 el gran Jos\u00e9 Luis Cuerda\u201d.<\/p>\n<p style=\"text-align: justify;\">Asimismo, ha dejado claro que recibir un premio \u201ces una \u2018tarea\u2019 compartida entre quien lo recibe y quien lo entrega, pero ha advertido que en esta ocasi\u00f3n es, por encima de todo, \u201cuna alegr\u00eda\u201d para la provincia, porque unos y otros representan la grandeza de esta tierra.<\/p>\n<p style=\"text-align: justify;\">As\u00ed, el presidente de la Diputaci\u00f3n ha tenido palabras para Fernando Lamata, premio \u2018Albacete Siempre\u2019, \u201cque vino para quedarse y transformar algo tan b\u00e1sico como una Sanidad universal, p\u00fablica y de calidad para esta tierra\u201d; y tambi\u00e9n para los y las \u2018Albacetenses Distinguidos\u2019, subrayando que nuestra provincia \u201crespira talento y calidad musical\u201d de la mano del Orfe\u00f3n de La Mancha, que cumple 50 a\u00f1os; que \u201cAlbacete presume de los mejores caldos\u201d, con Denominaciones de Origen como la de La Mancha, y \u201cde los mejores cocineros (y los mejores productos)\u201d con maestros como Alberto Lozano.<\/p>\n<p style=\"text-align: justify;\">Tambi\u00e9n ha destacado que \u201csomos una provincia solidaria que teje redes de apoyo a quienes m\u00e1s lo necesitan\u201d de la mano de grandes Asociaciones como Desarrollo Autismo; que \u201csomos un territorio innovador y moderno\u201d, como muestran las colecciones de Lola Mu\u00f1oz o los dise\u00f1os de t\u00e9s de Beatriz Parre\u00f1o; que \u201csomos lugar de investigaci\u00f3n y avance, de ciencia y progreso\u201d como evidencian Carmen Ram\u00edrez y Miguel Lucas; y de versos eternos con \u00c1ngel Antonio Herrera.<\/p>\n<p style=\"text-align: justify;\">Caba\u00f1ero ha a\u00f1adido que \u201csomos tierra de estrellas deportivas, como \u2018Juanito\u2019 (Juan Ignacio Rodr\u00edguez), y de estrellas sociales, como Valeriano Belmonte\u201d, en alusi\u00f3n a estos dos galardonados (ambos con m\u00e1s de 80 a\u00f1os) que inauguran una nueva categor\u00eda en el marco de los \u2018Albacetenses Distinguidos\u2019: \u2018Toda una vida de albacete\u00f1ismo\u2019.<\/p>\n<p style=\"text-align: justify;\">Del mismo modo, ha felicitado a la alcaldesa de Fuentealbilla, Amparo G\u00f3mez, porque su municipio ha recibido el premio en este apartado. Momento que el presidente provincial ha aprovechado para poner en valor el potencial de esta localidad.<\/p>\n<p style=\"text-align: justify;\">Caba\u00f1ero anima a continuar siendo embajadores y embajadoras de nuestra tierra \u201call\u00ed donde la vida nos lleve\u201d<\/p>\n<p style=\"text-align: justify;\">Finalmente, el presidente de la Diputaci\u00f3n ha tendido la mano de la instituci\u00f3n a la Asociaci\u00f3n Cultural Albacete en Madrid para seguir colaborando, y ha animado a todos los y las presentes \u201ca continuar siendo embajadores y embajadoras de nuestra tierra all\u00ed donde la vida nos lleve; a divulgar sus \u2018tesoros\u2019; y a continuar trabajando por la provincia que las futuras generaciones merecen, pero sobre todo por todos esos albacetenses an\u00f3nimos que con su trabajo diario hacen de \u00e9sta la mejor de las provincias\u201d.<\/p>\n<p style=\"text-align: justify;\">El acto ha estado conducido por el periodista e integrante de esta entidad, Emilio Mart\u00ednez, y ha contado con la presencia del director de la Fundaci\u00f3n Globalcaja, Antonio Gonz\u00e1lez, y del actor, Miguel \u00c1ngel Gallardo, que ha sido el encargado de leer el acta del jurado con el nombre de los premiados y premiadas.<\/p>\n<p><!--publicidad-voz03--><a href=\"https:\/\/www.facebook.com\/profile.php?id=100063593791305&amp;locale=es_ES\"><img decoding=\"async\" class=\"alignnone size-medium\" src=\"https:\/\/blogger.googleusercontent.com\/img\/b\/R29vZ2xl\/AVvXsEi8_n_ll8UOcGxCqzFvb_9Io4ICczlGC990BPtPj2w9Px-u7B3oqWUW5vtjZUqPNJ-nyjiUIorE0ATsib_l5tV8BVN-UJ03RTnU__IHJF_4DgDBtY4LIqXNG-FomrO-7ywes20CBCRM2Hcm7EJSh3UUw1dO-c_uTflUrtgY1i7uBRezj_DpympmEFkfbQY\/s1600\/logo-principal2.jpg\" width=\"100%\" height=\"100\" \/><\/a><!--bestpublic-voz03--><!--desk-in-out-voz03--><br \/>\n<!--publicidad-voz04--><a href=\"https:\/\/www.facebook.com\/profile.php?id=61557370768692&amp;locale=es_ES\"><img decoding=\"async\" class=\"alignnone size-medium\" src=\"https:\/\/blogger.googleusercontent.com\/img\/b\/R29vZ2xl\/AVvXsEgy5RdcfffrnrItnYTcV9bCJjgJwldsQLWssfVfrLbyfXeBNTFKgBf0rMIvhrUaGUhiXzVr9_eQgCbi-j63ZDpfTvLIty9w7s140y-m1yHe7eKmEK7v2NAHUJDVYGdfeiQFeRCqUjdwWmN1MX_AUxxz4IVdJ4WIM0APxit8bjWkXzrnEFGqBvW_1F13H1g\/s1600\/logo-principal5.jpg\" width=\"100%\" height=\"100\" \/><\/a><!--bestpublic-voz04--><!--desk-in-out-voz04--><br \/>\n<!--publicidad-voz05--><a href=\"https:\/\/www.facebook.com\/asociaciontamborileroshellin?locale=es_ES\"><img decoding=\"async\" class=\"alignnone size-medium\" src=\"https:\/\/blogger.googleusercontent.com\/img\/b\/R29vZ2xl\/AVvXsEhHEEpZsKK1VpwiYMrS7aE2ujtqIDZoLd4B5wtbiseSU9s2HdTdQfhF84So2XwEB1fv0BLw95GADm6hUl1bkKtzh-eIgVigXONuu_5RxeIMPhjk8q6uNX4EaEHbooKkbu7pCADWPpVJjhKIH5NQSJpWqedC-YBez4QAQeJYokkLot9bhrIaUAeztsGis6M\/s1600\/logo-principal3.jpg\" width=\"100%\" height=\"100\" \/><\/a><!--bestpublic-voz05--><!--desk-in-out-voz05--><br \/>\n<!--publicidad-voz06--><!--bestpublic-voz06--><!--desk-in-out-voz06--><br \/>\n<!--publicidad-voz07--><!--bestpublic-voz07--><!--desk-in-out-voz07--><br \/>\n<!--publicidad-voz08--><!--bestpublic-voz08--><!--desk-in-out-voz08--><br \/>\n<!--publicidad-voz09--><!--bestpublic-voz09--><!--desk-in-out-voz09--><br \/>\n<!--publicidad-voz10--><!--bestpublic-voz10--><!--desk-in-out-voz10--><br \/>\n<!--publicidad-voz11--><!--bestpublic-voz11--><!--desk-in-out-voz11--><br \/>\n<!--publicidad-voz12--><!--bestpublic-voz12--><!--desk-in-out-voz12--><br \/>\n<!--publicidad-voz13--><!--bestpublic-voz13--><!--desk-in-out-voz13--><br \/>\n<!--publicidad-voz14--><!--bestpublic-voz14--><!--desk-in-out-voz14--><br \/>\n<!--publicidad-voz15--><!--bestpublic-voz15--><!--desk-in-out-voz15--><br \/>\n<!--publicidad-voz16--><!--bestpublic-voz16--><!--desk-in-out-voz16--><\/p>\n","protected":false},"excerpt":{"rendered":"<p>El Sal\u00f3n de Actos de la Diputaci\u00f3n de Albacete ha sido, una edici\u00f3n m\u00e1s, el escenario elegido por la Asociaci\u00f3n Cultural Albacete en Madrid para hacer entrega de sus reconocimientos&#8230;<\/p>\n","protected":false},"author":2,"featured_media":149786,"comment_status":"closed","ping_status":"closed","sticky":false,"template":"","format":"standard","meta":{"footnotes":""},"categories":[753,718,715,716,717],"tags":[],"class_list":["post-149785","post","type-post","status-publish","format-standard","has-post-thumbnail","hentry","category-blog-lv034","category-blogger","category-la-voz-de-hellin","category-la-voz-de-hellin-la-voz-de-hellin","category-noticias"],"_links":{"self":[{"href":"https:\/\/lavozdehellin.com\/noticias\/wp-json\/wp\/v2\/posts\/149785","targetHints":{"allow":["GET"]}}],"collection":[{"href":"https:\/\/lavozdehellin.com\/noticias\/wp-json\/wp\/v2\/posts"}],"about":[{"href":"https:\/\/lavozdehellin.com\/noticias\/wp-json\/wp\/v2\/types\/post"}],"author":[{"embeddable":true,"href":"https:\/\/lavozdehellin.com\/noticias\/wp-json\/wp\/v2\/users\/2"}],"replies":[{"embeddable":true,"href":"https:\/\/lavozdehellin.com\/noticias\/wp-json\/wp\/v2\/comments?post=149785"}],"version-history":[{"count":0,"href":"https:\/\/lavozdehellin.com\/noticias\/wp-json\/wp\/v2\/posts\/149785\/revisions"}],"wp:featuredmedia":[{"embeddable":true,"href":"https:\/\/lavozdehellin.com\/noticias\/wp-json\/wp\/v2\/media\/149786"}],"wp:attachment":[{"href":"https:\/\/lavozdehellin.com\/noticias\/wp-json\/wp\/v2\/media?parent=149785"}],"wp:term":[{"taxonomy":"category","embeddable":true,"href":"https:\/\/lavozdehellin.com\/noticias\/wp-json\/wp\/v2\/categories?post=149785"},{"taxonomy":"post_tag","embeddable":true,"href":"https:\/\/lavozdehellin.com\/noticias\/wp-json\/wp\/v2\/tags?post=149785"}],"curies":[{"name":"wp","href":"https:\/\/api.w.org\/{rel}","templated":true}]}}