{"id":149788,"date":"2024-04-14T11:16:34","date_gmt":"2024-04-14T09:16:34","guid":{"rendered":"https:\/\/lavozdehellin.com\/noticias\/?p=149788"},"modified":"2024-04-14T15:46:25","modified_gmt":"2024-04-14T13:46:25","slug":"v08-497-la-guardia-civil-de-albacete-detiene-a-dos-personas-por-el-robo-con-escalo-en-una-vivienda-de-almansa","status":"publish","type":"post","link":"https:\/\/lavozdehellin.com\/noticias\/v08-497-la-guardia-civil-de-albacete-detiene-a-dos-personas-por-el-robo-con-escalo-en-una-vivienda-de-almansa\/","title":{"rendered":"LVH NOTICIAS | LA GUARDIA CIVIL DE ALBACETE DETIENE A DOS PERSONAS POR EL ROBO CON ESCALO EN UNA VIVIENDA DE ALMANSA"},"content":{"rendered":"<p style=\"text-align: justify;\">Los menores detenidos, accedieron a una vivienda mediante escalo, sustrayendo de la caseta de una terraza dos bicicletas de monta\u00f1a de alta gama<\/p>\n<p><!--more--><br \/>\n<!--publicidad-voz01--><a href=\"https:\/\/www.facebook.com\/SoloRadioHellin\/?locale=es_ES\"><img decoding=\"async\" class=\"alignnone size-medium\" src=\"https:\/\/blogger.googleusercontent.com\/img\/b\/R29vZ2xl\/AVvXsEiNncirNnyGedv00mhjZjh5Wl4_YPdJGanoAl8tL8zH-HwqE8uHqjEfSt340RHdx-9tuCSIkZ8rFamZiGyYlgDGxCsmXjCH_1xk5eYM3ntFZRvJP_jndOKR7w1UAo9Tu0vrZyOLfqRpHIxYI5SymJJ-pfGCQw6QVpggBH-UgfjiFQ2JOxqxG0Jx94kW83c\/s1600\/logo-principal.jpg\" width=\"100%\" height=\"100\" \/><\/a><!--bestpublic-voz01--><!--desk-in-out-voz01--><br \/>\n<!--publicidad-voz02--><a href=\"https:\/\/www.hellincf.com\/\"><img decoding=\"async\" class=\"alignnone size-medium\" src=\"https:\/\/blogger.googleusercontent.com\/img\/b\/R29vZ2xl\/AVvXsEhuZ4-XfBVj3UtdP8-RZugy3WVrg-Zv28c53m4oV47qYCxL1rX_dqWX_YddsGSnpH5SRDqZ7bZeKPIfDVCDncpjVlhy3aQs2vojcJBn7Gdv9hC2_Nzct_pRFrnFE1a7KTCdY1bT_kAgnY3-iadRZrGeJf1fR2P5fu11bokx0pWjaypoy-ctwCjklldpEbA\/s1600\/logo-principal7.jpg\" width=\"100%\" height=\"100\" \/><\/a><!--bestpublic-voz02--><!--desk-in-out-voz02--><\/p>\n<p style=\"text-align: justify;\">Las dos bicicletas recuperadas por la Guardia Civil estaban valoradas en 8.000 euros<\/p>\n<p style=\"text-align: justify;\">Efectivos del \u00c1rea de Investigaci\u00f3n del Puesto Principal de la Guardia Civil de Almansa han detenido a dos menores de edad, de 15 y 16 a\u00f1os, vecino de la localidad almanse\u00f1a, como presuntos autores de un delito de robo con fuerza en las cosas, mediante escalo, en una vivienda habitada de su localidad de residencia.<\/p>\n<p style=\"text-align: justify;\">Investigaciones<\/p>\n<p style=\"text-align: justify;\">La Guardia Civil de Almansa recogi\u00f3 la denuncia de un vecino de dicha localidad, donde manifestaba haber sufrido un robo en el interior de su vivienda, de donde los autores hab\u00edan sustra\u00eddo dos bicicletas de alta gama, valoradas en 8.000 euros, que se encontraban en el interior de una caseta de la terraza del inmueble.<\/p>\n<p style=\"text-align: justify;\">Las averiguaciones que realizaron efectivos del \u00c1rea de Investigaci\u00f3n de la Benem\u00e9rita almanse\u00f1a sobre el robo permitieron conocer como los autores hab\u00edan accedido al interior de la terraza de la vivienda a trav\u00e9s de un edificio contiguo, saltando previamente un muro de separaci\u00f3n entre las cornisas de ambos edificios y otro que daba acceso a la terraza.<\/p>\n<p style=\"text-align: justify;\">Con los datos de la denuncia y los obtenidos en la inspecci\u00f3n ocular, la Guardia Civil inici\u00f3 gestiones para el esclarecimiento del hecho delictivo, centrando sus pesquisas en varias personas que se hab\u00edan visto por las inmediaciones del edificio, en actitud sospechosa, el d\u00eda en que se cometi\u00f3 el robo, gracias a la colaboraci\u00f3n ciudadana.<\/p>\n<p style=\"text-align: justify;\">Con los indicios, y una vez obtenidas pruebas suficientes de la autor\u00eda, la Guardia Civil identific\u00f3, localiz\u00f3 y detuvo a los dos autores del robo con escalo, ambos menores de edad y vecinos de Almansa.<\/p>\n<p style=\"text-align: justify;\">Tras la detenci\u00f3n de estos dos menores, los agentes encargados de las investigaciones pudieron recuperar las bicicletas sustra\u00eddas, que se encontraban ocultas en el interior de una caseta de riego abandonada en un paraje cercano a Almansa, con el objetivo de ser puestas a la venta.<\/p>\n<p style=\"text-align: justify;\">Las bicicletas recuperadas por la Guardia Civil ya se encuentran en poder de su leg\u00edtimo propietario, tras su reconocimiento.<\/p>\n<p style=\"text-align: justify;\">Colaboraci\u00f3n ciudadana, tel\u00e9fono de urgencias 062 y app ALERTCOPS<\/p>\n<p style=\"text-align: justify;\">La Guardia Civil agradece la colaboraci\u00f3n ciudadana, que ha sido fundamental para, iniciar las primeras investigaciones detener a los autores del hecho delictivo investigado y recuperar los efectos sustra\u00eddos.<\/p>\n<p style=\"text-align: justify;\">Asimismo, recuerda que dispone del tel\u00e9fono de urgencias de atenci\u00f3n permanente, 062 y de la aplicaci\u00f3n para tel\u00e9fonos m\u00f3viles ALERTCOPS, para que ante cualquier eventualidad puedan ponerse en contacto con las Fuerzas y Cuerpo de Seguridad del Estado.<\/p>\n<p style=\"text-align: justify;\">Diligencias instruidas<\/p>\n<p style=\"text-align: justify;\">Las diligencias por el hecho delictivo fueron instruidas por efectivos del \u00c1rea de Investigaci\u00f3n de la benem\u00e9rita almanse\u00f1a, que han sido entregadas en la Fiscal\u00eda de Menores de Albacete, quedando los menores detenidos bajo la custodia de sus progenitores.<\/p>\n<p style=\"text-align: justify;\">La Guardia Civil contin\u00faa las investigaciones, centradas ahora en identificar, localizar y detener a una tercera persona que habr\u00eda participado en el robo junto con los dos menores.<\/p>\n<p><!--publicidad-voz03--><a href=\"https:\/\/www.facebook.com\/profile.php?id=100063593791305&amp;locale=es_ES\"><img decoding=\"async\" class=\"alignnone size-medium\" src=\"https:\/\/blogger.googleusercontent.com\/img\/b\/R29vZ2xl\/AVvXsEi8_n_ll8UOcGxCqzFvb_9Io4ICczlGC990BPtPj2w9Px-u7B3oqWUW5vtjZUqPNJ-nyjiUIorE0ATsib_l5tV8BVN-UJ03RTnU__IHJF_4DgDBtY4LIqXNG-FomrO-7ywes20CBCRM2Hcm7EJSh3UUw1dO-c_uTflUrtgY1i7uBRezj_DpympmEFkfbQY\/s1600\/logo-principal2.jpg\" width=\"100%\" height=\"100\" \/><\/a><!--bestpublic-voz03--><!--desk-in-out-voz03--><br \/>\n<!--publicidad-voz04--><a href=\"https:\/\/www.facebook.com\/profile.php?id=61557370768692&amp;locale=es_ES\"><img decoding=\"async\" class=\"alignnone size-medium\" src=\"https:\/\/blogger.googleusercontent.com\/img\/b\/R29vZ2xl\/AVvXsEgy5RdcfffrnrItnYTcV9bCJjgJwldsQLWssfVfrLbyfXeBNTFKgBf0rMIvhrUaGUhiXzVr9_eQgCbi-j63ZDpfTvLIty9w7s140y-m1yHe7eKmEK7v2NAHUJDVYGdfeiQFeRCqUjdwWmN1MX_AUxxz4IVdJ4WIM0APxit8bjWkXzrnEFGqBvW_1F13H1g\/s1600\/logo-principal5.jpg\" width=\"100%\" height=\"100\" \/><\/a><!--bestpublic-voz04--><!--desk-in-out-voz04--><br \/>\n<!--publicidad-voz05--><a href=\"https:\/\/www.facebook.com\/asociaciontamborileroshellin?locale=es_ES\"><img decoding=\"async\" class=\"alignnone size-medium\" src=\"https:\/\/blogger.googleusercontent.com\/img\/b\/R29vZ2xl\/AVvXsEhHEEpZsKK1VpwiYMrS7aE2ujtqIDZoLd4B5wtbiseSU9s2HdTdQfhF84So2XwEB1fv0BLw95GADm6hUl1bkKtzh-eIgVigXONuu_5RxeIMPhjk8q6uNX4EaEHbooKkbu7pCADWPpVJjhKIH5NQSJpWqedC-YBez4QAQeJYokkLot9bhrIaUAeztsGis6M\/s1600\/logo-principal3.jpg\" width=\"100%\" height=\"100\" \/><\/a><!--bestpublic-voz05--><!--desk-in-out-voz05--><br \/>\n<!--publicidad-voz06--><!--bestpublic-voz06--><!--desk-in-out-voz06--><br \/>\n<!--publicidad-voz07--><!--bestpublic-voz07--><!--desk-in-out-voz07--><br \/>\n<!--publicidad-voz08--><!--bestpublic-voz08--><!--desk-in-out-voz08--><br \/>\n<!--publicidad-voz09--><!--bestpublic-voz09--><!--desk-in-out-voz09--><br \/>\n<!--publicidad-voz10--><!--bestpublic-voz10--><!--desk-in-out-voz10--><br \/>\n<!--publicidad-voz11--><!--bestpublic-voz11--><!--desk-in-out-voz11--><br \/>\n<!--publicidad-voz12--><!--bestpublic-voz12--><!--desk-in-out-voz12--><br \/>\n<!--publicidad-voz13--><!--bestpublic-voz13--><!--desk-in-out-voz13--><br \/>\n<!--publicidad-voz14--><!--bestpublic-voz14--><!--desk-in-out-voz14--><br \/>\n<!--publicidad-voz15--><!--bestpublic-voz15--><!--desk-in-out-voz15--><br \/>\n<!--publicidad-voz16--><!--bestpublic-voz16--><!--desk-in-out-voz16--><\/p>\n","protected":false},"excerpt":{"rendered":"<p>Los menores detenidos, accedieron a una vivienda mediante escalo, sustrayendo de la caseta de una terraza dos bicicletas de monta\u00f1a de alta gama<\/p>\n","protected":false},"author":2,"featured_media":149789,"comment_status":"closed","ping_status":"closed","sticky":false,"template":"","format":"standard","meta":{"footnotes":""},"categories":[753,718,715,716,717],"tags":[],"class_list":["post-149788","post","type-post","status-publish","format-standard","has-post-thumbnail","hentry","category-blog-lv034","category-blogger","category-la-voz-de-hellin","category-la-voz-de-hellin-la-voz-de-hellin","category-noticias"],"_links":{"self":[{"href":"https:\/\/lavozdehellin.com\/noticias\/wp-json\/wp\/v2\/posts\/149788","targetHints":{"allow":["GET"]}}],"collection":[{"href":"https:\/\/lavozdehellin.com\/noticias\/wp-json\/wp\/v2\/posts"}],"about":[{"href":"https:\/\/lavozdehellin.com\/noticias\/wp-json\/wp\/v2\/types\/post"}],"author":[{"embeddable":true,"href":"https:\/\/lavozdehellin.com\/noticias\/wp-json\/wp\/v2\/users\/2"}],"replies":[{"embeddable":true,"href":"https:\/\/lavozdehellin.com\/noticias\/wp-json\/wp\/v2\/comments?post=149788"}],"version-history":[{"count":0,"href":"https:\/\/lavozdehellin.com\/noticias\/wp-json\/wp\/v2\/posts\/149788\/revisions"}],"wp:featuredmedia":[{"embeddable":true,"href":"https:\/\/lavozdehellin.com\/noticias\/wp-json\/wp\/v2\/media\/149789"}],"wp:attachment":[{"href":"https:\/\/lavozdehellin.com\/noticias\/wp-json\/wp\/v2\/media?parent=149788"}],"wp:term":[{"taxonomy":"category","embeddable":true,"href":"https:\/\/lavozdehellin.com\/noticias\/wp-json\/wp\/v2\/categories?post=149788"},{"taxonomy":"post_tag","embeddable":true,"href":"https:\/\/lavozdehellin.com\/noticias\/wp-json\/wp\/v2\/tags?post=149788"}],"curies":[{"name":"wp","href":"https:\/\/api.w.org\/{rel}","templated":true}]}}