{"id":149791,"date":"2024-04-14T11:22:58","date_gmt":"2024-04-14T09:22:58","guid":{"rendered":"https:\/\/lavozdehellin.com\/noticias\/?p=149791"},"modified":"2024-04-14T15:46:25","modified_gmt":"2024-04-14T13:46:25","slug":"v08-498-la-guardia-civil-de-albacete-implementa-en-varias-unidades-de-la-provincia-un-nuevo-servicio-de-atencion-al-ciudadano-para-tramites-de-armas","status":"publish","type":"post","link":"https:\/\/lavozdehellin.com\/noticias\/v08-498-la-guardia-civil-de-albacete-implementa-en-varias-unidades-de-la-provincia-un-nuevo-servicio-de-atencion-al-ciudadano-para-tramites-de-armas\/","title":{"rendered":"LVH NOTICIAS | LA GUARDIA CIVIL DE ALBACETE IMPLEMENTA EN VARIAS UNIDADES DE LA PROVINCIA UN NUEVO SERVICIO DE ATENCI\u00d3N AL CIUDADANO PARA TR\u00c1MITES DE ARMAS"},"content":{"rendered":"<p style=\"text-align: justify;\">Esta asistencia presencial estar\u00e1 disponible para las localidades albacete\u00f1as de Caudete, Casas Ib\u00e1\u00f1ez y Elche de la Sierra<\/p>\n<p><!--more--><br \/>\n<!--publicidad-voz01--><a href=\"https:\/\/www.facebook.com\/SoloRadioHellin\/?locale=es_ES\"><img decoding=\"async\" class=\"alignnone size-medium\" src=\"https:\/\/blogger.googleusercontent.com\/img\/b\/R29vZ2xl\/AVvXsEiNncirNnyGedv00mhjZjh5Wl4_YPdJGanoAl8tL8zH-HwqE8uHqjEfSt340RHdx-9tuCSIkZ8rFamZiGyYlgDGxCsmXjCH_1xk5eYM3ntFZRvJP_jndOKR7w1UAo9Tu0vrZyOLfqRpHIxYI5SymJJ-pfGCQw6QVpggBH-UgfjiFQ2JOxqxG0Jx94kW83c\/s1600\/logo-principal.jpg\" width=\"100%\" height=\"100\" \/><\/a><!--bestpublic-voz01--><!--desk-in-out-voz01--><br \/>\n<!--publicidad-voz02--><a href=\"https:\/\/www.hellincf.com\/\"><img decoding=\"async\" class=\"alignnone size-medium\" src=\"https:\/\/blogger.googleusercontent.com\/img\/b\/R29vZ2xl\/AVvXsEhuZ4-XfBVj3UtdP8-RZugy3WVrg-Zv28c53m4oV47qYCxL1rX_dqWX_YddsGSnpH5SRDqZ7bZeKPIfDVCDncpjVlhy3aQs2vojcJBn7Gdv9hC2_Nzct_pRFrnFE1a7KTCdY1bT_kAgnY3-iadRZrGeJf1fR2P5fu11bokx0pWjaypoy-ctwCjklldpEbA\/s1600\/logo-principal7.jpg\" width=\"100%\" height=\"100\" \/><\/a><!--bestpublic-voz02--><!--desk-in-out-voz02--><\/p>\n<p style=\"text-align: justify;\">Los ciudadanos podr\u00e1n acceder a este servicio presencial mediante el sistema de cita previa al que se puede acceder desde varios enlaces web o por medio de un c\u00f3digo QR<\/p>\n<p style=\"text-align: justify;\">A partir del 15 de abril, con el objetivo de mejorar el servicio de atenci\u00f3n al ciudadano en el \u00e1mbito del control de armas, adem\u00e1s de a las Intervenciones de Armas de Albacete, La Roda, Villarrobledo, Almansa y Hell\u00edn, se podr\u00e1 acudir a los acuartelamientos de Caudete, Casas Ib\u00e1\u00f1ez y Elche de la Sierra para llevar a cabo algunos tr\u00e1mites relativos a licencias y autorizaciones de armas, siendo necesario solicitar cita previa.<\/p>\n<p style=\"text-align: justify;\">Para solicitar estas citas se podr\u00e1 acceder desde varios enlaces web, a trav\u00e9s del escaneo de un c\u00f3digo QR o, excepcionalmente, de forma telef\u00f3nica en el n\u00famero 967441305.<\/p>\n<p style=\"text-align: justify;\">\u00bfQu\u00e9 tr\u00e1mites puedo realizar?<\/p>\n<p style=\"text-align: justify;\">Entre los tr\u00e1mites que permite la ampliaci\u00f3n del sistema de cita previa en Caudete, Casas Ib\u00e1\u00f1ez y Elche de la Sierra est\u00e1n la mayor parte de los que deben realizar los ciudadanos en las Intervenciones de Armas, tales como la tramitaci\u00f3n de solicitudes para la obtenci\u00f3n de una licencia de armas por primera vez, las renovaciones de las licencias de armas que est\u00e9n pr\u00f3ximas a caducar y las revistas de armas, siempre que la licencia est\u00e9 en vigor. \u00c9stos tr\u00e1mites tambi\u00e9n se podr\u00e1n realizar, como hasta ahora, en el acuartelamiento de Alcaraz sin necesidad de solicitar cita previa.<\/p>\n<p style=\"text-align: justify;\">Por el momento, en estos acuartelamientos no se podr\u00e1n realizar transferencias de armas o dep\u00f3sitos de las mismas, para lo que ser\u00e1 necesario hacerlo en las Intervenciones de Armas de Albacete, La Roda, Villarrobledo, Almansa y Hell\u00edn.<\/p>\n<p style=\"text-align: justify;\">\u00bfQu\u00e9 tengo que hacer para que no me caduque la licencia de armas?<\/p>\n<p style=\"text-align: justify;\">Para evitar la caducidad de las licencias de armas, dos meses antes de la caducidad, el Registro Nacional de Armas env\u00eda mensajes al correo electr\u00f3nico o avisos mediante SMS al tel\u00e9fono de la persona interesada, los cuales se reiteran 25 y 15 d\u00edas antes de la caducidad.<\/p>\n<p style=\"text-align: justify;\">Por ello, resulta de especial inter\u00e9s que los interesados mantengan actualizado, al menos, el tel\u00e9fono de contacto para recibir los avisos. Esta actualizaci\u00f3n del medio de contacto lo puede llevar a cabo mediante comparecencia en cualquier Puesto, Intervenci\u00f3n de Armas y Explosivos, o mediante una solicitud gen\u00e9rica en la sede electr\u00f3nica de la Guardia Civil.<\/p>\n<p style=\"text-align: justify;\">\u00bfC\u00f3mo puedo acceder al sistema de cita previa?<\/p>\n<p style=\"text-align: justify;\">Para acceder al sistema de cita previa se puede utilizar cualquiera de los siguientes enlaces:<\/p>\n<p style=\"text-align: justify;\">https:\/\/run.gob.es\/citagc<\/p>\n<p style=\"text-align: justify;\">https:\/\/www.guardiacivil.es<\/p>\n<p style=\"text-align: justify;\">dentro del enlace \u201cCita previa Intervenci\u00f3n de Armas\u201d.<\/p>\n<p style=\"text-align: justify;\">\u00bfQu\u00e9 tr\u00e1mites tengo que hacer obligatoriamente en una Intervenci\u00f3n de Armas y Explosivos?<\/p>\n<p style=\"text-align: justify;\">Los dep\u00f3sitos de armas y los tr\u00e1mites relativos a transferencias de armas se deben realizar exclusivamente en una Intervenci\u00f3n de Armas y Explosivos de la Guardia Civil, cuyas sedes, en la provincia albacete\u00f1a, se encuentran en las localidades de Albacete, La Roda, Villarrobledo, Almansa y Hell\u00edn.<\/p>\n<p><!--publicidad-voz03--><a href=\"https:\/\/www.facebook.com\/profile.php?id=100063593791305&amp;locale=es_ES\"><img decoding=\"async\" class=\"alignnone size-medium\" src=\"https:\/\/blogger.googleusercontent.com\/img\/b\/R29vZ2xl\/AVvXsEi8_n_ll8UOcGxCqzFvb_9Io4ICczlGC990BPtPj2w9Px-u7B3oqWUW5vtjZUqPNJ-nyjiUIorE0ATsib_l5tV8BVN-UJ03RTnU__IHJF_4DgDBtY4LIqXNG-FomrO-7ywes20CBCRM2Hcm7EJSh3UUw1dO-c_uTflUrtgY1i7uBRezj_DpympmEFkfbQY\/s1600\/logo-principal2.jpg\" width=\"100%\" height=\"100\" \/><\/a><!--bestpublic-voz03--><!--desk-in-out-voz03--><br \/>\n<!--publicidad-voz04--><a href=\"https:\/\/www.facebook.com\/profile.php?id=61557370768692&amp;locale=es_ES\"><img decoding=\"async\" class=\"alignnone size-medium\" src=\"https:\/\/blogger.googleusercontent.com\/img\/b\/R29vZ2xl\/AVvXsEgy5RdcfffrnrItnYTcV9bCJjgJwldsQLWssfVfrLbyfXeBNTFKgBf0rMIvhrUaGUhiXzVr9_eQgCbi-j63ZDpfTvLIty9w7s140y-m1yHe7eKmEK7v2NAHUJDVYGdfeiQFeRCqUjdwWmN1MX_AUxxz4IVdJ4WIM0APxit8bjWkXzrnEFGqBvW_1F13H1g\/s1600\/logo-principal5.jpg\" width=\"100%\" height=\"100\" \/><\/a><!--bestpublic-voz04--><!--desk-in-out-voz04--><br \/>\n<!--publicidad-voz05--><a href=\"https:\/\/www.facebook.com\/asociaciontamborileroshellin?locale=es_ES\"><img decoding=\"async\" class=\"alignnone size-medium\" src=\"https:\/\/blogger.googleusercontent.com\/img\/b\/R29vZ2xl\/AVvXsEhHEEpZsKK1VpwiYMrS7aE2ujtqIDZoLd4B5wtbiseSU9s2HdTdQfhF84So2XwEB1fv0BLw95GADm6hUl1bkKtzh-eIgVigXONuu_5RxeIMPhjk8q6uNX4EaEHbooKkbu7pCADWPpVJjhKIH5NQSJpWqedC-YBez4QAQeJYokkLot9bhrIaUAeztsGis6M\/s1600\/logo-principal3.jpg\" width=\"100%\" height=\"100\" \/><\/a><!--bestpublic-voz05--><!--desk-in-out-voz05--><br \/>\n<!--publicidad-voz06--><!--bestpublic-voz06--><!--desk-in-out-voz06--><br \/>\n<!--publicidad-voz07--><!--bestpublic-voz07--><!--desk-in-out-voz07--><br \/>\n<!--publicidad-voz08--><!--bestpublic-voz08--><!--desk-in-out-voz08--><br \/>\n<!--publicidad-voz09--><!--bestpublic-voz09--><!--desk-in-out-voz09--><br \/>\n<!--publicidad-voz10--><!--bestpublic-voz10--><!--desk-in-out-voz10--><br \/>\n<!--publicidad-voz11--><!--bestpublic-voz11--><!--desk-in-out-voz11--><br \/>\n<!--publicidad-voz12--><!--bestpublic-voz12--><!--desk-in-out-voz12--><br \/>\n<!--publicidad-voz13--><!--bestpublic-voz13--><!--desk-in-out-voz13--><br \/>\n<!--publicidad-voz14--><!--bestpublic-voz14--><!--desk-in-out-voz14--><br \/>\n<!--publicidad-voz15--><!--bestpublic-voz15--><!--desk-in-out-voz15--><br \/>\n<!--publicidad-voz16--><!--bestpublic-voz16--><!--desk-in-out-voz16--><\/p>\n","protected":false},"excerpt":{"rendered":"<p>Esta asistencia presencial estar\u00e1 disponible para las localidades albacete\u00f1as de Caudete, Casas Ib\u00e1\u00f1ez y Elche de la Sierra<\/p>\n","protected":false},"author":2,"featured_media":149792,"comment_status":"closed","ping_status":"closed","sticky":false,"template":"","format":"standard","meta":{"footnotes":""},"categories":[753,718,715,716,717],"tags":[],"class_list":["post-149791","post","type-post","status-publish","format-standard","has-post-thumbnail","hentry","category-blog-lv034","category-blogger","category-la-voz-de-hellin","category-la-voz-de-hellin-la-voz-de-hellin","category-noticias"],"_links":{"self":[{"href":"https:\/\/lavozdehellin.com\/noticias\/wp-json\/wp\/v2\/posts\/149791","targetHints":{"allow":["GET"]}}],"collection":[{"href":"https:\/\/lavozdehellin.com\/noticias\/wp-json\/wp\/v2\/posts"}],"about":[{"href":"https:\/\/lavozdehellin.com\/noticias\/wp-json\/wp\/v2\/types\/post"}],"author":[{"embeddable":true,"href":"https:\/\/lavozdehellin.com\/noticias\/wp-json\/wp\/v2\/users\/2"}],"replies":[{"embeddable":true,"href":"https:\/\/lavozdehellin.com\/noticias\/wp-json\/wp\/v2\/comments?post=149791"}],"version-history":[{"count":0,"href":"https:\/\/lavozdehellin.com\/noticias\/wp-json\/wp\/v2\/posts\/149791\/revisions"}],"wp:featuredmedia":[{"embeddable":true,"href":"https:\/\/lavozdehellin.com\/noticias\/wp-json\/wp\/v2\/media\/149792"}],"wp:attachment":[{"href":"https:\/\/lavozdehellin.com\/noticias\/wp-json\/wp\/v2\/media?parent=149791"}],"wp:term":[{"taxonomy":"category","embeddable":true,"href":"https:\/\/lavozdehellin.com\/noticias\/wp-json\/wp\/v2\/categories?post=149791"},{"taxonomy":"post_tag","embeddable":true,"href":"https:\/\/lavozdehellin.com\/noticias\/wp-json\/wp\/v2\/tags?post=149791"}],"curies":[{"name":"wp","href":"https:\/\/api.w.org\/{rel}","templated":true}]}}