{"id":149804,"date":"2024-04-15T11:40:59","date_gmt":"2024-04-15T09:40:59","guid":{"rendered":"https:\/\/lavozdehellin.com\/noticias\/?p=149804"},"modified":"2024-04-16T17:38:38","modified_gmt":"2024-04-16T15:38:38","slug":"v08-499-la-diputacion-de-albacete-lidera-una-compra-conjunta-de-suministro-electrico-que-abaratara-la-factura-de-la-luz-en-instalaciones-publicas-de-municipios-con-menos-de-5-000-habitantes","status":"publish","type":"post","link":"https:\/\/lavozdehellin.com\/noticias\/v08-499-la-diputacion-de-albacete-lidera-una-compra-conjunta-de-suministro-electrico-que-abaratara-la-factura-de-la-luz-en-instalaciones-publicas-de-municipios-con-menos-de-5-000-habitantes\/","title":{"rendered":"LVH NOTICIAS | LA DIPUTACI\u00d3N DE ALBACETE LIDERA UNA COMPRA CONJUNTA DE SUMINISTRO EL\u00c9CTRICO QUE ABARATAR\u00c1 LA FACTURA DE LA LUZ EN INSTALACIONES P\u00daBLICAS DE MUNICIPIOS CON MENOS DE 5.000 HABITANTES"},"content":{"rendered":"<p style=\"text-align: justify;\">La Diputaci\u00f3n de Albacete va a lanzar un contrato p\u00fablico para el suministro de energ\u00eda el\u00e9ctrica que incluir\u00e1, tanto a sus propias instalaciones como a las de los Organismos Aut\u00f3nomos y Consorcios donde tiene representaci\u00f3n, y que el equipo al frente del Gobierno Provincial ha trabajado para extender tambi\u00e9n a todos los ayuntamientos de localidades con menos de 5.000 habitantes que deseen sumarse.<\/p>\n<p><!--more--><br \/>\n<!--publicidad-voz01--><a href=\"https:\/\/www.facebook.com\/SoloRadioHellin\/?locale=es_ES\"><img decoding=\"async\" class=\"alignnone size-medium\" src=\"https:\/\/blogger.googleusercontent.com\/img\/b\/R29vZ2xl\/AVvXsEiNncirNnyGedv00mhjZjh5Wl4_YPdJGanoAl8tL8zH-HwqE8uHqjEfSt340RHdx-9tuCSIkZ8rFamZiGyYlgDGxCsmXjCH_1xk5eYM3ntFZRvJP_jndOKR7w1UAo9Tu0vrZyOLfqRpHIxYI5SymJJ-pfGCQw6QVpggBH-UgfjiFQ2JOxqxG0Jx94kW83c\/s1600\/logo-principal.jpg\" width=\"100%\" height=\"100\" \/><\/a><!--bestpublic-voz01--><!--desk-in-out-voz01--><br \/>\n<!--publicidad-voz02--><a href=\"https:\/\/www.hellincf.com\/\"><img decoding=\"async\" class=\"alignnone size-medium\" src=\"https:\/\/blogger.googleusercontent.com\/img\/b\/R29vZ2xl\/AVvXsEhuZ4-XfBVj3UtdP8-RZugy3WVrg-Zv28c53m4oV47qYCxL1rX_dqWX_YddsGSnpH5SRDqZ7bZeKPIfDVCDncpjVlhy3aQs2vojcJBn7Gdv9hC2_Nzct_pRFrnFE1a7KTCdY1bT_kAgnY3-iadRZrGeJf1fR2P5fu11bokx0pWjaypoy-ctwCjklldpEbA\/s1600\/logo-principal7.jpg\" width=\"100%\" height=\"100\" \/><\/a><!--bestpublic-voz02--><!--desk-in-out-voz02--><\/p>\n<p style=\"text-align: justify;\">As\u00ed lo ha avanzado este lunes el presidente, Santi Caba\u00f1ero, en la rueda de prensa que ha ofrecido para dar a conocer esta medida junto a Jos\u00e9 Antonio G\u00f3mez, diputado de Medio Ambiente.<\/p>\n<p style=\"text-align: justify;\">Caba\u00f1ero ha destacado la gran acogida que ha tenido esta decisi\u00f3n estrat\u00e9gica a la que ha, solicitado acogerse el 80% de esas localidades (61 de un total de 79), lo que se traducir\u00e1 en la sustituci\u00f3n de unos 1.700 contratos de electricidad.<\/p>\n<p style=\"text-align: justify;\">Aprovechando que se ha de renovar de forma inminente el contrato de suministro de energ\u00eda de todos los centros de la Diputaci\u00f3n y, dado que los precios de mercado actuales son m\u00e1s bajos que los contratados, el Gobierno Provincial decid\u00eda salir al mercado libre para recibir una oferta m\u00e1s ventajosa de un nuevo comercializador, extendiendo el suministro a todos esos ayuntamientos mediante la firma con ellos de esos mencionados acuerdos-marco, tal y como ha explicado.<br \/>\nGesti\u00f3n eficiente y responsable de los fondos p\u00fablicos<\/p>\n<p style=\"text-align: justify;\">\u00abEsta medida refuerza nuestro compromiso con una gesti\u00f3n eficiente y responsable de los recursos p\u00fablicos, asegurando que cada euro invertido se use de la manera m\u00e1s efectiva posible; pero tambi\u00e9n con ella velamos por un uso mejor y m\u00e1s sostenible de la energ\u00eda en las distintas instalaciones de las Entidades Locales\u00ab, ha afirmado Caba\u00f1ero.<\/p>\n<p style=\"text-align: justify;\">Por tanto, ha incidido, se trata de \u201cun compromiso tangible con la eficiencia energ\u00e9tica, pero tambi\u00e9n con la financiera\u201d, algo que est\u00e1 siendo uno de los \u2018sellos distintivos\u2019 del presente Gobierno Provincial), sumado al af\u00e1n por buscar \u201csoluciones conjuntas que sean innovadoras y sostenibles para esos \u2018desaf\u00edos\u2019 comunes que plantea la gesti\u00f3n local\u201d.<\/p>\n<p style=\"text-align: justify;\">Todo ello, ahondando siempre en ese gran objetivo de \u201capoyar y, sobre todo, facilitar que los ayuntamientos (especialmente, los m\u00e1s peque\u00f1os) se beneficien de cuestiones que pueden ser muy importantes para mejorar su d\u00eda a d\u00eda municipal\u201d.<\/p>\n<p style=\"text-align: justify;\">El presidente ha subrayado que, con medidas como \u00e9sta, la Diputaci\u00f3n de Albacete y los ayuntamientos participantes sientan un precedente interesante para otras provincias y municipios en cuestiones que, ha insistido, suponen \u201capoyar y defender el municipalismo y gestionar con responsabilidad lo p\u00fablico\u201d.<\/p>\n<p style=\"text-align: justify;\">Adem\u00e1s, Santi Caba\u00f1ero ha expresado su agradecimiento tanto a las Entidades Locales y al equipo t\u00e9cnico de la Diputaci\u00f3n que, desde hace mucho tiempo, se han venido implicando en un seguimiento muy riguroso y concienzudo de los distintos contratos aportados desde los consistorios para la \u2018puesta a punto\u2019 de este pliego con todas las garant\u00edas de \u00e9xito.<\/p>\n<p style=\"text-align: justify;\">Precios fijos y suministros garantizados, hasta en momentos de especial demanda<\/p>\n<p style=\"text-align: justify;\">El nuevo contrato, dividido en dos lotes para alta y baja tensi\u00f3n, tendr\u00e1 una duraci\u00f3n de un a\u00f1o y una licitaci\u00f3n estimada en casi 4 millones de euros: unos 2.634.500 de euros se corresponden al Lote 1 y el resto (algo m\u00e1s de 1.247.966 euros), para el Lote 2. La empresa adjudicataria se comprometer\u00e1 a mantener precios fijos durante el periodo del contrato y a garantizar el suministro de toda la energ\u00eda el\u00e9ctrica incluso en situaciones de alta demanda (como ferias, romer\u00edas, eventos, etc.), tanto en potencia como de la cantidad.<\/p>\n<p style=\"text-align: justify;\">Para el conjunto de contratos a suscribir, se estima un consumo de 22 GW\/hora. El ahorro econ\u00f3mico concreto que supondr\u00e1 esta oferta p\u00fablica de suministro ser\u00e1 \u201cmuy importante, si bien a\u00fan no es posible conocerlo al detalle al no conocerse a\u00fan los precios ofertados por las comercializadoras.<\/p>\n<p style=\"text-align: justify;\">En el caso de la Diputaci\u00f3n, se realizar\u00e1n nuevos contratos de suministro para sus siete edificios de Albacete capital as\u00ed como para todos sus siete parques del SEPEI (Alcaraz, Almansa, Casas Ib\u00e1\u00f1ez, Hell\u00edn, La Roda, Molinicos y Villarrobledo).<\/p>\n<p style=\"text-align: justify;\">Tambi\u00e9n habr\u00e1 nuevos contratos en distintos Organismos Aut\u00f3nomos y Consorcios en los que la instituci\u00f3n Provincial est\u00e1 representada: GESTALBA, Consorcio de Servicios Sociales, ITAP, Circuito de Velocidad, IFAB e Instituto de Estudios Albacetenses.<\/p>\n<p style=\"text-align: justify;\">Jos\u00e9 Antonio G\u00f3mez ha se\u00f1alado que, con esta medida, el Gobierno Provincial est\u00e1 \u201cadelantando respuestas a las futuras necesidades energ\u00e9ticas de la Diputaci\u00f3n y los municipios asociados, asegurando un suministro eficiente y estable para el pr\u00f3ximo a\u00f1o\u00bb.<\/p>\n<p style=\"text-align: justify;\">Y ha insistido en que, adem\u00e1s de los beneficios econ\u00f3micos, la iniciativa promueve un uso m\u00e1s sostenible de la energ\u00eda y subraya el apoyo continuo a los municipios m\u00e1s peque\u00f1os, facilitando mejoras significativas en su gesti\u00f3n diaria. Este nuevo acuerdo no s\u00f3lo busca optimizar los recursos sino tambi\u00e9n fortalecer la cooperaci\u00f3n y el apoyo mutuo entre las diversas entidades locales.<\/p>\n<p style=\"text-align: justify;\">La transparencia y la eficiencia son ejes de esta gesti\u00f3n, ha insistido, con un proceso de adjudicaci\u00f3n abierto y competitivo que garantiza condiciones econ\u00f3micas favorables y una gesti\u00f3n responsable de los fondos p\u00fablicos.<\/p>\n<p><!--publicidad-voz03--><a href=\"https:\/\/www.facebook.com\/profile.php?id=100063593791305&amp;locale=es_ES\"><img decoding=\"async\" class=\"alignnone size-medium\" src=\"https:\/\/blogger.googleusercontent.com\/img\/b\/R29vZ2xl\/AVvXsEi8_n_ll8UOcGxCqzFvb_9Io4ICczlGC990BPtPj2w9Px-u7B3oqWUW5vtjZUqPNJ-nyjiUIorE0ATsib_l5tV8BVN-UJ03RTnU__IHJF_4DgDBtY4LIqXNG-FomrO-7ywes20CBCRM2Hcm7EJSh3UUw1dO-c_uTflUrtgY1i7uBRezj_DpympmEFkfbQY\/s1600\/logo-principal2.jpg\" width=\"100%\" height=\"100\" \/><\/a><!--bestpublic-voz03--><!--desk-in-out-voz03--><br \/>\n<!--publicidad-voz04--><a href=\"https:\/\/www.facebook.com\/profile.php?id=61557370768692&amp;locale=es_ES\"><img decoding=\"async\" class=\"alignnone size-medium\" src=\"https:\/\/blogger.googleusercontent.com\/img\/b\/R29vZ2xl\/AVvXsEgy5RdcfffrnrItnYTcV9bCJjgJwldsQLWssfVfrLbyfXeBNTFKgBf0rMIvhrUaGUhiXzVr9_eQgCbi-j63ZDpfTvLIty9w7s140y-m1yHe7eKmEK7v2NAHUJDVYGdfeiQFeRCqUjdwWmN1MX_AUxxz4IVdJ4WIM0APxit8bjWkXzrnEFGqBvW_1F13H1g\/s1600\/logo-principal5.jpg\" width=\"100%\" height=\"100\" \/><\/a><!--bestpublic-voz04--><!--desk-in-out-voz04--><br \/>\n<!--publicidad-voz05--><a href=\"https:\/\/www.facebook.com\/asociaciontamborileroshellin?locale=es_ES\"><img decoding=\"async\" class=\"alignnone size-medium\" src=\"https:\/\/blogger.googleusercontent.com\/img\/b\/R29vZ2xl\/AVvXsEhHEEpZsKK1VpwiYMrS7aE2ujtqIDZoLd4B5wtbiseSU9s2HdTdQfhF84So2XwEB1fv0BLw95GADm6hUl1bkKtzh-eIgVigXONuu_5RxeIMPhjk8q6uNX4EaEHbooKkbu7pCADWPpVJjhKIH5NQSJpWqedC-YBez4QAQeJYokkLot9bhrIaUAeztsGis6M\/s1600\/logo-principal3.jpg\" width=\"100%\" height=\"100\" \/><\/a><!--bestpublic-voz05--><!--desk-in-out-voz05--><br \/>\n<!--publicidad-voz06--><!--bestpublic-voz06--><!--desk-in-out-voz06--><br \/>\n<!--publicidad-voz07--><!--bestpublic-voz07--><!--desk-in-out-voz07--><br \/>\n<!--publicidad-voz08--><!--bestpublic-voz08--><!--desk-in-out-voz08--><br \/>\n<!--publicidad-voz09--><!--bestpublic-voz09--><!--desk-in-out-voz09--><br \/>\n<!--publicidad-voz10--><!--bestpublic-voz10--><!--desk-in-out-voz10--><br \/>\n<!--publicidad-voz11--><!--bestpublic-voz11--><!--desk-in-out-voz11--><br \/>\n<!--publicidad-voz12--><!--bestpublic-voz12--><!--desk-in-out-voz12--><br \/>\n<!--publicidad-voz13--><!--bestpublic-voz13--><!--desk-in-out-voz13--><br \/>\n<!--publicidad-voz14--><!--bestpublic-voz14--><!--desk-in-out-voz14--><br \/>\n<!--publicidad-voz15--><!--bestpublic-voz15--><!--desk-in-out-voz15--><br \/>\n<!--publicidad-voz16--><!--bestpublic-voz16--><!--desk-in-out-voz16--><\/p>\n","protected":false},"excerpt":{"rendered":"<p>La Diputaci\u00f3n de Albacete va a lanzar un contrato p\u00fablico para el suministro de energ\u00eda el\u00e9ctrica que incluir\u00e1, tanto a sus propias instalaciones como a las de los Organismos Aut\u00f3nomos&#8230;<\/p>\n","protected":false},"author":2,"featured_media":149805,"comment_status":"closed","ping_status":"closed","sticky":false,"template":"","format":"standard","meta":{"footnotes":""},"categories":[753,718,715,716,717],"tags":[],"class_list":["post-149804","post","type-post","status-publish","format-standard","has-post-thumbnail","hentry","category-blog-lv034","category-blogger","category-la-voz-de-hellin","category-la-voz-de-hellin-la-voz-de-hellin","category-noticias"],"_links":{"self":[{"href":"https:\/\/lavozdehellin.com\/noticias\/wp-json\/wp\/v2\/posts\/149804","targetHints":{"allow":["GET"]}}],"collection":[{"href":"https:\/\/lavozdehellin.com\/noticias\/wp-json\/wp\/v2\/posts"}],"about":[{"href":"https:\/\/lavozdehellin.com\/noticias\/wp-json\/wp\/v2\/types\/post"}],"author":[{"embeddable":true,"href":"https:\/\/lavozdehellin.com\/noticias\/wp-json\/wp\/v2\/users\/2"}],"replies":[{"embeddable":true,"href":"https:\/\/lavozdehellin.com\/noticias\/wp-json\/wp\/v2\/comments?post=149804"}],"version-history":[{"count":0,"href":"https:\/\/lavozdehellin.com\/noticias\/wp-json\/wp\/v2\/posts\/149804\/revisions"}],"wp:featuredmedia":[{"embeddable":true,"href":"https:\/\/lavozdehellin.com\/noticias\/wp-json\/wp\/v2\/media\/149805"}],"wp:attachment":[{"href":"https:\/\/lavozdehellin.com\/noticias\/wp-json\/wp\/v2\/media?parent=149804"}],"wp:term":[{"taxonomy":"category","embeddable":true,"href":"https:\/\/lavozdehellin.com\/noticias\/wp-json\/wp\/v2\/categories?post=149804"},{"taxonomy":"post_tag","embeddable":true,"href":"https:\/\/lavozdehellin.com\/noticias\/wp-json\/wp\/v2\/tags?post=149804"}],"curies":[{"name":"wp","href":"https:\/\/api.w.org\/{rel}","templated":true}]}}