{"id":149807,"date":"2024-04-15T13:08:40","date_gmt":"2024-04-15T11:08:40","guid":{"rendered":"https:\/\/lavozdehellin.com\/noticias\/?p=149807"},"modified":"2024-04-16T17:38:38","modified_gmt":"2024-04-16T15:38:38","slug":"v08-500-la-xxiv-feria-del-automovil-nuevo-usado-y-de-ocasion-ferimotor-contara-con-40-expositores-y-39-marcas-en-una-superficie-expositiva-de-casi-13-000-metros-cuadrados","status":"publish","type":"post","link":"https:\/\/lavozdehellin.com\/noticias\/v08-500-la-xxiv-feria-del-automovil-nuevo-usado-y-de-ocasion-ferimotor-contara-con-40-expositores-y-39-marcas-en-una-superficie-expositiva-de-casi-13-000-metros-cuadrados\/","title":{"rendered":"LVH NOTICIAS | LA XXIV FERIA DEL AUTOM\u00d3VIL NUEVO, USADO Y DE OCASI\u00d3N, FERIMOTOR, CONTAR\u00c1 CON 40 EXPOSITORES Y 39 MARCAS EN UNA SUPERFICIE EXPOSITIVA DE CASI 13.000 METROS CUADRADOS"},"content":{"rendered":"<p style=\"text-align: justify;\">La XXIV edici\u00f3n de la Feria del Autom\u00f3vil Nuevo, Usado y de Ocasi\u00f3n, Ferimotor, tendr\u00e1 lugar en el Pabell\u00f3n Ferial de la IFAB del 18 al 21 de este mes, tal y como han dado a conocer en rueda de prensa el diputado provincial de Deportes, Daniel Sancha, la concejala de Turismo, Rosa Gonz\u00e1lez de la Aleja, y el presidente de la Asociaci\u00f3n Provincial de Empresas Concesionarias de Albacete, Apreca, Carlos Ortega.<\/p>\n<p><!--more--><br \/>\n<!--publicidad-voz01--><a href=\"https:\/\/www.facebook.com\/SoloRadioHellin\/?locale=es_ES\"><img decoding=\"async\" class=\"alignnone size-medium\" src=\"https:\/\/blogger.googleusercontent.com\/img\/b\/R29vZ2xl\/AVvXsEiNncirNnyGedv00mhjZjh5Wl4_YPdJGanoAl8tL8zH-HwqE8uHqjEfSt340RHdx-9tuCSIkZ8rFamZiGyYlgDGxCsmXjCH_1xk5eYM3ntFZRvJP_jndOKR7w1UAo9Tu0vrZyOLfqRpHIxYI5SymJJ-pfGCQw6QVpggBH-UgfjiFQ2JOxqxG0Jx94kW83c\/s1600\/logo-principal.jpg\" width=\"100%\" height=\"100\" \/><\/a><!--bestpublic-voz01--><!--desk-in-out-voz01--><br \/>\n<!--publicidad-voz02--><a href=\"https:\/\/www.hellincf.com\/\"><img decoding=\"async\" class=\"alignnone size-medium\" src=\"https:\/\/blogger.googleusercontent.com\/img\/b\/R29vZ2xl\/AVvXsEhuZ4-XfBVj3UtdP8-RZugy3WVrg-Zv28c53m4oV47qYCxL1rX_dqWX_YddsGSnpH5SRDqZ7bZeKPIfDVCDncpjVlhy3aQs2vojcJBn7Gdv9hC2_Nzct_pRFrnFE1a7KTCdY1bT_kAgnY3-iadRZrGeJf1fR2P5fu11bokx0pWjaypoy-ctwCjklldpEbA\/s1600\/logo-principal7.jpg\" width=\"100%\" height=\"100\" \/><\/a><!--bestpublic-voz02--><!--desk-in-out-voz02--><\/p>\n<p style=\"text-align: justify;\">As\u00ed, Dani Sancha, reiterando el apoyo de la Diputaci\u00f3n de Albacete a esta iniciativa que cumple 24 ediciones, ha destacado que estamos ante un evento consolidado y referente en el calendario de la IFAB, convertido \u201cen una de las Ferias m\u00e1s importante de la provincia\u201d, y se ha mostrado convencido de que se repetir\u00e1 el \u00e9xito comercial para expositores y marcas de la pasada edici\u00f3n.<\/p>\n<p style=\"text-align: justify;\">Adem\u00e1s, el diputado provincial ha puesto el foco en la relevancia que la IFAB tiene para esta provincia en t\u00e9rminos econ\u00f3micos y sociales, felicitando a sus responsables, y tambi\u00e9n ha destacado la colaboraci\u00f3n de la Asociaci\u00f3n Provincial de Empresas Concesionarias de Albacete (APRECA) en esta feria, aludiendo a la unidad de acci\u00f3n entre administraciones y sector privado.<\/p>\n<p style=\"text-align: justify;\">En esta l\u00ednea, Sancha ha incidido en el peso que la industria de la automoci\u00f3n tiene no s\u00f3lo para esta provincia y para esta regi\u00f3n, sino tambi\u00e9n para el conjunto del pa\u00eds, donde representa el 7,7 por ciento del PIB (seg\u00fan el \u00faltimo informe anual de la ANFAC), \u201cunos 60,000 millones de euros en torno a este sector y ciento de miles de empleos, as\u00ed como una repercusi\u00f3n indirecta en otros sectores\u201d.<\/p>\n<p style=\"text-align: justify;\">Por su parte, la concejala de Turismo, Rosa Gonz\u00e1lez de la Aleja, ha explicado que en una superficie total de casi 13.000 euros de exposici\u00f3n, Ferimotor contar\u00e1 con un total de 40 expositores de diferentes marcas, 35 de coches y 5 de motos.<\/p>\n<p style=\"text-align: justify;\">La concejala ha agradecido a APRECA y, de manera especial a su presidente, Carlos Ortega, su colaboraci\u00f3n en esta feria, as\u00ed como su generosidad con los m\u00e1s necesitados, recordando que, como viene siendo habitual, har\u00e1 un donativo a C\u00e1ritas Diocesana de Albacete por las ventas realizadas en Ferimotor.<\/p>\n<p style=\"text-align: justify;\">Rosa Gonz\u00e1lez de la Aleja ha destacado el \u201cnuevo impulso\u201d que se le est\u00e1 dando a la IFAB, aumentando incluso el Ayuntamiento y la Diputaci\u00f3n sus aportaciones para que las ferias que conforman su calendario \u201csean un revulsivo para la Marca Albacete que estamos construyendo como ciudad\u201d.<\/p>\n<p style=\"text-align: justify;\">Ferimotor contar\u00e1 con todas las marcas del mercado que se comercializan en Espa\u00f1a<\/p>\n<p style=\"text-align: justify;\">El presidente de APRECA, Carlos Ortega, ha puesto en valor la presencia este a\u00f1o en Ferimotor de 39 marcas, todas las del mercado que se comercializan en Espa\u00f1a, asegurando que \u201cesto es un orgullo para la ciudad y su tejido industrial, como indicativo y fortaleza de las empresas de Albacete\u201d.<\/p>\n<p style=\"text-align: justify;\">Adem\u00e1s del objetivo comercial, Carlos Ortega ha se\u00f1alado que APRECA trabaja para conseguir que Ferimotor sea que sea un atractivo para el p\u00fablico de aqu\u00ed y tambi\u00e9n de fuera, incorporando novedades para conseguirlo, como la zona de exposici\u00f3n de veh\u00edculos de dos ruedas ubicada en la zona de exposici\u00f3n exterior que por primera vez incorpora este a\u00f1o.<\/p>\n<p style=\"text-align: justify;\">Todos los asistentes han animado a la ciudadan\u00eda de la provincia y de las provincias vecinas a visitar el Pabell\u00f3n Ferial de la IFAB durante los pr\u00f3ximos d\u00edas para disfrutar de la amplia variedad de veh\u00edculos nuevos, usados y de ocasi\u00f3n que ofrece Ferimotor, esperando que se superen las m\u00e1s de 6.000 visitantes de la pasada edici\u00f3n.<\/p>\n<p style=\"text-align: justify;\">El horario de Ferimotor ser\u00e1 de 10:00 a 21:00 horas, de jueves a s\u00e1bado, y el domingo de 10:00 a 14:00 horas. El precio de entrada es de 1 euros, gratis para los menores de 14 a\u00f1os.<\/p>\n<p><!--publicidad-voz03--><a href=\"https:\/\/www.facebook.com\/profile.php?id=100063593791305&amp;locale=es_ES\"><img decoding=\"async\" class=\"alignnone size-medium\" src=\"https:\/\/blogger.googleusercontent.com\/img\/b\/R29vZ2xl\/AVvXsEi8_n_ll8UOcGxCqzFvb_9Io4ICczlGC990BPtPj2w9Px-u7B3oqWUW5vtjZUqPNJ-nyjiUIorE0ATsib_l5tV8BVN-UJ03RTnU__IHJF_4DgDBtY4LIqXNG-FomrO-7ywes20CBCRM2Hcm7EJSh3UUw1dO-c_uTflUrtgY1i7uBRezj_DpympmEFkfbQY\/s1600\/logo-principal2.jpg\" width=\"100%\" height=\"100\" \/><\/a><!--bestpublic-voz03--><!--desk-in-out-voz03--><br \/>\n<!--publicidad-voz04--><a href=\"https:\/\/www.facebook.com\/profile.php?id=61557370768692&amp;locale=es_ES\"><img decoding=\"async\" class=\"alignnone size-medium\" src=\"https:\/\/blogger.googleusercontent.com\/img\/b\/R29vZ2xl\/AVvXsEgy5RdcfffrnrItnYTcV9bCJjgJwldsQLWssfVfrLbyfXeBNTFKgBf0rMIvhrUaGUhiXzVr9_eQgCbi-j63ZDpfTvLIty9w7s140y-m1yHe7eKmEK7v2NAHUJDVYGdfeiQFeRCqUjdwWmN1MX_AUxxz4IVdJ4WIM0APxit8bjWkXzrnEFGqBvW_1F13H1g\/s1600\/logo-principal5.jpg\" width=\"100%\" height=\"100\" \/><\/a><!--bestpublic-voz04--><!--desk-in-out-voz04--><br \/>\n<!--publicidad-voz05--><a href=\"https:\/\/www.facebook.com\/asociaciontamborileroshellin?locale=es_ES\"><img decoding=\"async\" class=\"alignnone size-medium\" src=\"https:\/\/blogger.googleusercontent.com\/img\/b\/R29vZ2xl\/AVvXsEhHEEpZsKK1VpwiYMrS7aE2ujtqIDZoLd4B5wtbiseSU9s2HdTdQfhF84So2XwEB1fv0BLw95GADm6hUl1bkKtzh-eIgVigXONuu_5RxeIMPhjk8q6uNX4EaEHbooKkbu7pCADWPpVJjhKIH5NQSJpWqedC-YBez4QAQeJYokkLot9bhrIaUAeztsGis6M\/s1600\/logo-principal3.jpg\" width=\"100%\" height=\"100\" \/><\/a><!--bestpublic-voz05--><!--desk-in-out-voz05--><br \/>\n<!--publicidad-voz06--><!--bestpublic-voz06--><!--desk-in-out-voz06--><br \/>\n<!--publicidad-voz07--><!--bestpublic-voz07--><!--desk-in-out-voz07--><br \/>\n<!--publicidad-voz08--><!--bestpublic-voz08--><!--desk-in-out-voz08--><br \/>\n<!--publicidad-voz09--><!--bestpublic-voz09--><!--desk-in-out-voz09--><br \/>\n<!--publicidad-voz10--><!--bestpublic-voz10--><!--desk-in-out-voz10--><br \/>\n<!--publicidad-voz11--><!--bestpublic-voz11--><!--desk-in-out-voz11--><br \/>\n<!--publicidad-voz12--><!--bestpublic-voz12--><!--desk-in-out-voz12--><br \/>\n<!--publicidad-voz13--><!--bestpublic-voz13--><!--desk-in-out-voz13--><br \/>\n<!--publicidad-voz14--><!--bestpublic-voz14--><!--desk-in-out-voz14--><br \/>\n<!--publicidad-voz15--><!--bestpublic-voz15--><!--desk-in-out-voz15--><br \/>\n<!--publicidad-voz16--><!--bestpublic-voz16--><!--desk-in-out-voz16--><\/p>\n","protected":false},"excerpt":{"rendered":"<p>La XXIV edici\u00f3n de la Feria del Autom\u00f3vil Nuevo, Usado y de Ocasi\u00f3n, Ferimotor, tendr\u00e1 lugar en el Pabell\u00f3n Ferial de la IFAB del 18 al 21 de este mes,&#8230;<\/p>\n","protected":false},"author":2,"featured_media":149808,"comment_status":"closed","ping_status":"closed","sticky":false,"template":"","format":"standard","meta":{"footnotes":""},"categories":[753,718,715,716,717],"tags":[],"class_list":["post-149807","post","type-post","status-publish","format-standard","has-post-thumbnail","hentry","category-blog-lv034","category-blogger","category-la-voz-de-hellin","category-la-voz-de-hellin-la-voz-de-hellin","category-noticias"],"_links":{"self":[{"href":"https:\/\/lavozdehellin.com\/noticias\/wp-json\/wp\/v2\/posts\/149807","targetHints":{"allow":["GET"]}}],"collection":[{"href":"https:\/\/lavozdehellin.com\/noticias\/wp-json\/wp\/v2\/posts"}],"about":[{"href":"https:\/\/lavozdehellin.com\/noticias\/wp-json\/wp\/v2\/types\/post"}],"author":[{"embeddable":true,"href":"https:\/\/lavozdehellin.com\/noticias\/wp-json\/wp\/v2\/users\/2"}],"replies":[{"embeddable":true,"href":"https:\/\/lavozdehellin.com\/noticias\/wp-json\/wp\/v2\/comments?post=149807"}],"version-history":[{"count":0,"href":"https:\/\/lavozdehellin.com\/noticias\/wp-json\/wp\/v2\/posts\/149807\/revisions"}],"wp:featuredmedia":[{"embeddable":true,"href":"https:\/\/lavozdehellin.com\/noticias\/wp-json\/wp\/v2\/media\/149808"}],"wp:attachment":[{"href":"https:\/\/lavozdehellin.com\/noticias\/wp-json\/wp\/v2\/media?parent=149807"}],"wp:term":[{"taxonomy":"category","embeddable":true,"href":"https:\/\/lavozdehellin.com\/noticias\/wp-json\/wp\/v2\/categories?post=149807"},{"taxonomy":"post_tag","embeddable":true,"href":"https:\/\/lavozdehellin.com\/noticias\/wp-json\/wp\/v2\/tags?post=149807"}],"curies":[{"name":"wp","href":"https:\/\/api.w.org\/{rel}","templated":true}]}}