{"id":149815,"date":"2024-04-16T12:06:25","date_gmt":"2024-04-16T10:06:25","guid":{"rendered":"https:\/\/lavozdehellin.com\/noticias\/?p=149815"},"modified":"2024-04-16T18:08:38","modified_gmt":"2024-04-16T16:08:38","slug":"v08-504-dani-sancha-traslada-al-bueno-arenas-albacete-basket-el-aliento-de-la-diputacion-ante-el-partido-de-vuelta-de-la-primera-fase-del-play-off-de-ascenso-a-la-leb-oro-este-proximo-sabado","status":"publish","type":"post","link":"https:\/\/lavozdehellin.com\/noticias\/v08-504-dani-sancha-traslada-al-bueno-arenas-albacete-basket-el-aliento-de-la-diputacion-ante-el-partido-de-vuelta-de-la-primera-fase-del-play-off-de-ascenso-a-la-leb-oro-este-proximo-sabado\/","title":{"rendered":"LVH NOTICIAS | DANI SANCHA TRASLADA AL BUENO ARENAS ALBACETE BASKET EL ALIENTO DE LA DIPUTACI\u00d3N ANTE EL PARTIDO DE VUELTA DE LA PRIMERA FASE DEL PLAY OFF DE ASCENSO A LA LEB ORO, ESTE PR\u00d3XIMO S\u00c1BADO"},"content":{"rendered":"<p style=\"text-align: justify;\">En un ambiente de entusiasmo contenido, el diputado provincial de Deportes, Dani Sancha, ha pasado este martes por el entrenamiento del Bueno Arenas Albacete Basket para transmitir al equipo un mensaje de apoyo y \u00e1nimo de cara al importante partido de vuelta de la primera eliminatoria del Play Off de ascenso a la categor\u00eda LEB Oro.<\/p>\n<p><!--more--><br \/>\n<!--publicidad-voz01--><a href=\"https:\/\/www.facebook.com\/SoloRadioHellin\/?locale=es_ES\"><img decoding=\"async\" class=\"alignnone size-medium\" src=\"https:\/\/blogger.googleusercontent.com\/img\/b\/R29vZ2xl\/AVvXsEiNncirNnyGedv00mhjZjh5Wl4_YPdJGanoAl8tL8zH-HwqE8uHqjEfSt340RHdx-9tuCSIkZ8rFamZiGyYlgDGxCsmXjCH_1xk5eYM3ntFZRvJP_jndOKR7w1UAo9Tu0vrZyOLfqRpHIxYI5SymJJ-pfGCQw6QVpggBH-UgfjiFQ2JOxqxG0Jx94kW83c\/s1600\/logo-principal.jpg\" width=\"100%\" height=\"100\" \/><\/a><!--bestpublic-voz01--><!--desk-in-out-voz01--><br \/>\n<!--publicidad-voz02--><a href=\"https:\/\/www.hellincf.com\/\"><img decoding=\"async\" class=\"alignnone size-medium\" src=\"https:\/\/blogger.googleusercontent.com\/img\/b\/R29vZ2xl\/AVvXsEhuZ4-XfBVj3UtdP8-RZugy3WVrg-Zv28c53m4oV47qYCxL1rX_dqWX_YddsGSnpH5SRDqZ7bZeKPIfDVCDncpjVlhy3aQs2vojcJBn7Gdv9hC2_Nzct_pRFrnFE1a7KTCdY1bT_kAgnY3-iadRZrGeJf1fR2P5fu11bokx0pWjaypoy-ctwCjklldpEbA\/s1600\/logo-principal7.jpg\" width=\"100%\" height=\"100\" \/><\/a><!--bestpublic-voz02--><!--desk-in-out-voz02--><\/p>\n<p style=\"text-align: justify;\">Un encuentro que tendr\u00e1 lugar este s\u00e1bado, 20 de abril, recibiendo al CB Pajarraco de Sant Feliu, al que los jugadores dirigidos por David Varela se impon\u00edan este pasado fin de semana a domicilio, por 57 a 74, en la primera parte de la \u2018contienda\u2019.<\/p>\n<p style=\"text-align: justify;\">\u00abEn nombre de la Diputaci\u00f3n de Albacete y del conjunto de la provincia, no quer\u00eda dejar pasar estos d\u00edas sin venir a trasladar, de parte del presidente Santi Caba\u00f1ero, un mensaje de cercan\u00eda, de cari\u00f1o y de ilusi\u00f3n tanto a los jugadores como al cuerpo t\u00e9cnico y a esa cada vez mayor \u2018green family\u2019 que hay en torno al Bueno Arenas Albacete Basket\u00bb, ha se\u00f1alado Sancha.<\/p>\n<p style=\"text-align: justify;\">Compromiso reforzado de la Diputaci\u00f3n con el baloncesto provincial<\/p>\n<p style=\"text-align: justify;\">Durante la visita, el diputado ha destacado el compromiso del Gobierno de la Diputaci\u00f3n con el baloncesto de la provincia \u201cpara que siga creciendo y consolid\u00e1ndose\u201d. En 2023, la Convocatoria de Ayudas a Clubes de Baloncesto benefici\u00f3 a nueve clubes con un total de 86.500 euros distribuidos entre todos ellos. Este a\u00f1o, apostando m\u00e1s por un proceso m\u00e1s transparente y meritorio como es el de la concurrencia competitiva, esa l\u00ednea de Ayudas ha experimentado un aumento casi del 145%, alcanzando los 220.000 euros.<\/p>\n<p style=\"text-align: justify;\">En esta ocasi\u00f3n son diez los clubes beneficiados, radicados en distintos puntos de la provincia como Villarrobledo, La Roda, Hell\u00edn, Almansa y Albacete: en este caso, con entidades como el UCA, el Club Deportivo Elemental Albacete Femenino, el Albacete Cinco y el propio Bueno Arenas Albacete Basket (que recibe una aportaci\u00f3n de unos 53.500 euros por parte de la Diputaci\u00f3n).<\/p>\n<p style=\"text-align: justify;\">Inversiones que, ha destacado, tienen en su parte esencial que \u201cmiran de lleno al desarrollo del deporte base, fomentando la pr\u00e1ctica del baloncesto desde la infancia y la juventud, apoyando el fortalecimiento de canteras en toda la provincia, asegurando que el talento local tenga las oportunidades necesarias para desarrollarse y prosperar\u201d.<\/p>\n<p style=\"text-align: justify;\">Sancha llama a la afici\u00f3n provincial a sumarse a la \u2018#GreenFamily\u2019 este 20 de abril<\/p>\n<p style=\"text-align: justify;\">Como ha se\u00f1alado, poco a poco las distintas disciplinas deportivas est\u00e1n pudiendo ver reforzado el apoyo provincial. Un respaldo con el que el Gobierno de la Diputaci\u00f3n espera no s\u00f3lo seguir mejorando el nivel competitivo, sino incrementando \u201cla visibilidad y accesibilidad\u201d, en este caso, al mejor baloncesto en todo el territorio.<\/p>\n<p style=\"text-align: justify;\">\u201cLos Play Offs por supuesto, pero tambi\u00e9n el resto de la competici\u00f3n durante la temporada, se van haciendo m\u00e1s que meros eventos deportivos: vemos como son aut\u00e9nticas celebraciones que ponen de manifiesto la imagen de un territorio din\u00e1mico\u201d ha afirmado, animando a la afici\u00f3n de toda la provincia a apoyar al equipo en su importante partido de este 20 de abril.<\/p>\n<p style=\"text-align: justify;\">Se\u00f1alando que es en estos momentos \u2018clave\u2019 y de alta intensidad de las temporadas, donde los y las deportistas necesitan m\u00e1s del aliento, del \u00e1nimo y del apoyo social, ha hecho \u201cun llamamiento a los y las amantes del baloncesto para llenar el Pabell\u00f3n del Parque y cerrar filas en torno al equipo\u201d, mostrando la fuerza de esta \u2018familia\u2019 que tanto se merece seguir avanzando en su camino hacia esa ansiada LEB Oro.<\/p>\n<p style=\"text-align: justify;\">Durante la visita, en la que Sancha ha tenido la oportunidad de conversar con el equipo, felicit\u00e1ndoles \u201cpor la gran temporada que han hecho\u201d y traslad\u00e1ndoles en persona ese apoyo de la Diputaci\u00f3n, tambi\u00e9n ha estado presente el presidente del Bueno Arenas Albacete Basket, Jacinto Navarro, quien junto al entrenador ha destacado y ha agradecido el compromiso de la instituci\u00f3n provincial con el baloncesto.<\/p>\n<p><!--publicidad-voz03--><a href=\"https:\/\/www.facebook.com\/profile.php?id=100063593791305&amp;locale=es_ES\"><img decoding=\"async\" class=\"alignnone size-medium\" src=\"https:\/\/blogger.googleusercontent.com\/img\/b\/R29vZ2xl\/AVvXsEi8_n_ll8UOcGxCqzFvb_9Io4ICczlGC990BPtPj2w9Px-u7B3oqWUW5vtjZUqPNJ-nyjiUIorE0ATsib_l5tV8BVN-UJ03RTnU__IHJF_4DgDBtY4LIqXNG-FomrO-7ywes20CBCRM2Hcm7EJSh3UUw1dO-c_uTflUrtgY1i7uBRezj_DpympmEFkfbQY\/s1600\/logo-principal2.jpg\" width=\"100%\" height=\"100\" \/><\/a><!--bestpublic-voz03--><!--desk-in-out-voz03--><br \/>\n<!--publicidad-voz04--><a href=\"https:\/\/www.facebook.com\/profile.php?id=61557370768692&amp;locale=es_ES\"><img decoding=\"async\" class=\"alignnone size-medium\" src=\"https:\/\/blogger.googleusercontent.com\/img\/b\/R29vZ2xl\/AVvXsEgy5RdcfffrnrItnYTcV9bCJjgJwldsQLWssfVfrLbyfXeBNTFKgBf0rMIvhrUaGUhiXzVr9_eQgCbi-j63ZDpfTvLIty9w7s140y-m1yHe7eKmEK7v2NAHUJDVYGdfeiQFeRCqUjdwWmN1MX_AUxxz4IVdJ4WIM0APxit8bjWkXzrnEFGqBvW_1F13H1g\/s1600\/logo-principal5.jpg\" width=\"100%\" height=\"100\" \/><\/a><!--bestpublic-voz04--><!--desk-in-out-voz04--><br \/>\n<!--publicidad-voz05--><a href=\"https:\/\/www.facebook.com\/asociaciontamborileroshellin?locale=es_ES\"><img decoding=\"async\" class=\"alignnone size-medium\" src=\"https:\/\/blogger.googleusercontent.com\/img\/b\/R29vZ2xl\/AVvXsEhHEEpZsKK1VpwiYMrS7aE2ujtqIDZoLd4B5wtbiseSU9s2HdTdQfhF84So2XwEB1fv0BLw95GADm6hUl1bkKtzh-eIgVigXONuu_5RxeIMPhjk8q6uNX4EaEHbooKkbu7pCADWPpVJjhKIH5NQSJpWqedC-YBez4QAQeJYokkLot9bhrIaUAeztsGis6M\/s1600\/logo-principal3.jpg\" width=\"100%\" height=\"100\" \/><\/a><!--bestpublic-voz05--><!--desk-in-out-voz05--><br \/>\n<!--publicidad-voz06--><!--bestpublic-voz06--><!--desk-in-out-voz06--><br \/>\n<!--publicidad-voz07--><!--bestpublic-voz07--><!--desk-in-out-voz07--><br \/>\n<!--publicidad-voz08--><!--bestpublic-voz08--><!--desk-in-out-voz08--><br \/>\n<!--publicidad-voz09--><!--bestpublic-voz09--><!--desk-in-out-voz09--><br \/>\n<!--publicidad-voz10--><!--bestpublic-voz10--><!--desk-in-out-voz10--><br \/>\n<!--publicidad-voz11--><!--bestpublic-voz11--><!--desk-in-out-voz11--><br \/>\n<!--publicidad-voz12--><!--bestpublic-voz12--><!--desk-in-out-voz12--><br \/>\n<!--publicidad-voz13--><!--bestpublic-voz13--><!--desk-in-out-voz13--><br \/>\n<!--publicidad-voz14--><!--bestpublic-voz14--><!--desk-in-out-voz14--><br \/>\n<!--publicidad-voz15--><!--bestpublic-voz15--><!--desk-in-out-voz15--><br \/>\n<!--publicidad-voz16--><!--bestpublic-voz16--><!--desk-in-out-voz16--><\/p>\n","protected":false},"excerpt":{"rendered":"<p>En un ambiente de entusiasmo contenido, el diputado provincial de Deportes, Dani Sancha, ha pasado este martes por el entrenamiento del Bueno Arenas Albacete Basket para transmitir al equipo un&#8230;<\/p>\n","protected":false},"author":2,"featured_media":149816,"comment_status":"closed","ping_status":"closed","sticky":false,"template":"","format":"standard","meta":{"footnotes":""},"categories":[754,718,715,716,717],"tags":[],"class_list":["post-149815","post","type-post","status-publish","format-standard","has-post-thumbnail","hentry","category-blog-lv035","category-blogger","category-la-voz-de-hellin","category-la-voz-de-hellin-la-voz-de-hellin","category-noticias"],"_links":{"self":[{"href":"https:\/\/lavozdehellin.com\/noticias\/wp-json\/wp\/v2\/posts\/149815","targetHints":{"allow":["GET"]}}],"collection":[{"href":"https:\/\/lavozdehellin.com\/noticias\/wp-json\/wp\/v2\/posts"}],"about":[{"href":"https:\/\/lavozdehellin.com\/noticias\/wp-json\/wp\/v2\/types\/post"}],"author":[{"embeddable":true,"href":"https:\/\/lavozdehellin.com\/noticias\/wp-json\/wp\/v2\/users\/2"}],"replies":[{"embeddable":true,"href":"https:\/\/lavozdehellin.com\/noticias\/wp-json\/wp\/v2\/comments?post=149815"}],"version-history":[{"count":0,"href":"https:\/\/lavozdehellin.com\/noticias\/wp-json\/wp\/v2\/posts\/149815\/revisions"}],"wp:featuredmedia":[{"embeddable":true,"href":"https:\/\/lavozdehellin.com\/noticias\/wp-json\/wp\/v2\/media\/149816"}],"wp:attachment":[{"href":"https:\/\/lavozdehellin.com\/noticias\/wp-json\/wp\/v2\/media?parent=149815"}],"wp:term":[{"taxonomy":"category","embeddable":true,"href":"https:\/\/lavozdehellin.com\/noticias\/wp-json\/wp\/v2\/categories?post=149815"},{"taxonomy":"post_tag","embeddable":true,"href":"https:\/\/lavozdehellin.com\/noticias\/wp-json\/wp\/v2\/tags?post=149815"}],"curies":[{"name":"wp","href":"https:\/\/api.w.org\/{rel}","templated":true}]}}