{"id":149818,"date":"2024-04-16T13:39:20","date_gmt":"2024-04-16T11:39:20","guid":{"rendered":"https:\/\/lavozdehellin.com\/noticias\/?p=149818"},"modified":"2024-04-16T18:08:38","modified_gmt":"2024-04-16T16:08:38","slug":"v08-505-el-gobierno-de-cabanero-reafirma-su-compromiso-con-almansa-sumando-250-000-euros-al-plan-de-sostenibilidad-turistica-de-la-localidad","status":"publish","type":"post","link":"https:\/\/lavozdehellin.com\/noticias\/v08-505-el-gobierno-de-cabanero-reafirma-su-compromiso-con-almansa-sumando-250-000-euros-al-plan-de-sostenibilidad-turistica-de-la-localidad\/","title":{"rendered":"LVH NOTICIAS | EL GOBIERNO DE CABA\u00d1ERO REAFIRMA SU COMPROMISO CON ALMANSA SUMANDO 250.000 EUROS AL PLAN DE SOSTENIBILIDAD TUR\u00cdSTICA DE LA LOCALIDAD"},"content":{"rendered":"<p style=\"text-align: justify;\">El presidente provincial, Santi Caba\u00f1ero, y la alcaldesa de Almansa, Pilar Callado, han firmado este martes el convenio de colaboraci\u00f3n por el que la Diputaci\u00f3n de Albacete aportar\u00e1 al Ayuntamiento 250.000 euros para el Plan de Sostenibilidad Tur\u00edstica de la localidad.<\/p>\n<p><!--more--><br \/>\n<!--publicidad-voz01--><a href=\"https:\/\/www.facebook.com\/SoloRadioHellin\/?locale=es_ES\"><img decoding=\"async\" class=\"alignnone size-medium\" src=\"https:\/\/blogger.googleusercontent.com\/img\/b\/R29vZ2xl\/AVvXsEiNncirNnyGedv00mhjZjh5Wl4_YPdJGanoAl8tL8zH-HwqE8uHqjEfSt340RHdx-9tuCSIkZ8rFamZiGyYlgDGxCsmXjCH_1xk5eYM3ntFZRvJP_jndOKR7w1UAo9Tu0vrZyOLfqRpHIxYI5SymJJ-pfGCQw6QVpggBH-UgfjiFQ2JOxqxG0Jx94kW83c\/s1600\/logo-principal.jpg\" width=\"100%\" height=\"100\" \/><\/a><!--bestpublic-voz01--><!--desk-in-out-voz01--><br \/>\n<!--publicidad-voz02--><a href=\"https:\/\/www.hellincf.com\/\"><img decoding=\"async\" class=\"alignnone size-medium\" src=\"https:\/\/blogger.googleusercontent.com\/img\/b\/R29vZ2xl\/AVvXsEhuZ4-XfBVj3UtdP8-RZugy3WVrg-Zv28c53m4oV47qYCxL1rX_dqWX_YddsGSnpH5SRDqZ7bZeKPIfDVCDncpjVlhy3aQs2vojcJBn7Gdv9hC2_Nzct_pRFrnFE1a7KTCdY1bT_kAgnY3-iadRZrGeJf1fR2P5fu11bokx0pWjaypoy-ctwCjklldpEbA\/s1600\/logo-principal7.jpg\" width=\"100%\" height=\"100\" \/><\/a><!--bestpublic-voz02--><!--desk-in-out-voz02--><\/p>\n<p style=\"text-align: justify;\">Un acto que refleja el compromiso continuo de la Diputaci\u00f3n con el desarrollo econ\u00f3mico y la promoci\u00f3n no s\u00f3lo de Almansa, sino de toda la comarca de su Corredor y Monte-Ib\u00e9rico y del conjunto de la provincia.<\/p>\n<p style=\"text-align: justify;\">El Plan, oficializado en el Bolet\u00edn Oficial del Estado del 12 de enero de 2023, supone una inversi\u00f3n total de 1.899.000 euros a financiar a partes iguales (de 633.000 euros en cada caso) entre el Gobierno de Espa\u00f1a, la Junta de Comunidades de Castilla-La Mancha y el Ayuntamiento.<\/p>\n<p style=\"text-align: justify;\">Apoyo a un Plan llamado a tener un impacto muy significativo m\u00e1s all\u00e1 de Almansa<\/p>\n<p style=\"text-align: justify;\">En un esfuerzo por apoyar al consistorio en esa aportaci\u00f3n financiera, y desde el pleno convencimiento de lo importante que esta iniciativa ser\u00e1 a todos los niveles y mucho m\u00e1s all\u00e1 de la localidad, el Gobierno de Caba\u00f1ero anunciaba (ya en el Pleno que el pasado diciembre vio aprobarse los Presupuestos para 2024 de la instituci\u00f3n) que la Diputaci\u00f3n suscribir\u00eda un convenio especial de colaboraci\u00f3n con el ayuntamiento almanse\u00f1o, a trav\u00e9s del cual le proporcionar\u00eda 250.000 euros para respaldarle en el desarrollo del Plan.<\/p>\n<p style=\"text-align: justify;\">Un compromiso materializado hoy, con la firma del acuerdo en el claustro del Ayuntamiento en un acto al que Caba\u00f1ero ha acudido junto al vicepresidente, Fran Valera, y donde tambi\u00e9n han estado presentes distintos integrantes del Gobierno Municipal.<\/p>\n<p style=\"text-align: justify;\">\u201cHoy es un d\u00eda importante para Almansa; es un d\u00eda importante para el turismo y para el desarrollo del turismo en nuestra localidad; la firma de este convenio era y es vital para el Ayuntamiento , porque siempre es importante pedir ayudas, pero lo es tambi\u00e9n que te concedan las ayudas e (incluso m\u00e1s) que, despu\u00e9s, seas capaz como Ayuntamiento de desarrollar los proyectos y, sobre todo, de aportar la financiaci\u00f3n que te corresponde; y, lo que ha hecho hoy la Diputaci\u00f3n de Albacete, es una apuesta decidida por el Ayuntamiento de Almansa para que podamos tener presupuesto suficiente para ejecutar nuestra parte del proyecto con este convenio\u201d, ha se\u00f1alado Callado.<\/p>\n<p style=\"text-align: justify;\">Una puesta en valor del compromiso de la Diputaci\u00f3n que ha tenido inmediata respuesta por parte de su presidente: \u201cProbablemente los malos gestores siempre ponen excusas para, en momentos de dificultad econ\u00f3mica, recortar o renunciar a cosas\u2026 Los buenos gestores (y t\u00fa eres una gran alcaldesa, Pilar) buscan ayuda para que esos proyectos que son necesarios se puedan hacer realidad. Y eso es lo que estamos escenificando aqu\u00ed: la conjunci\u00f3n de todas las administraciones, de esas \u2018cuatro patas\u2019, para conseguir que a Almansa le vaya bien; y, de su mano, que le vaya bien al conjunto de la comarca y de la provincia\u201d, ha se\u00f1alado.<\/p>\n<p style=\"text-align: justify;\">Tal y como ha expuesto presidente, el Plan de Sostenibilidad Tur\u00edstica de Almansa es \u201cuna oportunidad\u201d que refuerza el trabajo que viene impulsando la Diputaci\u00f3n para contribuir al desarrollo econ\u00f3mico y social de la provincia, en la que se ha mostrado convencido de que tendr\u00e1 \u201cun impacto muy significativo\u00bb de la mano de el revulsivo a este tipo de iniciativas.<\/p>\n<p style=\"text-align: justify;\">Almansa, un referente lleno de potencialidades<\/p>\n<p style=\"text-align: justify;\">Inversiones que, como ha referido Caba\u00f1ero, resultan especialmente vitales en lugares como Almansa: un marco excepcional que cuenta con recursos sobresalientes, por ejemplo, en materia de eventos (incluso de Inter\u00e9s Tur\u00edstico Internacional) como sus inminentes Fiestas Mayores o la recreaci\u00f3n hist\u00f3rica de la Batalla de Almansa; en patrimonio, tanto hist\u00f3rico como natural (con el Castillo y el Pantano como referentes); o en gastronom\u00eda, con \u2018Maralba\u2019 como baluarte de otros muchos establecimientos de enorme calidad y de los vinos que llevan con orgullo la Denominaci\u00f3n de Origen Almansa.<\/p>\n<p style=\"text-align: justify;\">El Plan de Sostenibilidad Tur\u00edstica de la localidad abarca m\u00faltiples actuaciones destinadas a la conservaci\u00f3n de su patrimonio y a la mejora de su entorno natural. De un lado, mejorar\u00e1 el entorno del Castillo de Almansa con acciones como el ajardinamiento de su ladera, la creaci\u00f3n del Centro de Interpretaci\u00f3n Arqueol\u00f3gica y la construcci\u00f3n de una grada abierta que permita la celebraci\u00f3n de distintos actos culturales. De otra parte, actuar\u00e1 en el impulso al Pantano de Almansa como recurso tur\u00edstico con la adecuaci\u00f3n de la Casa del Llavero como centro de recepci\u00f3n de visitantes y la creaci\u00f3n en todo el entorno de nuevas rutas se\u00f1alizadas con QR y VR.<\/p>\n<p style=\"text-align: justify;\">El convenio rubricado entre Caba\u00f1ero y Callado se suma a las distintas inversiones que la Diputaci\u00f3n de Albacete viene haciendo en Almansa y que, por ejemplo, super\u00f3 los 400.000 euros de apoyo firme a la localidad en \u00e1reas tan diversas como las infraestructuras, la cultura, el deporte y la asistencia social a colectivos cuyo d\u00eda a d\u00eda les hace especialmente vulnerables.<\/p>\n<p><!--publicidad-voz03--><a href=\"https:\/\/www.facebook.com\/profile.php?id=100063593791305&amp;locale=es_ES\"><img decoding=\"async\" class=\"alignnone size-medium\" src=\"https:\/\/blogger.googleusercontent.com\/img\/b\/R29vZ2xl\/AVvXsEi8_n_ll8UOcGxCqzFvb_9Io4ICczlGC990BPtPj2w9Px-u7B3oqWUW5vtjZUqPNJ-nyjiUIorE0ATsib_l5tV8BVN-UJ03RTnU__IHJF_4DgDBtY4LIqXNG-FomrO-7ywes20CBCRM2Hcm7EJSh3UUw1dO-c_uTflUrtgY1i7uBRezj_DpympmEFkfbQY\/s1600\/logo-principal2.jpg\" width=\"100%\" height=\"100\" \/><\/a><!--bestpublic-voz03--><!--desk-in-out-voz03--><br \/>\n<!--publicidad-voz04--><a href=\"https:\/\/www.facebook.com\/profile.php?id=61557370768692&amp;locale=es_ES\"><img decoding=\"async\" class=\"alignnone size-medium\" src=\"https:\/\/blogger.googleusercontent.com\/img\/b\/R29vZ2xl\/AVvXsEgy5RdcfffrnrItnYTcV9bCJjgJwldsQLWssfVfrLbyfXeBNTFKgBf0rMIvhrUaGUhiXzVr9_eQgCbi-j63ZDpfTvLIty9w7s140y-m1yHe7eKmEK7v2NAHUJDVYGdfeiQFeRCqUjdwWmN1MX_AUxxz4IVdJ4WIM0APxit8bjWkXzrnEFGqBvW_1F13H1g\/s1600\/logo-principal5.jpg\" width=\"100%\" height=\"100\" \/><\/a><!--bestpublic-voz04--><!--desk-in-out-voz04--><br \/>\n<!--publicidad-voz05--><a href=\"https:\/\/www.facebook.com\/asociaciontamborileroshellin?locale=es_ES\"><img decoding=\"async\" class=\"alignnone size-medium\" src=\"https:\/\/blogger.googleusercontent.com\/img\/b\/R29vZ2xl\/AVvXsEhHEEpZsKK1VpwiYMrS7aE2ujtqIDZoLd4B5wtbiseSU9s2HdTdQfhF84So2XwEB1fv0BLw95GADm6hUl1bkKtzh-eIgVigXONuu_5RxeIMPhjk8q6uNX4EaEHbooKkbu7pCADWPpVJjhKIH5NQSJpWqedC-YBez4QAQeJYokkLot9bhrIaUAeztsGis6M\/s1600\/logo-principal3.jpg\" width=\"100%\" height=\"100\" \/><\/a><!--bestpublic-voz05--><!--desk-in-out-voz05--><br \/>\n<!--publicidad-voz06--><!--bestpublic-voz06--><!--desk-in-out-voz06--><br \/>\n<!--publicidad-voz07--><!--bestpublic-voz07--><!--desk-in-out-voz07--><br \/>\n<!--publicidad-voz08--><!--bestpublic-voz08--><!--desk-in-out-voz08--><br \/>\n<!--publicidad-voz09--><!--bestpublic-voz09--><!--desk-in-out-voz09--><br \/>\n<!--publicidad-voz10--><!--bestpublic-voz10--><!--desk-in-out-voz10--><br \/>\n<!--publicidad-voz11--><!--bestpublic-voz11--><!--desk-in-out-voz11--><br \/>\n<!--publicidad-voz12--><!--bestpublic-voz12--><!--desk-in-out-voz12--><br \/>\n<!--publicidad-voz13--><!--bestpublic-voz13--><!--desk-in-out-voz13--><br \/>\n<!--publicidad-voz14--><!--bestpublic-voz14--><!--desk-in-out-voz14--><br \/>\n<!--publicidad-voz15--><!--bestpublic-voz15--><!--desk-in-out-voz15--><br \/>\n<!--publicidad-voz16--><!--bestpublic-voz16--><!--desk-in-out-voz16--><\/p>\n","protected":false},"excerpt":{"rendered":"<p>El presidente provincial, Santi Caba\u00f1ero, y la alcaldesa de Almansa, Pilar Callado, han firmado este martes el convenio de colaboraci\u00f3n por el que la Diputaci\u00f3n de Albacete aportar\u00e1 al Ayuntamiento&#8230;<\/p>\n","protected":false},"author":2,"featured_media":149819,"comment_status":"closed","ping_status":"closed","sticky":false,"template":"","format":"standard","meta":{"footnotes":""},"categories":[754,718,715,716,717],"tags":[],"class_list":["post-149818","post","type-post","status-publish","format-standard","has-post-thumbnail","hentry","category-blog-lv035","category-blogger","category-la-voz-de-hellin","category-la-voz-de-hellin-la-voz-de-hellin","category-noticias"],"_links":{"self":[{"href":"https:\/\/lavozdehellin.com\/noticias\/wp-json\/wp\/v2\/posts\/149818","targetHints":{"allow":["GET"]}}],"collection":[{"href":"https:\/\/lavozdehellin.com\/noticias\/wp-json\/wp\/v2\/posts"}],"about":[{"href":"https:\/\/lavozdehellin.com\/noticias\/wp-json\/wp\/v2\/types\/post"}],"author":[{"embeddable":true,"href":"https:\/\/lavozdehellin.com\/noticias\/wp-json\/wp\/v2\/users\/2"}],"replies":[{"embeddable":true,"href":"https:\/\/lavozdehellin.com\/noticias\/wp-json\/wp\/v2\/comments?post=149818"}],"version-history":[{"count":0,"href":"https:\/\/lavozdehellin.com\/noticias\/wp-json\/wp\/v2\/posts\/149818\/revisions"}],"wp:featuredmedia":[{"embeddable":true,"href":"https:\/\/lavozdehellin.com\/noticias\/wp-json\/wp\/v2\/media\/149819"}],"wp:attachment":[{"href":"https:\/\/lavozdehellin.com\/noticias\/wp-json\/wp\/v2\/media?parent=149818"}],"wp:term":[{"taxonomy":"category","embeddable":true,"href":"https:\/\/lavozdehellin.com\/noticias\/wp-json\/wp\/v2\/categories?post=149818"},{"taxonomy":"post_tag","embeddable":true,"href":"https:\/\/lavozdehellin.com\/noticias\/wp-json\/wp\/v2\/tags?post=149818"}],"curies":[{"name":"wp","href":"https:\/\/api.w.org\/{rel}","templated":true}]}}