{"id":149821,"date":"2024-04-16T08:59:13","date_gmt":"2024-04-16T06:59:13","guid":{"rendered":"https:\/\/lavozdehellin.com\/noticias\/?p=149821"},"modified":"2024-04-16T18:08:38","modified_gmt":"2024-04-16T16:08:38","slug":"v08-501-el-alcalde-inaugura-el-nuevo-espacio-del-centro-de-mayores-de-agramon","status":"publish","type":"post","link":"https:\/\/lavozdehellin.com\/noticias\/v08-501-el-alcalde-inaugura-el-nuevo-espacio-del-centro-de-mayores-de-agramon\/","title":{"rendered":"LVH NOTICIAS | EL ALCALDE INAUGURA EL NUEVO ESPACIO DEL CENTRO DE MAYORES DE AGRAM\u00d3N"},"content":{"rendered":"<p style=\"text-align: justify;\">Nota de prensa.<\/p>\n<p><!--more--><br \/>\n<!--publicidad-voz01--><a href=\"https:\/\/www.facebook.com\/SoloRadioHellin\/?locale=es_ES\"><img decoding=\"async\" class=\"alignnone size-medium\" src=\"https:\/\/blogger.googleusercontent.com\/img\/b\/R29vZ2xl\/AVvXsEiNncirNnyGedv00mhjZjh5Wl4_YPdJGanoAl8tL8zH-HwqE8uHqjEfSt340RHdx-9tuCSIkZ8rFamZiGyYlgDGxCsmXjCH_1xk5eYM3ntFZRvJP_jndOKR7w1UAo9Tu0vrZyOLfqRpHIxYI5SymJJ-pfGCQw6QVpggBH-UgfjiFQ2JOxqxG0Jx94kW83c\/s1600\/logo-principal.jpg\" width=\"100%\" height=\"100\" \/><\/a><!--bestpublic-voz01--><!--desk-in-out-voz01--><br \/>\n<!--publicidad-voz02--><a href=\"https:\/\/www.hellincf.com\/\"><img decoding=\"async\" class=\"alignnone size-medium\" src=\"https:\/\/blogger.googleusercontent.com\/img\/b\/R29vZ2xl\/AVvXsEhuZ4-XfBVj3UtdP8-RZugy3WVrg-Zv28c53m4oV47qYCxL1rX_dqWX_YddsGSnpH5SRDqZ7bZeKPIfDVCDncpjVlhy3aQs2vojcJBn7Gdv9hC2_Nzct_pRFrnFE1a7KTCdY1bT_kAgnY3-iadRZrGeJf1fR2P5fu11bokx0pWjaypoy-ctwCjklldpEbA\/s1600\/logo-principal7.jpg\" width=\"100%\" height=\"100\" \/><\/a><!--bestpublic-voz02--><!--desk-in-out-voz02--><\/p>\n<p style=\"text-align: justify;\">El alcalde inaugura el nuevo espacio del Centro de Mayores de Agram\u00f3n.<\/p>\n<p style=\"text-align: justify;\">El alcalde, Manuel Serena, y la concejal de Mayores, Miriam Maestre, han asistido al acto de apertura de este nuevo espacio que da respuesta a una reivindicaci\u00f3n hist\u00f3rica de los vecinos de la pedan\u00eda.<\/p>\n<p style=\"text-align: justify;\">El nuevo espacio para el Centro de Mayores de Agram\u00f3n es ya una realidad. El alcalde Manuel Serena ha inaugurado esta nueva ubicaci\u00f3n que da respuesta a una reivindicaci\u00f3n y, sobre todo, necesidad de los vecinos que utilizan esta instalaci\u00f3n. A la inauguraci\u00f3n han asistido tambi\u00e9n la concejal delegada de Mayores, Miriam Mestre, el presidente de la Federaci\u00f3n Territorial de Castilla-La Mancha UDP, Ram\u00f3n Munera, y el presidente de la Asociaci\u00f3n de Pensionistas UDP \u201cSan Joaqu\u00edn\u201d de la pedan\u00eda, Francisco Mart\u00ednez.<\/p>\n<p style=\"text-align: justify;\">El presidente de la asociaci\u00f3n de Agram\u00f3n, Francisco Mart\u00ednez, durante su discurso en la inauguraci\u00f3n, traslad\u00f3 la alegr\u00eda que todos estaban experimentando con esta mejora para, en palabras suyas, \u00abpoder hacer frente a la soledad a trav\u00e9s de la compa\u00f1\u00eda que nos hacemos todos juntos en nuestra segunda casa, el centro de mayores\u00bb.<\/p>\n<p style=\"text-align: justify;\">Por su parte, el presidente de la Federaci\u00f3n regional de la Uni\u00f3n Democr\u00e1tica de Pensionistas, Ram\u00f3n Munera, agradeci\u00f3 al alcalde de Hell\u00edn su compromiso con los mayores y le invit\u00f3 a \u201cseguir trabajando por nosotros\u201d. Munera, concluy\u00f3 su discurso felicitando a los agramoneros presentes \u201cpor mantener viva la asociaci\u00f3n durante tantos a\u00f1os\u201d.<\/p>\n<p style=\"text-align: justify;\">Manuel Serena hizo alusiones sobre que \u201cdesde que llegamos al Gobierno Municipal, ten\u00edamos claro que la creaci\u00f3n de la concejal\u00eda de Mayores era necesaria y desde el primer d\u00eda nos hemos reunido con las asociaciones de pensionistas y jubilados de las pedan\u00edas que cuentan con centros de mayores, y hemos escuchado sus necesidades y sugerencias\u201d<\/p>\n<p style=\"text-align: justify;\">\u201cEn Agram\u00f3n, una de las necesidades que ten\u00edan y que nos contaron los mayores, era disponer de un lugar con condiciones \u00f3ptimas, ya que el anterior centro de mayores requer\u00eda diversas obras para cumplir con ello\u201d explicaba el alcalde de Hell\u00edn.<\/p>\n<p><!--publicidad-voz03--><a href=\"https:\/\/www.facebook.com\/profile.php?id=100063593791305&amp;locale=es_ES\"><img decoding=\"async\" class=\"alignnone size-medium\" src=\"https:\/\/blogger.googleusercontent.com\/img\/b\/R29vZ2xl\/AVvXsEi8_n_ll8UOcGxCqzFvb_9Io4ICczlGC990BPtPj2w9Px-u7B3oqWUW5vtjZUqPNJ-nyjiUIorE0ATsib_l5tV8BVN-UJ03RTnU__IHJF_4DgDBtY4LIqXNG-FomrO-7ywes20CBCRM2Hcm7EJSh3UUw1dO-c_uTflUrtgY1i7uBRezj_DpympmEFkfbQY\/s1600\/logo-principal2.jpg\" width=\"100%\" height=\"100\" \/><\/a><!--bestpublic-voz03--><!--desk-in-out-voz03--><br \/>\n<!--publicidad-voz04--><a href=\"https:\/\/www.facebook.com\/profile.php?id=61557370768692&amp;locale=es_ES\"><img decoding=\"async\" class=\"alignnone size-medium\" src=\"https:\/\/blogger.googleusercontent.com\/img\/b\/R29vZ2xl\/AVvXsEgy5RdcfffrnrItnYTcV9bCJjgJwldsQLWssfVfrLbyfXeBNTFKgBf0rMIvhrUaGUhiXzVr9_eQgCbi-j63ZDpfTvLIty9w7s140y-m1yHe7eKmEK7v2NAHUJDVYGdfeiQFeRCqUjdwWmN1MX_AUxxz4IVdJ4WIM0APxit8bjWkXzrnEFGqBvW_1F13H1g\/s1600\/logo-principal5.jpg\" width=\"100%\" height=\"100\" \/><\/a><!--bestpublic-voz04--><!--desk-in-out-voz04--><br \/>\n<!--publicidad-voz05--><a href=\"https:\/\/www.facebook.com\/asociaciontamborileroshellin?locale=es_ES\"><img decoding=\"async\" class=\"alignnone size-medium\" src=\"https:\/\/blogger.googleusercontent.com\/img\/b\/R29vZ2xl\/AVvXsEhHEEpZsKK1VpwiYMrS7aE2ujtqIDZoLd4B5wtbiseSU9s2HdTdQfhF84So2XwEB1fv0BLw95GADm6hUl1bkKtzh-eIgVigXONuu_5RxeIMPhjk8q6uNX4EaEHbooKkbu7pCADWPpVJjhKIH5NQSJpWqedC-YBez4QAQeJYokkLot9bhrIaUAeztsGis6M\/s1600\/logo-principal3.jpg\" width=\"100%\" height=\"100\" \/><\/a><!--bestpublic-voz05--><!--desk-in-out-voz05--><br \/>\n<!--publicidad-voz06--><!--bestpublic-voz06--><!--desk-in-out-voz06--><br \/>\n<!--publicidad-voz07--><!--bestpublic-voz07--><!--desk-in-out-voz07--><br \/>\n<!--publicidad-voz08--><!--bestpublic-voz08--><!--desk-in-out-voz08--><br \/>\n<!--publicidad-voz09--><!--bestpublic-voz09--><!--desk-in-out-voz09--><br \/>\n<!--publicidad-voz10--><!--bestpublic-voz10--><!--desk-in-out-voz10--><br \/>\n<!--publicidad-voz11--><!--bestpublic-voz11--><!--desk-in-out-voz11--><br \/>\n<!--publicidad-voz12--><!--bestpublic-voz12--><!--desk-in-out-voz12--><br \/>\n<!--publicidad-voz13--><!--bestpublic-voz13--><!--desk-in-out-voz13--><br \/>\n<!--publicidad-voz14--><!--bestpublic-voz14--><!--desk-in-out-voz14--><br \/>\n<!--publicidad-voz15--><!--bestpublic-voz15--><!--desk-in-out-voz15--><br \/>\n<!--publicidad-voz16--><!--bestpublic-voz16--><!--desk-in-out-voz16--><\/p>\n","protected":false},"excerpt":{"rendered":"<p>Nota de prensa.<\/p>\n","protected":false},"author":2,"featured_media":149822,"comment_status":"closed","ping_status":"closed","sticky":false,"template":"","format":"standard","meta":{"footnotes":""},"categories":[754,718,715,716,717],"tags":[],"class_list":["post-149821","post","type-post","status-publish","format-standard","has-post-thumbnail","hentry","category-blog-lv035","category-blogger","category-la-voz-de-hellin","category-la-voz-de-hellin-la-voz-de-hellin","category-noticias"],"_links":{"self":[{"href":"https:\/\/lavozdehellin.com\/noticias\/wp-json\/wp\/v2\/posts\/149821","targetHints":{"allow":["GET"]}}],"collection":[{"href":"https:\/\/lavozdehellin.com\/noticias\/wp-json\/wp\/v2\/posts"}],"about":[{"href":"https:\/\/lavozdehellin.com\/noticias\/wp-json\/wp\/v2\/types\/post"}],"author":[{"embeddable":true,"href":"https:\/\/lavozdehellin.com\/noticias\/wp-json\/wp\/v2\/users\/2"}],"replies":[{"embeddable":true,"href":"https:\/\/lavozdehellin.com\/noticias\/wp-json\/wp\/v2\/comments?post=149821"}],"version-history":[{"count":0,"href":"https:\/\/lavozdehellin.com\/noticias\/wp-json\/wp\/v2\/posts\/149821\/revisions"}],"wp:featuredmedia":[{"embeddable":true,"href":"https:\/\/lavozdehellin.com\/noticias\/wp-json\/wp\/v2\/media\/149822"}],"wp:attachment":[{"href":"https:\/\/lavozdehellin.com\/noticias\/wp-json\/wp\/v2\/media?parent=149821"}],"wp:term":[{"taxonomy":"category","embeddable":true,"href":"https:\/\/lavozdehellin.com\/noticias\/wp-json\/wp\/v2\/categories?post=149821"},{"taxonomy":"post_tag","embeddable":true,"href":"https:\/\/lavozdehellin.com\/noticias\/wp-json\/wp\/v2\/tags?post=149821"}],"curies":[{"name":"wp","href":"https:\/\/api.w.org\/{rel}","templated":true}]}}