{"id":149840,"date":"2024-04-17T11:40:36","date_gmt":"2024-04-17T09:40:36","guid":{"rendered":"https:\/\/lavozdehellin.com\/noticias\/?p=149840"},"modified":"2024-04-18T19:37:55","modified_gmt":"2024-04-18T17:37:55","slug":"v08-506-la-diputacion-de-albacete-pone-240-000-euros-a-disposicion-de-los-ayuntamientos-para-seguir-avanzando-en-la-creacion-de-areas-de-autocaravanas-y-reforzar-la-gestion-turistica-municipal","status":"publish","type":"post","link":"https:\/\/lavozdehellin.com\/noticias\/v08-506-la-diputacion-de-albacete-pone-240-000-euros-a-disposicion-de-los-ayuntamientos-para-seguir-avanzando-en-la-creacion-de-areas-de-autocaravanas-y-reforzar-la-gestion-turistica-municipal\/","title":{"rendered":"LVH NOTICIAS | LA DIPUTACI\u00d3N DE ALBACETE PONE 240.000 EUROS A DISPOSICI\u00d3N DE LOS AYUNTAMIENTOS PARA SEGUIR AVANZANDO EN LA CREACI\u00d3N DE \u00c1REAS DE AUTOCARAVANAS Y REFORZAR LA GESTI\u00d3N TUR\u00cdSTICA MUNICIPAL"},"content":{"rendered":"<p style=\"text-align: justify;\">En un esfuerzo continuo por fortalecer el turismo y combatir la despoblaci\u00f3n rural, la Diputaci\u00f3n de Albacete, a trav\u00e9s del \u00e1rea de Desarrollo Rural coordinada por la diputada de Turismo, Raquel Ruiz, ha anunciado la publicaci\u00f3n este mi\u00e9rcoles en el Bolet\u00edn Oficial de la Provincia la apertura de dos nuevas Convocatorias de Ayudas para los ayuntamientos.<\/p>\n<p><!--more--><br \/>\n<!--publicidad-voz01--><a href=\"https:\/\/www.facebook.com\/SoloRadioHellin\/?locale=es_ES\"><img decoding=\"async\" class=\"alignnone size-medium\" src=\"https:\/\/blogger.googleusercontent.com\/img\/b\/R29vZ2xl\/AVvXsEiNncirNnyGedv00mhjZjh5Wl4_YPdJGanoAl8tL8zH-HwqE8uHqjEfSt340RHdx-9tuCSIkZ8rFamZiGyYlgDGxCsmXjCH_1xk5eYM3ntFZRvJP_jndOKR7w1UAo9Tu0vrZyOLfqRpHIxYI5SymJJ-pfGCQw6QVpggBH-UgfjiFQ2JOxqxG0Jx94kW83c\/s1600\/logo-principal.jpg\" width=\"100%\" height=\"100\" \/><\/a><!--bestpublic-voz01--><!--desk-in-out-voz01--><br \/>\n<!--publicidad-voz02--><a href=\"https:\/\/www.hellincf.com\/\"><img decoding=\"async\" class=\"alignnone size-medium\" src=\"https:\/\/blogger.googleusercontent.com\/img\/b\/R29vZ2xl\/AVvXsEhuZ4-XfBVj3UtdP8-RZugy3WVrg-Zv28c53m4oV47qYCxL1rX_dqWX_YddsGSnpH5SRDqZ7bZeKPIfDVCDncpjVlhy3aQs2vojcJBn7Gdv9hC2_Nzct_pRFrnFE1a7KTCdY1bT_kAgnY3-iadRZrGeJf1fR2P5fu11bokx0pWjaypoy-ctwCjklldpEbA\/s1600\/logo-principal7.jpg\" width=\"100%\" height=\"100\" \/><\/a><!--bestpublic-voz02--><!--desk-in-out-voz02--><\/p>\n<p style=\"text-align: justify;\">Ambas se abren este 18 de abril y estar\u00e1n disponibles hasta el 17 de mayo, buscando reforzar y mejorar los servicios tur\u00edsticos en la regi\u00f3n.<\/p>\n<p style=\"text-align: justify;\">La primera, dotada con 150.000 euros, est\u00e1 destinada a la creaci\u00f3n o mejora de \u00e1reas de servicio para autocaravanas. Con esta l\u00ednea, el Gobierno de Santi Caba\u00f1ero se propone seguir ayudando a las Entidades locales a desarrollar o potenciar infraestructuras con las que dar respuesta a la demanda de un tipo de turismo que ha visto un crecimiento del 90% en reservas e ingresos en 2023, seg\u00fan la plataforma CamperDays.<\/p>\n<p style=\"text-align: justify;\">En la actualidad, 35 localidades de la provincia de Albacete cuentan con una de estas \u00e1reas, de las que 30 se han puesto en marcha o mejorado de la mano de estas ayudas que la Diputaci\u00f3n impuls\u00f3 por primera vez con dotaci\u00f3n propia en 2022. Es el caso de Alcaraz, Elche de la Sierra, Ri\u00f3par, Villalgordo del J\u00facar, Yeste, Alborea, Alcadozo, Alpera, Bienservida, Bonete, Carcel\u00e9n, Caudete, F\u00e9rez, Li\u00e9tor, Mahora, Molinicos, Nerpio, Ontur, Paterna del Madera, Pe\u00f1ascosa, Pozo Ca\u00f1ada, Robledo, San Pedro, Valdeganga, Villaverde de Guadalimar, Fuente-\u00c1lamo, Montealegre del Castillo, Munera, Villarrobledo o Viveros. Como ha apuntado Ruiz, \u201calgunas de ellas, se han convertido en zonas de referencia para turistas de autocaravanas y campers\u201d.<\/p>\n<p style=\"text-align: justify;\">Nuevo impulso al refuerzo del sistema de gesti\u00f3n tur\u00edstica en la provincia<\/p>\n<p style=\"text-align: justify;\">La segunda Convocatoria, con un presupuesto de 90.000 euros, se destina a reforzar el Sistema de Gesti\u00f3n Tur\u00edstica de la provincia. Se trata de una iniciativa dise\u00f1ada para financiar la contrataci\u00f3n de personal y la organizaci\u00f3n de actividades que promuevan el turismo local (desde la observaci\u00f3n de estrellas a la ornitolog\u00eda, pasando por la arqueolog\u00eda, entre otras). En 2023, esta l\u00ednea alcanz\u00f3 a 21 ayuntamientos y facilit\u00f3 el desarrollo de proyectos que fortalecieron los servicios tur\u00edsticos en sus zonas.<\/p>\n<p style=\"text-align: justify;\">Se trata de las localidades Alcaraz, Alpera, Bienservida, Bogarra, El Bonillo, Carcel\u00e9n, Caudete, Elche de la Sierra, F\u00e9rez, Hell\u00edn, Higueruela, Molinicos, Munera, Nerpio, Ontur, Ossa de Montiel, P\u00e9trola, Ri\u00f3par, Villarrobledo, Viveros y Yeste, que impulsaron iniciativas que fueron desde la dinamizaci\u00f3n tur\u00edstica (a trav\u00e9s de Oficinas Municipales o de la apertura de puntos de informaci\u00f3n tur\u00edstica), a visitas guiadas, contrataci\u00f3n de auxiliares de turismo o de empresas de difusi\u00f3n del sector, refuerzo de horarios y servicios, o promocionales audiovisual o en redes sociales.<\/p>\n<p style=\"text-align: justify;\">Ambas ayudas subvencionar\u00e1n hasta el 80% del coste total de los proyectos, con una cuant\u00eda m\u00e1xima de 3.000 euros. Los ayuntamientos interesados deben presentar sus proyectos a trav\u00e9s de la sede electr\u00f3nica de la Diputaci\u00f3n de Albacete (en el apartado \u2018Subvenciones), asegur\u00e1ndose de que los mismos incluyan todos los requisitos t\u00e9cnicos y descriptivos necesarios.<\/p>\n<p style=\"text-align: justify;\">En su intervenci\u00f3n, Raquel Ruiz ha subrayado la importancia de estas iniciativas: \u201cSeguimos trabajando firmemente en promover el turismo como eje central para el desarrollo y la vitalidad de nuestros pueblos y ciudades. Estas Convocatorias no s\u00f3lo buscan mejorar la oferta tur\u00edstica, sino tambi\u00e9n crear oportunidades econ\u00f3micas que beneficien a toda la provincia\u201d.<\/p>\n<p style=\"text-align: justify;\">Adem\u00e1s, la diputada ha recordado hitos en los que ha sido clave el trabajo impulsado desde la Diputaci\u00f3n de Albacete. Por ejemplo, en 2024, la de Albacete se ha convertido en la primera provincia con todas sus comarcas certificadas como \u2018Destino Tur\u00edstico Starlight\u2019, reflejando el compromiso del Gobierno de Caba\u00f1ero por un turismo sostenible y de calidad.<\/p>\n<p style=\"text-align: justify;\">Estas medidas son parte de un esfuerzo m\u00e1s amplio que incluye la inversi\u00f3n este a\u00f1o de m\u00e1s de 4 millones de euros a cuestiones ligadas, directa o indirectamente, al sector tur\u00edstico destacando su importancia en la estrategia de desarrollo rural impulsada por la instituci\u00f3n provincial.<\/p>\n<p><!--publicidad-voz03--><a href=\"https:\/\/www.facebook.com\/profile.php?id=100063593791305&amp;locale=es_ES\"><img decoding=\"async\" class=\"alignnone size-medium\" src=\"https:\/\/blogger.googleusercontent.com\/img\/b\/R29vZ2xl\/AVvXsEi8_n_ll8UOcGxCqzFvb_9Io4ICczlGC990BPtPj2w9Px-u7B3oqWUW5vtjZUqPNJ-nyjiUIorE0ATsib_l5tV8BVN-UJ03RTnU__IHJF_4DgDBtY4LIqXNG-FomrO-7ywes20CBCRM2Hcm7EJSh3UUw1dO-c_uTflUrtgY1i7uBRezj_DpympmEFkfbQY\/s1600\/logo-principal2.jpg\" width=\"100%\" height=\"100\" \/><\/a><!--bestpublic-voz03--><!--desk-in-out-voz03--><br \/>\n<!--publicidad-voz04--><a href=\"https:\/\/www.facebook.com\/profile.php?id=61557370768692&amp;locale=es_ES\"><img decoding=\"async\" class=\"alignnone size-medium\" src=\"https:\/\/blogger.googleusercontent.com\/img\/b\/R29vZ2xl\/AVvXsEgy5RdcfffrnrItnYTcV9bCJjgJwldsQLWssfVfrLbyfXeBNTFKgBf0rMIvhrUaGUhiXzVr9_eQgCbi-j63ZDpfTvLIty9w7s140y-m1yHe7eKmEK7v2NAHUJDVYGdfeiQFeRCqUjdwWmN1MX_AUxxz4IVdJ4WIM0APxit8bjWkXzrnEFGqBvW_1F13H1g\/s1600\/logo-principal5.jpg\" width=\"100%\" height=\"100\" \/><\/a><!--bestpublic-voz04--><!--desk-in-out-voz04--><br \/>\n<!--publicidad-voz05--><a href=\"https:\/\/www.facebook.com\/asociaciontamborileroshellin?locale=es_ES\"><img decoding=\"async\" class=\"alignnone size-medium\" src=\"https:\/\/blogger.googleusercontent.com\/img\/b\/R29vZ2xl\/AVvXsEhHEEpZsKK1VpwiYMrS7aE2ujtqIDZoLd4B5wtbiseSU9s2HdTdQfhF84So2XwEB1fv0BLw95GADm6hUl1bkKtzh-eIgVigXONuu_5RxeIMPhjk8q6uNX4EaEHbooKkbu7pCADWPpVJjhKIH5NQSJpWqedC-YBez4QAQeJYokkLot9bhrIaUAeztsGis6M\/s1600\/logo-principal3.jpg\" width=\"100%\" height=\"100\" \/><\/a><!--bestpublic-voz05--><!--desk-in-out-voz05--><br \/>\n<!--publicidad-voz06--><!--bestpublic-voz06--><!--desk-in-out-voz06--><br \/>\n<!--publicidad-voz07--><!--bestpublic-voz07--><!--desk-in-out-voz07--><br \/>\n<!--publicidad-voz08--><!--bestpublic-voz08--><!--desk-in-out-voz08--><br \/>\n<!--publicidad-voz09--><!--bestpublic-voz09--><!--desk-in-out-voz09--><br \/>\n<!--publicidad-voz10--><!--bestpublic-voz10--><!--desk-in-out-voz10--><br \/>\n<!--publicidad-voz11--><!--bestpublic-voz11--><!--desk-in-out-voz11--><br \/>\n<!--publicidad-voz12--><!--bestpublic-voz12--><!--desk-in-out-voz12--><br \/>\n<!--publicidad-voz13--><!--bestpublic-voz13--><!--desk-in-out-voz13--><br \/>\n<!--publicidad-voz14--><!--bestpublic-voz14--><!--desk-in-out-voz14--><br \/>\n<!--publicidad-voz15--><!--bestpublic-voz15--><!--desk-in-out-voz15--><br \/>\n<!--publicidad-voz16--><!--bestpublic-voz16--><!--desk-in-out-voz16--><\/p>\n","protected":false},"excerpt":{"rendered":"<p>En un esfuerzo continuo por fortalecer el turismo y combatir la despoblaci\u00f3n rural, la Diputaci\u00f3n de Albacete, a trav\u00e9s del \u00e1rea de Desarrollo Rural coordinada por la diputada de Turismo,&#8230;<\/p>\n","protected":false},"author":2,"featured_media":149841,"comment_status":"closed","ping_status":"closed","sticky":false,"template":"","format":"standard","meta":{"footnotes":""},"categories":[754,718,715,716,717],"tags":[],"class_list":["post-149840","post","type-post","status-publish","format-standard","has-post-thumbnail","hentry","category-blog-lv035","category-blogger","category-la-voz-de-hellin","category-la-voz-de-hellin-la-voz-de-hellin","category-noticias"],"_links":{"self":[{"href":"https:\/\/lavozdehellin.com\/noticias\/wp-json\/wp\/v2\/posts\/149840","targetHints":{"allow":["GET"]}}],"collection":[{"href":"https:\/\/lavozdehellin.com\/noticias\/wp-json\/wp\/v2\/posts"}],"about":[{"href":"https:\/\/lavozdehellin.com\/noticias\/wp-json\/wp\/v2\/types\/post"}],"author":[{"embeddable":true,"href":"https:\/\/lavozdehellin.com\/noticias\/wp-json\/wp\/v2\/users\/2"}],"replies":[{"embeddable":true,"href":"https:\/\/lavozdehellin.com\/noticias\/wp-json\/wp\/v2\/comments?post=149840"}],"version-history":[{"count":0,"href":"https:\/\/lavozdehellin.com\/noticias\/wp-json\/wp\/v2\/posts\/149840\/revisions"}],"wp:featuredmedia":[{"embeddable":true,"href":"https:\/\/lavozdehellin.com\/noticias\/wp-json\/wp\/v2\/media\/149841"}],"wp:attachment":[{"href":"https:\/\/lavozdehellin.com\/noticias\/wp-json\/wp\/v2\/media?parent=149840"}],"wp:term":[{"taxonomy":"category","embeddable":true,"href":"https:\/\/lavozdehellin.com\/noticias\/wp-json\/wp\/v2\/categories?post=149840"},{"taxonomy":"post_tag","embeddable":true,"href":"https:\/\/lavozdehellin.com\/noticias\/wp-json\/wp\/v2\/tags?post=149840"}],"curies":[{"name":"wp","href":"https:\/\/api.w.org\/{rel}","templated":true}]}}