{"id":149843,"date":"2024-04-17T13:50:44","date_gmt":"2024-04-17T11:50:44","guid":{"rendered":"https:\/\/lavozdehellin.com\/noticias\/?p=149843"},"modified":"2024-04-18T19:37:55","modified_gmt":"2024-04-18T17:37:55","slug":"v08-507-la-fiesta-del-libro-en-albacete-crece-este-2024-con-medio-centenar-de-actividades-y-cuatro-dias-de-celebracion-del-20-al-23-de-abril","status":"publish","type":"post","link":"https:\/\/lavozdehellin.com\/noticias\/v08-507-la-fiesta-del-libro-en-albacete-crece-este-2024-con-medio-centenar-de-actividades-y-cuatro-dias-de-celebracion-del-20-al-23-de-abril\/","title":{"rendered":"LVH NOTICIAS | \u2018LA FIESTA DEL LIBRO\u2019 EN ALBACETE \u2018CRECE\u2019 ESTE 2024 CON MEDIO CENTENAR DE ACTIVIDADES Y CUATRO D\u00cdAS DE CELEBRACI\u00d3N, DEL 20 AL 23 DE ABRIL"},"content":{"rendered":"<p style=\"text-align: justify;\">La Diputaci\u00f3n ha acogido la presentaci\u00f3n de la programaci\u00f3n de actividades organizadas en Albacete en torno al D\u00eda Internacional del Libro (23 de abril) de la mano de la propia instituci\u00f3n provincial, del Gobierno regional y del Ayuntamiento de la capital, sumando el apoyo de Globalcaja y de la Asociaci\u00f3n de Librer\u00edas de la ciudad.<\/p>\n<p><!--more--><br \/>\n<!--publicidad-voz01--><a href=\"https:\/\/www.facebook.com\/SoloRadioHellin\/?locale=es_ES\"><img decoding=\"async\" class=\"alignnone size-medium\" src=\"https:\/\/blogger.googleusercontent.com\/img\/b\/R29vZ2xl\/AVvXsEiNncirNnyGedv00mhjZjh5Wl4_YPdJGanoAl8tL8zH-HwqE8uHqjEfSt340RHdx-9tuCSIkZ8rFamZiGyYlgDGxCsmXjCH_1xk5eYM3ntFZRvJP_jndOKR7w1UAo9Tu0vrZyOLfqRpHIxYI5SymJJ-pfGCQw6QVpggBH-UgfjiFQ2JOxqxG0Jx94kW83c\/s1600\/logo-principal.jpg\" width=\"100%\" height=\"100\" \/><\/a><!--bestpublic-voz01--><!--desk-in-out-voz01--><br \/>\n<!--publicidad-voz02--><a href=\"https:\/\/www.hellincf.com\/\"><img decoding=\"async\" class=\"alignnone size-medium\" src=\"https:\/\/blogger.googleusercontent.com\/img\/b\/R29vZ2xl\/AVvXsEhuZ4-XfBVj3UtdP8-RZugy3WVrg-Zv28c53m4oV47qYCxL1rX_dqWX_YddsGSnpH5SRDqZ7bZeKPIfDVCDncpjVlhy3aQs2vojcJBn7Gdv9hC2_Nzct_pRFrnFE1a7KTCdY1bT_kAgnY3-iadRZrGeJf1fR2P5fu11bokx0pWjaypoy-ctwCjklldpEbA\/s1600\/logo-principal7.jpg\" width=\"100%\" height=\"100\" \/><\/a><!--bestpublic-voz02--><!--desk-in-out-voz02--><\/p>\n<p style=\"text-align: justify;\">Una \u2018Fiesta del Libro\u2019 que en su 16\u00aa edici\u00f3n crece en el n\u00famero de d\u00edas y de actividades, celebr\u00e1ndose oficialmente entre el 20 y 23 de abril con cerca de medio centenar de propuestas culturales, que se desarrollar\u00e1n mayoritariamente en la Plaza del Altozano y en sus aleda\u00f1os.<\/p>\n<p style=\"text-align: justify;\">As\u00ed lo ha anunciado el diputado provincial de Cultura, Miguel Zamora, que ha destacado su crecimiento imparable tras la pandemia, lo que este a\u00f1o se ve reflejado tanto en el n\u00famero de actividades como en el de d\u00edas (uno m\u00e1s que en 2023), \u201cconvirti\u00e9ndose en una verdadera Feria\u201d, incluyendo por primavera vez la instalaci\u00f3n de casetas cerradas donde tendr\u00e1n presencia tanto instituciones como los libreros y libreras y otras entidades colaboradoras.<\/p>\n<p style=\"text-align: justify;\">Zamora califica de \u201c\u00e9xito\u201d la unidad de acci\u00f3n en torno a la \u2018Fiesta del Libro\u2019<\/p>\n<p style=\"text-align: justify;\">Junto al delegado provincial de Educaci\u00f3n, Cultura y Deporte, Diego P\u00e9rez; al concejal de Educaci\u00f3n en el Ayuntamiento de la capital (y diputado provincial del Grupo Popular), Pascual Molina; al presidente de la Asociaci\u00f3n de Librer\u00edas de Albacete, Jos\u00e9 Herreros; y la responsable de Comunicaci\u00f3n, Marca y Patrocinio de Globalcaja, Luc\u00eda Mallol, Miguel Zamora ha destacado que por segundo a\u00f1o consecutivo se ha elaborado una programaci\u00f3n conjunta apuntando que esta unidad de acci\u00f3n \u201ces un \u00e9xito\u201d que permite ofrecer una mejor oferta en torno a esta efem\u00e9ride.<\/p>\n<p style=\"text-align: justify;\">En este sentido, ha agradecido la colaboraci\u00f3n al resto de entidades que suman en esta celebraci\u00f3n, en alusi\u00f3n a las bibliotecas y a sus profesionales (la Red de Bibliotecas de Castilla la Mancha, la Biblioteca P\u00fablica del Estado en Albacete, Red de Bibliotecas Municipales, Red de Bibliotecas Escolares), a los libreros y libreras, escritores, escritoras, artistas, centros educativos, radios locales y diferentes colectivos y entidades.<\/p>\n<p style=\"text-align: justify;\">Un esfuerzo conjunto que ha hecho posible, tal y como ha apuntado del diputado provincial, una propuesta de actividades sin precedentes, marcada por la calidad, la originalidad, la variedad y la transversalidad con la que se pretende acercar esta \u2018Fiesta\u2019 y, con ella, los libros, al conjunto de la sociedad albacetense \u201csac\u00e1ndolos a la calle y a los espacios de esta bella ciudad de Albacete\u201d.<\/p>\n<p style=\"text-align: justify;\">Adem\u00e1s, Zamora ha recordado que junto a la programaci\u00f3n oficial, desde la Red de Bibliotecas Municipales y desde la Biblioteca P\u00fablica del Estado se han organizado actividades que ya han comenzado y que se prolongar\u00e1n tras el d\u00eda 23 de abril, y ha destacado el papel de la Comisi\u00f3n T\u00e9cnica, a la que ha felicitado, comentando que esta \u2018Fiesta del Libro\u2019 ser\u00e1 transversal, inmersiva y abierta a toda la ciudad y a toda la provincia.<\/p>\n<p style=\"text-align: justify;\">Asimismo, ha dejado claro el compromiso de la Diputaci\u00f3n de Albacete en esta materia, en la que trabaja durante todo el a\u00f1o con un programa espec\u00edfico de promoci\u00f3n de la lectura, que incluye, por ejemplo, el 3\u00ba Marat\u00f3n de Narraci\u00f3n Oral, que se extender\u00e1 hasta finales de mes, con dos actuaciones todav\u00eda a realizar en el Sal\u00f3n de Actos de la Diputaci\u00f3n: el viernes 19 de abril con Virginia Imaz y el 27, tambi\u00e9n de abril, con Alicia Bulul\u00fa.<\/p>\n<p style=\"text-align: justify;\">Desde la JCCM y el Ayuntamiento de Albacete destacan el papel de las bibliotecas<\/p>\n<p style=\"text-align: justify;\">El diputado provincial ha concluido apuntando que esta \u2018Fiesta del Libro\u2019 \u201ces la joya de la corona\u201d del calendario cultural. Una cuesti\u00f3n en la que han coincidido el delegado provincial y el concejal albacete\u00f1o, que tambi\u00e9n han mostrado su satisfacci\u00f3n por la acci\u00f3n conjunta. El primero, Diego P\u00e9rez, tambi\u00e9n ha aprovechado la ocasi\u00f3n para felicitar a los t\u00e9cnicos y t\u00e9cnicas de las tres administraciones, y ha apuntado que el objetivo es acercar los libros y lectura a los y las albacetenses de forma festiva.<\/p>\n<p style=\"text-align: justify;\">Adem\u00e1s, ha destacado la labor de las bibliotecas p\u00fablicas de la provincia y el papel de sus profesionales como \u201cagentes de dinamizaci\u00f3n claves para la promoci\u00f3n de la lectura\u201d, se\u00f1alando las actividades que organizan durante todo el a\u00f1o y poniendo el foco en el \u2018Bibliob\u00fas\u2019, una iniciativa compartida entre la Delegaci\u00f3n de Educaci\u00f3n, Cultura y Deportes y la Diputaci\u00f3n para llevar los libros a las localidades m\u00e1s peque\u00f1as, \u201cque llega a 22 localidades, a m\u00e1s de 7.000 vecinos y vecinas con 12 rutas y unos 5.000 ejemplares\u201d.<\/p>\n<p style=\"text-align: justify;\">Por su parte, Pascual Molina ha confiado en que \u201cesta \u2018Fiesta del Libro\u2019 sea de r\u00e9cord\u201d, y ha explicado que desde el Ayuntamiento se han programado actividades en distintas zonas de la ciudad, en los barrios y pedan\u00edas, a trav\u00e9s de la red de 16 bibliotecas municipales, recordando que en lo que va de curso han pasado alrededor de 14.000 alumnos y alumnas por estos espacios para participar en el programa \u2018Cuentacuentos\u2019.<\/p>\n<p style=\"text-align: justify;\">Asimismo, ha remarcado la participaci\u00f3n en este D\u00eda del Libro del Centro Joven, la apuesta por los escritores j\u00f3venes con una actuaci\u00f3n de \u2018micro abierto\u2019 y un programa de radio a cargo de Novaonda.<\/p>\n<p style=\"text-align: justify;\">Las librer\u00edas anuncian un 10% de descuentos y Globalcaja, tarjetas regalos<\/p>\n<p style=\"text-align: justify;\">El presidente de la Asociaci\u00f3n de Librer\u00edas de Albacete, Jos\u00e9 Herreros, ha detallado que despu\u00e9s de 47 a\u00f1os la celebraci\u00f3n del D\u00eda del Libro se puede considerar Feria, y ha se\u00f1alado que participar\u00e1n las 11 librer\u00edas que conviven en Albacete, con 21 casetas y unos 5.000 t\u00edtulos distintos \u201cpara todos los gustos\u201d, al tiempo que ha avanzado que habr\u00e1 descuentos del 10% durante los cuatro d\u00edas, sorteos de libros y m\u00e1s de 60 autores locales y nacionales pasar\u00e1n por esta fiesta.<\/p>\n<p style=\"text-align: justify;\">Finalmente, la responsable de Comunicaci\u00f3n, Marca y Patrocinio de Globalcaja, Luc\u00eda Mallol, ha reiterado el compromiso de esta entidad con la \u2018Fiesta del libro\u2019 desde sus inicios, apuntando que este a\u00f1o ha pasado a formar parte de comit\u00e9 organizador en el marco de su \u201ccompromiso con las personas y con la ciudad\u201d. De hecho, ha explicado que desde Globalcaja, \u201cpara incentivar el comercio en las librer\u00edas\u201d, van a sortear 20 tarjetas regalos con 30 \u20ac para consumir en libros por cada compra pagada con tarjeta.<br \/>\nUna programaci\u00f3n de actividades muy variada<\/p>\n<p style=\"text-align: justify;\">As\u00ed, entre las actividades organizadas en la programaci\u00f3n oficial se incluyen como novedad la participaci\u00f3n, por primera vez, de una agrupaci\u00f3n musical de la provincia: la Agrupaci\u00f3n Musical \u2018San Marcos\u2019 de El Salobral, que se unir\u00e1 al resto de propuestas que incluyen desde conciertos de la mano, por ejemplo, del Real Conservatorio Profesional de M\u00fasica y Danza de la Diputaci\u00f3n, hasta cuentacuentos (con Mar\u00eda Jos\u00e9 Ballego, Ester Garc\u00eda o Al Hilo Teatro).<\/p>\n<p style=\"text-align: justify;\">Tambi\u00e9n habr\u00e1 talleres de diversa \u00edndole, demostraciones de caligraf\u00eda a cargo de Ana Navarro del servicio de Gesti\u00f3n Documental y Archivo de la Diputaci\u00f3n de Albacete o exhibiciones de esgrima literaria a trav\u00e9s de la Asociaci\u00f3n albacete\u00f1a de Esgrima Antigua \u2018Caballeros de Al-Basit\u2019; encuentros con ilustradores y con autores y autoras (uno especial con booktubers y autores j\u00f3venes locales), la presentaci\u00f3n de libros con la presencia, entre otros, de Fernando Aramburu, e incluso un gastro-evento de \u2018tapas literarias\u2019 con el grupo Candela. Adem\u00e1s, como es tradicional, el propio d\u00eda 23 est\u00e1 prevista la lectura del Manifiesto del D\u00eda del Libro en Castilla-La Mancha, que en esta ocasi\u00f3n ha sido elaborado por Mari\u00e1n Garc\u00eda, m\u00e1s conocida como \u2018la boticaria Garc\u00eda\u2019, y ser\u00e1 le\u00eddo por Juan Manuel de la Cruz, que ha estado al frente de la Biblioteca P\u00fablica del Estado durante un largo periodo de tiempo.<\/p>\n<p><!--publicidad-voz03--><a href=\"https:\/\/www.facebook.com\/profile.php?id=100063593791305&amp;locale=es_ES\"><img decoding=\"async\" class=\"alignnone size-medium\" src=\"https:\/\/blogger.googleusercontent.com\/img\/b\/R29vZ2xl\/AVvXsEi8_n_ll8UOcGxCqzFvb_9Io4ICczlGC990BPtPj2w9Px-u7B3oqWUW5vtjZUqPNJ-nyjiUIorE0ATsib_l5tV8BVN-UJ03RTnU__IHJF_4DgDBtY4LIqXNG-FomrO-7ywes20CBCRM2Hcm7EJSh3UUw1dO-c_uTflUrtgY1i7uBRezj_DpympmEFkfbQY\/s1600\/logo-principal2.jpg\" width=\"100%\" height=\"100\" \/><\/a><!--bestpublic-voz03--><!--desk-in-out-voz03--><br \/>\n<!--publicidad-voz04--><a href=\"https:\/\/www.facebook.com\/profile.php?id=61557370768692&amp;locale=es_ES\"><img decoding=\"async\" class=\"alignnone size-medium\" src=\"https:\/\/blogger.googleusercontent.com\/img\/b\/R29vZ2xl\/AVvXsEgy5RdcfffrnrItnYTcV9bCJjgJwldsQLWssfVfrLbyfXeBNTFKgBf0rMIvhrUaGUhiXzVr9_eQgCbi-j63ZDpfTvLIty9w7s140y-m1yHe7eKmEK7v2NAHUJDVYGdfeiQFeRCqUjdwWmN1MX_AUxxz4IVdJ4WIM0APxit8bjWkXzrnEFGqBvW_1F13H1g\/s1600\/logo-principal5.jpg\" width=\"100%\" height=\"100\" \/><\/a><!--bestpublic-voz04--><!--desk-in-out-voz04--><br \/>\n<!--publicidad-voz05--><a href=\"https:\/\/www.facebook.com\/asociaciontamborileroshellin?locale=es_ES\"><img decoding=\"async\" class=\"alignnone size-medium\" src=\"https:\/\/blogger.googleusercontent.com\/img\/b\/R29vZ2xl\/AVvXsEhHEEpZsKK1VpwiYMrS7aE2ujtqIDZoLd4B5wtbiseSU9s2HdTdQfhF84So2XwEB1fv0BLw95GADm6hUl1bkKtzh-eIgVigXONuu_5RxeIMPhjk8q6uNX4EaEHbooKkbu7pCADWPpVJjhKIH5NQSJpWqedC-YBez4QAQeJYokkLot9bhrIaUAeztsGis6M\/s1600\/logo-principal3.jpg\" width=\"100%\" height=\"100\" \/><\/a><!--bestpublic-voz05--><!--desk-in-out-voz05--><br \/>\n<!--publicidad-voz06--><!--bestpublic-voz06--><!--desk-in-out-voz06--><br \/>\n<!--publicidad-voz07--><!--bestpublic-voz07--><!--desk-in-out-voz07--><br \/>\n<!--publicidad-voz08--><!--bestpublic-voz08--><!--desk-in-out-voz08--><br \/>\n<!--publicidad-voz09--><!--bestpublic-voz09--><!--desk-in-out-voz09--><br \/>\n<!--publicidad-voz10--><!--bestpublic-voz10--><!--desk-in-out-voz10--><br \/>\n<!--publicidad-voz11--><!--bestpublic-voz11--><!--desk-in-out-voz11--><br \/>\n<!--publicidad-voz12--><!--bestpublic-voz12--><!--desk-in-out-voz12--><br \/>\n<!--publicidad-voz13--><!--bestpublic-voz13--><!--desk-in-out-voz13--><br \/>\n<!--publicidad-voz14--><!--bestpublic-voz14--><!--desk-in-out-voz14--><br \/>\n<!--publicidad-voz15--><!--bestpublic-voz15--><!--desk-in-out-voz15--><br \/>\n<!--publicidad-voz16--><!--bestpublic-voz16--><!--desk-in-out-voz16--><\/p>\n","protected":false},"excerpt":{"rendered":"<p>La Diputaci\u00f3n ha acogido la presentaci\u00f3n de la programaci\u00f3n de actividades organizadas en Albacete en torno al D\u00eda Internacional del Libro (23 de abril) de la mano de la propia&#8230;<\/p>\n","protected":false},"author":2,"featured_media":149844,"comment_status":"closed","ping_status":"closed","sticky":false,"template":"","format":"standard","meta":{"footnotes":""},"categories":[754,718,715,716,717],"tags":[],"class_list":["post-149843","post","type-post","status-publish","format-standard","has-post-thumbnail","hentry","category-blog-lv035","category-blogger","category-la-voz-de-hellin","category-la-voz-de-hellin-la-voz-de-hellin","category-noticias"],"_links":{"self":[{"href":"https:\/\/lavozdehellin.com\/noticias\/wp-json\/wp\/v2\/posts\/149843","targetHints":{"allow":["GET"]}}],"collection":[{"href":"https:\/\/lavozdehellin.com\/noticias\/wp-json\/wp\/v2\/posts"}],"about":[{"href":"https:\/\/lavozdehellin.com\/noticias\/wp-json\/wp\/v2\/types\/post"}],"author":[{"embeddable":true,"href":"https:\/\/lavozdehellin.com\/noticias\/wp-json\/wp\/v2\/users\/2"}],"replies":[{"embeddable":true,"href":"https:\/\/lavozdehellin.com\/noticias\/wp-json\/wp\/v2\/comments?post=149843"}],"version-history":[{"count":0,"href":"https:\/\/lavozdehellin.com\/noticias\/wp-json\/wp\/v2\/posts\/149843\/revisions"}],"wp:featuredmedia":[{"embeddable":true,"href":"https:\/\/lavozdehellin.com\/noticias\/wp-json\/wp\/v2\/media\/149844"}],"wp:attachment":[{"href":"https:\/\/lavozdehellin.com\/noticias\/wp-json\/wp\/v2\/media?parent=149843"}],"wp:term":[{"taxonomy":"category","embeddable":true,"href":"https:\/\/lavozdehellin.com\/noticias\/wp-json\/wp\/v2\/categories?post=149843"},{"taxonomy":"post_tag","embeddable":true,"href":"https:\/\/lavozdehellin.com\/noticias\/wp-json\/wp\/v2\/tags?post=149843"}],"curies":[{"name":"wp","href":"https:\/\/api.w.org\/{rel}","templated":true}]}}