{"id":149846,"date":"2024-04-17T15:57:36","date_gmt":"2024-04-17T13:57:36","guid":{"rendered":"https:\/\/lavozdehellin.com\/noticias\/?p=149846"},"modified":"2024-04-18T19:37:55","modified_gmt":"2024-04-18T17:37:55","slug":"v08-508-jose-antonio-calvo-felicita-a-serbatic-por-la-inauguracion-de-sus-nuevas-oficinas-y-reitera-el-compromiso-de-la-diputacion-de-albacete-con-la-innovacion-tecnologica","status":"publish","type":"post","link":"https:\/\/lavozdehellin.com\/noticias\/v08-508-jose-antonio-calvo-felicita-a-serbatic-por-la-inauguracion-de-sus-nuevas-oficinas-y-reitera-el-compromiso-de-la-diputacion-de-albacete-con-la-innovacion-tecnologica\/","title":{"rendered":"LVH NOTICIAS | JOS\u00c9 ANTONIO CALVO FELICITA A SERBATIC POR LA INAUGURACI\u00d3N DE SUS NUEVAS OFICINAS Y REITERA EL COMPROMISO DE LA DIPUTACI\u00d3N DE ALBACETE CON LA INNOVACI\u00d3N TECNOL\u00d3GICA"},"content":{"rendered":"<p style=\"text-align: justify;\">El diputado provincial responsable del Servicio de Modernizaci\u00f3n Administrativa y TIC de la Diputaci\u00f3n de Albacete, Jos\u00e9 Antonio Calvo, ha asistido a la presentaci\u00f3n de las nuevas oficinas que Serbatic ha abierto en la capital (en la calle Zamora).<\/p>\n<p><!--more--><br \/>\n<!--publicidad-voz01--><a href=\"https:\/\/www.facebook.com\/SoloRadioHellin\/?locale=es_ES\"><img decoding=\"async\" class=\"alignnone size-medium\" src=\"https:\/\/blogger.googleusercontent.com\/img\/b\/R29vZ2xl\/AVvXsEiNncirNnyGedv00mhjZjh5Wl4_YPdJGanoAl8tL8zH-HwqE8uHqjEfSt340RHdx-9tuCSIkZ8rFamZiGyYlgDGxCsmXjCH_1xk5eYM3ntFZRvJP_jndOKR7w1UAo9Tu0vrZyOLfqRpHIxYI5SymJJ-pfGCQw6QVpggBH-UgfjiFQ2JOxqxG0Jx94kW83c\/s1600\/logo-principal.jpg\" width=\"100%\" height=\"100\" \/><\/a><!--bestpublic-voz01--><!--desk-in-out-voz01--><br \/>\n<!--publicidad-voz02--><a href=\"https:\/\/www.hellincf.com\/\"><img decoding=\"async\" class=\"alignnone size-medium\" src=\"https:\/\/blogger.googleusercontent.com\/img\/b\/R29vZ2xl\/AVvXsEhuZ4-XfBVj3UtdP8-RZugy3WVrg-Zv28c53m4oV47qYCxL1rX_dqWX_YddsGSnpH5SRDqZ7bZeKPIfDVCDncpjVlhy3aQs2vojcJBn7Gdv9hC2_Nzct_pRFrnFE1a7KTCdY1bT_kAgnY3-iadRZrGeJf1fR2P5fu11bokx0pWjaypoy-ctwCjklldpEbA\/s1600\/logo-principal7.jpg\" width=\"100%\" height=\"100\" \/><\/a><!--bestpublic-voz02--><!--desk-in-out-voz02--><\/p>\n<p style=\"text-align: justify;\">Una cita en la que ha tenido la oportunidad de felicitar a esta empresa en la figura de su global CEO &amp; chairman de VASS, Francisco Javier Latasa, por reforzar su presencia en nuestra provincia.<\/p>\n<p style=\"text-align: justify;\">En este sentido, Calvo ha se\u00f1alado que estas actuaciones \u201csiempre son una buena noticia\u201d, destacando la importancia que tiene que Albacete se convierta en sede de empresas que apuestan por la innovaci\u00f3n, las nuevas tecnolog\u00edas y la creaci\u00f3n de empleo cualificado. Algo que favorece, como ha se\u00f1alado el responsable provincial, que el talento local se pueda quedar en nuestra tierra, al tiempo que la posiciona en el \u00e1mbito de las Tecnolog\u00edas de la Informaci\u00f3n y la Comunicaci\u00f3n.<\/p>\n<p style=\"text-align: justify;\">En este sentido, el diputado provincial ha explicado que para la Diputaci\u00f3n de Albacete la innovaci\u00f3n tecnolog\u00eda \u201ces una prioridad\u201d en la que trabaja, \u201ccon recursos propios\u201d, a trav\u00e9s de la generaci\u00f3n de software, lo que la ha convertido en una de las \u00fanicas Administraciones P\u00fablicas que tiene la capacidad de realizar desarrollos de primer nivel de la mano de sus propios empleados y empleadas p\u00fablicos \u201cque, adem\u00e1s, en su mayor\u00eda son Ingenieros Inform\u00e1ticos formados en nuestra universidad, en la UCLM\u201d.<\/p>\n<p style=\"text-align: justify;\">Una prueba de esto es Sedipualba, la mayor plataforma p\u00fablica de Administraci\u00f3n Electr\u00f3nica de Espa\u00f1a, que ha sido desarrollada por profesionales del Servicio de Modernizaci\u00f3n Administrativa y TIC de la Diputaci\u00f3n de Albacete (cuyo jefe de Servicio, Jos\u00e9 Joaqu\u00edn de Haro, tambi\u00e9n ha estado presente en este acto) y, en la actualidad, integra a m\u00e1s 1.000 administraciones p\u00fablicas de todo el territorio nacional, \u201cconvertida en todo un \u00e9xito\u201d.<\/p>\n<p style=\"text-align: justify;\">De hecho, acumula numerosos reconocimientos como el certificado de Excelencia \u2018Share and Reuse Awards\u2019 otorgado por la Comisi\u00f3n Europea como tercera mejor Soluci\u00f3n IT Europea (2017); el premio a las Mejores pr\u00e1cticas de Gesti\u00f3n Interna en los VII Premios a la Calidad y Excelencia en los Servicios P\u00fablicos que da la JCCM (2018); o el EPSA 2019 Best Practice Certificate que otorga EIPA (European Institute of Public Administration), entre otros.<\/p>\n<p style=\"text-align: justify;\">Calvo ha se\u00f1alado que esta plataforma no es s\u00f3lo un orgullo para la Diputaci\u00f3n y para la provincia, sino que tambi\u00e9n es \u201cun digno ejemplo\u201d de que el emprendimiento tambi\u00e9n puede darse en el sector p\u00fablico, y de c\u00f3mo apostar por el emprendimiento desde lo p\u00fablico transforma realidades y mejora el d\u00eda a d\u00eda de las propias administraciones y de la ciudadan\u00eda.<\/p>\n<p><!--publicidad-voz03--><a href=\"https:\/\/www.facebook.com\/profile.php?id=100063593791305&amp;locale=es_ES\"><img decoding=\"async\" class=\"alignnone size-medium\" src=\"https:\/\/blogger.googleusercontent.com\/img\/b\/R29vZ2xl\/AVvXsEi8_n_ll8UOcGxCqzFvb_9Io4ICczlGC990BPtPj2w9Px-u7B3oqWUW5vtjZUqPNJ-nyjiUIorE0ATsib_l5tV8BVN-UJ03RTnU__IHJF_4DgDBtY4LIqXNG-FomrO-7ywes20CBCRM2Hcm7EJSh3UUw1dO-c_uTflUrtgY1i7uBRezj_DpympmEFkfbQY\/s1600\/logo-principal2.jpg\" width=\"100%\" height=\"100\" \/><\/a><!--bestpublic-voz03--><!--desk-in-out-voz03--><br \/>\n<!--publicidad-voz04--><a href=\"https:\/\/www.facebook.com\/profile.php?id=61557370768692&amp;locale=es_ES\"><img decoding=\"async\" class=\"alignnone size-medium\" src=\"https:\/\/blogger.googleusercontent.com\/img\/b\/R29vZ2xl\/AVvXsEgy5RdcfffrnrItnYTcV9bCJjgJwldsQLWssfVfrLbyfXeBNTFKgBf0rMIvhrUaGUhiXzVr9_eQgCbi-j63ZDpfTvLIty9w7s140y-m1yHe7eKmEK7v2NAHUJDVYGdfeiQFeRCqUjdwWmN1MX_AUxxz4IVdJ4WIM0APxit8bjWkXzrnEFGqBvW_1F13H1g\/s1600\/logo-principal5.jpg\" width=\"100%\" height=\"100\" \/><\/a><!--bestpublic-voz04--><!--desk-in-out-voz04--><br \/>\n<!--publicidad-voz05--><a href=\"https:\/\/www.facebook.com\/asociaciontamborileroshellin?locale=es_ES\"><img decoding=\"async\" class=\"alignnone size-medium\" src=\"https:\/\/blogger.googleusercontent.com\/img\/b\/R29vZ2xl\/AVvXsEhHEEpZsKK1VpwiYMrS7aE2ujtqIDZoLd4B5wtbiseSU9s2HdTdQfhF84So2XwEB1fv0BLw95GADm6hUl1bkKtzh-eIgVigXONuu_5RxeIMPhjk8q6uNX4EaEHbooKkbu7pCADWPpVJjhKIH5NQSJpWqedC-YBez4QAQeJYokkLot9bhrIaUAeztsGis6M\/s1600\/logo-principal3.jpg\" width=\"100%\" height=\"100\" \/><\/a><!--bestpublic-voz05--><!--desk-in-out-voz05--><br \/>\n<!--publicidad-voz06--><!--bestpublic-voz06--><!--desk-in-out-voz06--><br \/>\n<!--publicidad-voz07--><!--bestpublic-voz07--><!--desk-in-out-voz07--><br \/>\n<!--publicidad-voz08--><!--bestpublic-voz08--><!--desk-in-out-voz08--><br \/>\n<!--publicidad-voz09--><!--bestpublic-voz09--><!--desk-in-out-voz09--><br \/>\n<!--publicidad-voz10--><!--bestpublic-voz10--><!--desk-in-out-voz10--><br \/>\n<!--publicidad-voz11--><!--bestpublic-voz11--><!--desk-in-out-voz11--><br \/>\n<!--publicidad-voz12--><!--bestpublic-voz12--><!--desk-in-out-voz12--><br \/>\n<!--publicidad-voz13--><!--bestpublic-voz13--><!--desk-in-out-voz13--><br \/>\n<!--publicidad-voz14--><!--bestpublic-voz14--><!--desk-in-out-voz14--><br \/>\n<!--publicidad-voz15--><!--bestpublic-voz15--><!--desk-in-out-voz15--><br \/>\n<!--publicidad-voz16--><!--bestpublic-voz16--><!--desk-in-out-voz16--><\/p>\n","protected":false},"excerpt":{"rendered":"<p>El diputado provincial responsable del Servicio de Modernizaci\u00f3n Administrativa y TIC de la Diputaci\u00f3n de Albacete, Jos\u00e9 Antonio Calvo, ha asistido a la presentaci\u00f3n de las nuevas oficinas que Serbatic&#8230;<\/p>\n","protected":false},"author":2,"featured_media":149847,"comment_status":"closed","ping_status":"closed","sticky":false,"template":"","format":"standard","meta":{"footnotes":""},"categories":[754,718,715,716,717],"tags":[],"class_list":["post-149846","post","type-post","status-publish","format-standard","has-post-thumbnail","hentry","category-blog-lv035","category-blogger","category-la-voz-de-hellin","category-la-voz-de-hellin-la-voz-de-hellin","category-noticias"],"_links":{"self":[{"href":"https:\/\/lavozdehellin.com\/noticias\/wp-json\/wp\/v2\/posts\/149846","targetHints":{"allow":["GET"]}}],"collection":[{"href":"https:\/\/lavozdehellin.com\/noticias\/wp-json\/wp\/v2\/posts"}],"about":[{"href":"https:\/\/lavozdehellin.com\/noticias\/wp-json\/wp\/v2\/types\/post"}],"author":[{"embeddable":true,"href":"https:\/\/lavozdehellin.com\/noticias\/wp-json\/wp\/v2\/users\/2"}],"replies":[{"embeddable":true,"href":"https:\/\/lavozdehellin.com\/noticias\/wp-json\/wp\/v2\/comments?post=149846"}],"version-history":[{"count":0,"href":"https:\/\/lavozdehellin.com\/noticias\/wp-json\/wp\/v2\/posts\/149846\/revisions"}],"wp:featuredmedia":[{"embeddable":true,"href":"https:\/\/lavozdehellin.com\/noticias\/wp-json\/wp\/v2\/media\/149847"}],"wp:attachment":[{"href":"https:\/\/lavozdehellin.com\/noticias\/wp-json\/wp\/v2\/media?parent=149846"}],"wp:term":[{"taxonomy":"category","embeddable":true,"href":"https:\/\/lavozdehellin.com\/noticias\/wp-json\/wp\/v2\/categories?post=149846"},{"taxonomy":"post_tag","embeddable":true,"href":"https:\/\/lavozdehellin.com\/noticias\/wp-json\/wp\/v2\/tags?post=149846"}],"curies":[{"name":"wp","href":"https:\/\/api.w.org\/{rel}","templated":true}]}}