{"id":149856,"date":"2024-04-17T16:40:34","date_gmt":"2024-04-17T14:40:34","guid":{"rendered":"https:\/\/lavozdehellin.com\/noticias\/?p=149856"},"modified":"2024-04-19T13:01:37","modified_gmt":"2024-04-19T11:01:37","slug":"v08-509-cabanero-reafirma-el-compromiso-de-la-diputacion-de-albacete-con-el-empresariado-provincial-en-la-47a-asamblea-de-feda","status":"publish","type":"post","link":"https:\/\/lavozdehellin.com\/noticias\/v08-509-cabanero-reafirma-el-compromiso-de-la-diputacion-de-albacete-con-el-empresariado-provincial-en-la-47a-asamblea-de-feda\/","title":{"rendered":"LVH NOTICIAS | CABA\u00d1ERO REAFIRMA EL COMPROMISO DE LA DIPUTACI\u00d3N DE ALBACETE CON EL EMPRESARIADO PROVINCIAL EN LA 47\u00aa ASAMBLEA DE FEDA"},"content":{"rendered":"<p style=\"text-align: justify;\">El presidente de la Diputaci\u00f3n de Albacete, Santi Caba\u00f1ero, ha asistido este mi\u00e9rcoles a la 47\u00aa Asamblea de la Confederaci\u00f3n de Empresarios de Albacete.<\/p>\n<p><!--more--><br \/>\n<!--publicidad-voz01--><a href=\"https:\/\/www.facebook.com\/SoloRadioHellin\/?locale=es_ES\"><img decoding=\"async\" class=\"alignnone size-medium\" src=\"https:\/\/blogger.googleusercontent.com\/img\/b\/R29vZ2xl\/AVvXsEiNncirNnyGedv00mhjZjh5Wl4_YPdJGanoAl8tL8zH-HwqE8uHqjEfSt340RHdx-9tuCSIkZ8rFamZiGyYlgDGxCsmXjCH_1xk5eYM3ntFZRvJP_jndOKR7w1UAo9Tu0vrZyOLfqRpHIxYI5SymJJ-pfGCQw6QVpggBH-UgfjiFQ2JOxqxG0Jx94kW83c\/s1600\/logo-principal.jpg\" width=\"100%\" height=\"100\" \/><\/a><!--bestpublic-voz01--><!--desk-in-out-voz01--><br \/>\n<!--publicidad-voz02--><a href=\"https:\/\/www.hellincf.com\/\"><img decoding=\"async\" class=\"alignnone size-medium\" src=\"https:\/\/blogger.googleusercontent.com\/img\/b\/R29vZ2xl\/AVvXsEhuZ4-XfBVj3UtdP8-RZugy3WVrg-Zv28c53m4oV47qYCxL1rX_dqWX_YddsGSnpH5SRDqZ7bZeKPIfDVCDncpjVlhy3aQs2vojcJBn7Gdv9hC2_Nzct_pRFrnFE1a7KTCdY1bT_kAgnY3-iadRZrGeJf1fR2P5fu11bokx0pWjaypoy-ctwCjklldpEbA\/s1600\/logo-principal7.jpg\" width=\"100%\" height=\"100\" \/><\/a><!--bestpublic-voz02--><!--desk-in-out-voz02--><\/p>\n<p style=\"text-align: justify;\">Una cita a la que ha acudido junto al vicepresidente, Fran Valera, y en la que ha tomado la palabra, junto al presidente de FEDA, Artemio P\u00e9rez; el presidente de la Confederaci\u00f3n a nivel regional (CECAM), \u00c1ngel Nicol\u00e1s; la consejera de Econom\u00eda, Empresas y Empleo, Patricia Franco; y el alcalde de Albacete, Manuel Serrano.<\/p>\n<p style=\"text-align: justify;\">Un foro en el que Caba\u00f1ero ha reiterado el apoyo de la instituci\u00f3n a la iniciativa empresarial en la provincia y ha reconocido el papel esencial de FEDA (con sus m\u00e1s de 10.000 empresas asociadas y las 71 asociaciones sectoriales en su seno) en el desarrollo econ\u00f3mico del territorio.<\/p>\n<p style=\"text-align: justify;\">Caba\u00f1ero: \u201cAl igual que los buenos sindicatos, FEDA no s\u00f3lo est\u00e1 pendiente de los intereses de sus asociados y asociadas, tambi\u00e9n de las necesidades de la sociedad donde est\u00e1 implantada\u201d<\/p>\n<p style=\"text-align: justify;\">\u201cLa Diputaci\u00f3n va a estar, como est\u00e1 siempre, al lado de los empresarios y de las empresarias de esta provincia, al lado de FEDA, y aprovecho esta breve intervenci\u00f3n para felicitar vuestro trabajo; son muchos a\u00f1os de FEDA y 25 ya con Artemio al frente (tambi\u00e9n 25 los que van a cumplir los Premios San Juan\u2026) y creo que, cuando se invent\u00f3 la palabra \u2018resiliente\u2019, quien lo hizo se inspir\u00f3 en Artemio; siempre digo que \u2018las cosas non son casuales, son causales\u2019, y todos sabemos (porque las personas importan) el trabajo que Artemio est\u00e1 haciendo al frente de FEDA\u201d, ha se\u00f1alado el m\u00e1ximo responsable provincial.<\/p>\n<p style=\"text-align: justify;\">Santi Caba\u00f1ero ha reflexionado que \u201cFEDA se podr\u00eda limitar a lo que tiene que hacer por estatutos, incluso a lo que le encomienda la Constituci\u00f3n (que es defender los intereses de sus asociados) y, con eso, estar\u00eda cumplida\u2026 Pero, FEDA, al igual que los buenos sindicatos, lo que hace es no solo estar pendiente de los intereses de sus asociados y asociadas (que tambi\u00e9n, por supuesto), sino tambi\u00e9n de las necesidades de la sociedad donde est\u00e1 implantada; por eso nunca duda estar en muchas cosas que no tendr\u00eda por qu\u00e9 hacer (como ese programa de emprendimiento \u2018SHERPA\u2019, esa Plataforma por la Legalidad, ese Observatorio por la Igualdad en las Relaciones Laborales\u2026) muchas cuestiones a las que FEDA no est\u00e1 obligada, y que dicen mucho de esa voluntad para implicarse en el territorio en el que est\u00e1 implantada\u201d.<\/p>\n<p style=\"text-align: justify;\">Algo por lo que ha ha insistido en el reconocimiento p\u00fablico a esa labor: \u201cOs agradezco el papel de FEDA; el tuyo, Artemio y, sobre todo, el de quienes represent\u00e1is: empresarias y empresarios que, cada d\u00eda, producen riqueza. A m\u00ed me gusta decir que las sociedades justas tienen que hacer una redistribuci\u00f3n justa de la riqueza pero, las sociedades inteligentes, antes tienen que procurar las f\u00f3rmulas para que se pueda crear la riqueza y, despu\u00e9s, se pueda redistribuir justamente\u2026 Yo creo que, por suerte, en esta provincia \u00e9se es \u2018el ecosistema\u2019 en el que trabajamos y por eso creo que las cosas van medianamente bien\u201d, ha afirmado.<\/p>\n<p style=\"text-align: justify;\">Caba\u00f1ero agradece a FEDA su trabajo de expansi\u00f3n por distintos puntos de la provincia<\/p>\n<p style=\"text-align: justify;\">De forma muy especial, Caba\u00f1ero ha elogiado el trabajo que la Confederaci\u00f3n ha venido haciendo con su expansi\u00f3n m\u00e1s all\u00e1 de la capital, alcanzando (con sedes propias) localidades como La Roda, Hell\u00edn, Almansa, Villarrobledo y Caudete. Y es que, como ha se\u00f1alado, gracias a FEDA, el emprendimiento est\u00e1 revitalizando toda la provincia, aprovechando el potencial del entorno rural y fortaleciendo las poblaciones a trav\u00e9s de la creaci\u00f3n de empleo y el dinamismo econ\u00f3mico.<\/p>\n<p style=\"text-align: justify;\">Al hilo de la intervenci\u00f3n previa de Artemio P\u00e9rez, el presidente de la Diputaci\u00f3n ha concluido con su misma visi\u00f3n optimista sobre el futuro de la provincia, destacando la resistencia de la econom\u00eda espa\u00f1ola, la mejora continua del mercado de trabajo y el potencial de crecimiento futuro.<\/p>\n<p style=\"text-align: justify;\">Y, muy especialmente, haciendo un llamamiento a continuar con el di\u00e1logo y la paz social que han venido siendo \u2018se\u00f1as de identidad\u2019 en el territorio albacetense, ha animado a seguir trabajando desde la colaboraci\u00f3n, la coordinaci\u00f3n y la proactividad en la puesta en valor de los recursos de la provincia y en la atracci\u00f3n de nuevas oportunidades de progreso y desarrollo.<\/p>\n<p><!--publicidad-voz03--><a href=\"https:\/\/www.facebook.com\/profile.php?id=100063593791305&amp;locale=es_ES\"><img decoding=\"async\" class=\"alignnone size-medium\" src=\"https:\/\/blogger.googleusercontent.com\/img\/b\/R29vZ2xl\/AVvXsEi8_n_ll8UOcGxCqzFvb_9Io4ICczlGC990BPtPj2w9Px-u7B3oqWUW5vtjZUqPNJ-nyjiUIorE0ATsib_l5tV8BVN-UJ03RTnU__IHJF_4DgDBtY4LIqXNG-FomrO-7ywes20CBCRM2Hcm7EJSh3UUw1dO-c_uTflUrtgY1i7uBRezj_DpympmEFkfbQY\/s1600\/logo-principal2.jpg\" width=\"100%\" height=\"100\" \/><\/a><!--bestpublic-voz03--><!--desk-in-out-voz03--><br \/>\n<!--publicidad-voz04--><a href=\"https:\/\/www.facebook.com\/profile.php?id=61557370768692&amp;locale=es_ES\"><img decoding=\"async\" class=\"alignnone size-medium\" src=\"https:\/\/blogger.googleusercontent.com\/img\/b\/R29vZ2xl\/AVvXsEgy5RdcfffrnrItnYTcV9bCJjgJwldsQLWssfVfrLbyfXeBNTFKgBf0rMIvhrUaGUhiXzVr9_eQgCbi-j63ZDpfTvLIty9w7s140y-m1yHe7eKmEK7v2NAHUJDVYGdfeiQFeRCqUjdwWmN1MX_AUxxz4IVdJ4WIM0APxit8bjWkXzrnEFGqBvW_1F13H1g\/s1600\/logo-principal5.jpg\" width=\"100%\" height=\"100\" \/><\/a><!--bestpublic-voz04--><!--desk-in-out-voz04--><br \/>\n<!--publicidad-voz05--><a href=\"https:\/\/www.facebook.com\/asociaciontamborileroshellin?locale=es_ES\"><img decoding=\"async\" class=\"alignnone size-medium\" src=\"https:\/\/blogger.googleusercontent.com\/img\/b\/R29vZ2xl\/AVvXsEhHEEpZsKK1VpwiYMrS7aE2ujtqIDZoLd4B5wtbiseSU9s2HdTdQfhF84So2XwEB1fv0BLw95GADm6hUl1bkKtzh-eIgVigXONuu_5RxeIMPhjk8q6uNX4EaEHbooKkbu7pCADWPpVJjhKIH5NQSJpWqedC-YBez4QAQeJYokkLot9bhrIaUAeztsGis6M\/s1600\/logo-principal3.jpg\" width=\"100%\" height=\"100\" \/><\/a><!--bestpublic-voz05--><!--desk-in-out-voz05--><br \/>\n<!--publicidad-voz06--><!--bestpublic-voz06--><!--desk-in-out-voz06--><br \/>\n<!--publicidad-voz07--><!--bestpublic-voz07--><!--desk-in-out-voz07--><br \/>\n<!--publicidad-voz08--><!--bestpublic-voz08--><!--desk-in-out-voz08--><br \/>\n<!--publicidad-voz09--><!--bestpublic-voz09--><!--desk-in-out-voz09--><br \/>\n<!--publicidad-voz10--><!--bestpublic-voz10--><!--desk-in-out-voz10--><br \/>\n<!--publicidad-voz11--><!--bestpublic-voz11--><!--desk-in-out-voz11--><br \/>\n<!--publicidad-voz12--><!--bestpublic-voz12--><!--desk-in-out-voz12--><br \/>\n<!--publicidad-voz13--><!--bestpublic-voz13--><!--desk-in-out-voz13--><br \/>\n<!--publicidad-voz14--><!--bestpublic-voz14--><!--desk-in-out-voz14--><br \/>\n<!--publicidad-voz15--><!--bestpublic-voz15--><!--desk-in-out-voz15--><br \/>\n<!--publicidad-voz16--><!--bestpublic-voz16--><!--desk-in-out-voz16--><\/p>\n","protected":false},"excerpt":{"rendered":"<p>El presidente de la Diputaci\u00f3n de Albacete, Santi Caba\u00f1ero, ha asistido este mi\u00e9rcoles a la 47\u00aa Asamblea de la Confederaci\u00f3n de Empresarios de Albacete.<\/p>\n","protected":false},"author":2,"featured_media":149857,"comment_status":"closed","ping_status":"closed","sticky":false,"template":"","format":"standard","meta":{"footnotes":""},"categories":[754,718,715,716,717],"tags":[],"class_list":["post-149856","post","type-post","status-publish","format-standard","has-post-thumbnail","hentry","category-blog-lv035","category-blogger","category-la-voz-de-hellin","category-la-voz-de-hellin-la-voz-de-hellin","category-noticias"],"_links":{"self":[{"href":"https:\/\/lavozdehellin.com\/noticias\/wp-json\/wp\/v2\/posts\/149856","targetHints":{"allow":["GET"]}}],"collection":[{"href":"https:\/\/lavozdehellin.com\/noticias\/wp-json\/wp\/v2\/posts"}],"about":[{"href":"https:\/\/lavozdehellin.com\/noticias\/wp-json\/wp\/v2\/types\/post"}],"author":[{"embeddable":true,"href":"https:\/\/lavozdehellin.com\/noticias\/wp-json\/wp\/v2\/users\/2"}],"replies":[{"embeddable":true,"href":"https:\/\/lavozdehellin.com\/noticias\/wp-json\/wp\/v2\/comments?post=149856"}],"version-history":[{"count":0,"href":"https:\/\/lavozdehellin.com\/noticias\/wp-json\/wp\/v2\/posts\/149856\/revisions"}],"wp:featuredmedia":[{"embeddable":true,"href":"https:\/\/lavozdehellin.com\/noticias\/wp-json\/wp\/v2\/media\/149857"}],"wp:attachment":[{"href":"https:\/\/lavozdehellin.com\/noticias\/wp-json\/wp\/v2\/media?parent=149856"}],"wp:term":[{"taxonomy":"category","embeddable":true,"href":"https:\/\/lavozdehellin.com\/noticias\/wp-json\/wp\/v2\/categories?post=149856"},{"taxonomy":"post_tag","embeddable":true,"href":"https:\/\/lavozdehellin.com\/noticias\/wp-json\/wp\/v2\/tags?post=149856"}],"curies":[{"name":"wp","href":"https:\/\/api.w.org\/{rel}","templated":true}]}}