{"id":149859,"date":"2024-04-17T20:06:26","date_gmt":"2024-04-17T18:06:26","guid":{"rendered":"https:\/\/lavozdehellin.com\/noticias\/?p=149859"},"modified":"2024-04-19T13:01:37","modified_gmt":"2024-04-19T11:01:37","slug":"v08-510-valera-felicita-a-jose-angel-munera-por-su-libro-lezuza-y-la-iglesia-de-nuestra-senora-de-la-asuncion-ermitas-y-otros-lugares-de-culto-historia-de-la-villa-1213-1600-editado-por","status":"publish","type":"post","link":"https:\/\/lavozdehellin.com\/noticias\/v08-510-valera-felicita-a-jose-angel-munera-por-su-libro-lezuza-y-la-iglesia-de-nuestra-senora-de-la-asuncion-ermitas-y-otros-lugares-de-culto-historia-de-la-villa-1213-1600-editado-por\/","title":{"rendered":"LVH NOTICIAS | VALERA FELICITA A JOS\u00c9 \u00c1NGEL MUNERA POR SU LIBRO \u2018LEZUZA Y LA IGLESIA DE NUESTRA SE\u00d1ORA DE LA ASUNCI\u00d3N, ERMITAS Y OTROS LUGARES DE CULTO. HISTORIA DE LA VILLA (1213-1600)\u2019, EDITADO POR EL IEA"},"content":{"rendered":"<p style=\"text-align: justify;\">El Sal\u00f3n de Actos de la Diputaci\u00f3n de Albacete ha sido el escenario elegido por Jos\u00e9 \u00c1ngel Munera para presentar su libro \u2018Lezuza y la Iglesia de Nuestra Se\u00f1ora de la Asunci\u00f3n, ermitas y otros lugares de culto. Historia de la Villa (1213-1600)\u2019.<\/p>\n<p><!--more--><br \/>\n<!--publicidad-voz01--><a href=\"https:\/\/www.facebook.com\/SoloRadioHellin\/?locale=es_ES\"><img decoding=\"async\" class=\"alignnone size-medium\" src=\"https:\/\/blogger.googleusercontent.com\/img\/b\/R29vZ2xl\/AVvXsEiNncirNnyGedv00mhjZjh5Wl4_YPdJGanoAl8tL8zH-HwqE8uHqjEfSt340RHdx-9tuCSIkZ8rFamZiGyYlgDGxCsmXjCH_1xk5eYM3ntFZRvJP_jndOKR7w1UAo9Tu0vrZyOLfqRpHIxYI5SymJJ-pfGCQw6QVpggBH-UgfjiFQ2JOxqxG0Jx94kW83c\/s1600\/logo-principal.jpg\" width=\"100%\" height=\"100\" \/><\/a><!--bestpublic-voz01--><!--desk-in-out-voz01--><br \/>\n<!--publicidad-voz02--><a href=\"https:\/\/www.hellincf.com\/\"><img decoding=\"async\" class=\"alignnone size-medium\" src=\"https:\/\/blogger.googleusercontent.com\/img\/b\/R29vZ2xl\/AVvXsEhuZ4-XfBVj3UtdP8-RZugy3WVrg-Zv28c53m4oV47qYCxL1rX_dqWX_YddsGSnpH5SRDqZ7bZeKPIfDVCDncpjVlhy3aQs2vojcJBn7Gdv9hC2_Nzct_pRFrnFE1a7KTCdY1bT_kAgnY3-iadRZrGeJf1fR2P5fu11bokx0pWjaypoy-ctwCjklldpEbA\/s1600\/logo-principal7.jpg\" width=\"100%\" height=\"100\" \/><\/a><!--bestpublic-voz02--><!--desk-in-out-voz02--><\/p>\n<p style=\"text-align: justify;\">Una publicaci\u00f3n editada por el Instituto de Estudios Albacetense \u2018Don Juan Manuel\u2019 coincidiendo con el V Centenario del inicio de las obras de construcci\u00f3n de la iglesia parroquial que da t\u00edtulo a la obra.<\/p>\n<p style=\"text-align: justify;\">El vicepresidente de la instituci\u00f3n provincial, Fran Valera, que ha comenzado su intervenci\u00f3n dando el p\u00e9same por el fallecimiento del alcalde de Alatoz, Enrique Garc\u00eda, a su familia, seres queridos y a su pueblo, ha participado en este acto junto al autor y a Luis Guillermo Garc\u00eda-Sa\u00faco Bel\u00e9ndez (miembro del IEA), \u201cun gran padrino para esta obra\u201d, al tiempo que ha felicitado a Jos\u00e9 \u00c1ngel Munera por este trabajo, subrayando la ardua tarea de investigaci\u00f3n que ha realizado, \u2018rescatando\u2019 datos, informaci\u00f3n y curiosidades en torno a una parte del patrimonio hist\u00f3rico y arquitect\u00f3nico de Lezuza, y ha remarcado la idoneidad de que vea la luz coincidiendo con el citado aniversario.<\/p>\n<p style=\"text-align: justify;\">Adem\u00e1s, Valera ha puesto en valor el compromiso e implicaci\u00f3n que Munera siempre ha demostrado con su localidad y con la historia de \u00e9sta, donde ha sido docente y tambi\u00e9n alcalde, y en torno a la cual ha realizado una gran variedad de publicaciones. De hecho, ha se\u00f1alado su contribuci\u00f3n a la identidad colectiva del municipio, incidiendo en \u201cla rica y singular historia\u201d que atesora Lezuza.<\/p>\n<p style=\"text-align: justify;\">El vicepresidente tambi\u00e9n ha animado a Jos\u00e9 \u00c1ngel Munera a seguir en su empe\u00f1o de arrojar luz sobre la historia de este territorio desde una apuesta por la informaci\u00f3n contrastada, documentada y veraz, advirtiendo que libros como \u00e9ste y figuras como la suya son fundamentales para que el legado hist\u00f3rico de este territorio llegue a nuestros d\u00edas, y ha se\u00f1alado que este es el camino: \u201cSiempre que se investiga hay que hacerlo con base cient\u00edfica, eso es lo que da sentido a los trabajos y lo que hace que perduren en el tiempo\u201d.<\/p>\n<p style=\"text-align: justify;\">Valera destaca la labor del IEA y de sus miembros<\/p>\n<p style=\"text-align: justify;\">Valera tambi\u00e9n ha puesto en valor la labor del Instituto de Estudios Albacetenses, subrayando \u201cque es una suerte compartir espacio de trabajo con sus integrantes\u201d, y ha destacado que \u201cel IEA es un espacio de conocimiento, divulgaci\u00f3n y aprendizaje, que pone a disposici\u00f3n de la provincia el conocimiento que individualmente tiene cada uno de sus miembros\u201d, apuntando que la clave est\u00e1 \u201cen contar con los mejores y las mejores en cada una de sus diferentes ramas, y transformar ese conocimiento individual en colectivo, porque cuando el conocimiento es colectivo construimos sociedad en may\u00fasculas\u201d. De hecho, labor editorial del IEA se traduce en m\u00e1s de 60 monograf\u00edas publicadas en los \u00faltimos 4 a\u00f1os.<\/p>\n<p style=\"text-align: justify;\">Asimismo, el responsable provincial ha felicitado, por su apoyo a este ejemplar y por su trabajo en pro del patrimonio local, al Ayuntamiento de Lezuza, que ha estado presente por miembros de la Corporaci\u00f3n Municipal con su alcalde, Alfonso Avenda\u00f1o, al frente.<\/p>\n<p style=\"text-align: justify;\">Finalmente, Valera ha subrayado que para la Diputaci\u00f3n de Albacete es un orgullo colaborar, a trav\u00e9s de su Instituto de Estudios Albacetenses, en la edici\u00f3n de esta obra, en l\u00ednea con el compromiso de su Equipo de Gobierno que preside Santi Caba\u00f1ero con la conservaci\u00f3n, protecci\u00f3n, puesta en valor y difusi\u00f3n del patrimonio provincial.<br \/>\nEl libro<\/p>\n<p style=\"text-align: justify;\">En lo relativo a la obra, su autor, aprovechando el V Centenario del inicio de las obras de construcci\u00f3n de la iglesia parroquial de Ntra. Sra. de la Asunci\u00f3n de Lezuza, ha realizado un trabajo minucioso sobre la historia de un edificio, en el que se dan la mano los estilos g\u00f3tico, renacentista, barroco y neocl\u00e1sico. Y lo ha hecho desde una perspectiva interdisciplinar, analizando el contexto hist\u00f3rico de Lezuza, primero, como aldea dependiente del concejo de Alcaraz, y despu\u00e9s, como villa independiente a partir de 1953.<\/p>\n<p style=\"text-align: justify;\">Adem\u00e1s, el estudio se extiende a otros lugares de culto del municipio: el Templo de los Santos M\u00e1rtires Vicente y Leto, con ra\u00edces en la Libisosa romana; las ermitas de Santa Mar\u00eda Luciana y la de Santa mar\u00eda de la Yunquera, documentadas en la Baja Edad Media; o las ermitas de la Santa Cruz y la del Cristo de la Salud o el Hospital de la Vera Cruz, de la Edad Moderna. Elementos arquitect\u00f3nicos que evidencian, como recoge la propia obra, \u201cun rico patrimonio cultural y art\u00edstico derivado de una profunda devoci\u00f3n religiosa en una peque\u00f1a y pr\u00f3spera villa de la archidi\u00f3cesis de Toledo\u201d.<\/p>\n<p><!--publicidad-voz03--><a href=\"https:\/\/www.facebook.com\/profile.php?id=100063593791305&amp;locale=es_ES\"><img decoding=\"async\" class=\"alignnone size-medium\" src=\"https:\/\/blogger.googleusercontent.com\/img\/b\/R29vZ2xl\/AVvXsEi8_n_ll8UOcGxCqzFvb_9Io4ICczlGC990BPtPj2w9Px-u7B3oqWUW5vtjZUqPNJ-nyjiUIorE0ATsib_l5tV8BVN-UJ03RTnU__IHJF_4DgDBtY4LIqXNG-FomrO-7ywes20CBCRM2Hcm7EJSh3UUw1dO-c_uTflUrtgY1i7uBRezj_DpympmEFkfbQY\/s1600\/logo-principal2.jpg\" width=\"100%\" height=\"100\" \/><\/a><!--bestpublic-voz03--><!--desk-in-out-voz03--><br \/>\n<!--publicidad-voz04--><a href=\"https:\/\/www.facebook.com\/profile.php?id=61557370768692&amp;locale=es_ES\"><img decoding=\"async\" class=\"alignnone size-medium\" src=\"https:\/\/blogger.googleusercontent.com\/img\/b\/R29vZ2xl\/AVvXsEgy5RdcfffrnrItnYTcV9bCJjgJwldsQLWssfVfrLbyfXeBNTFKgBf0rMIvhrUaGUhiXzVr9_eQgCbi-j63ZDpfTvLIty9w7s140y-m1yHe7eKmEK7v2NAHUJDVYGdfeiQFeRCqUjdwWmN1MX_AUxxz4IVdJ4WIM0APxit8bjWkXzrnEFGqBvW_1F13H1g\/s1600\/logo-principal5.jpg\" width=\"100%\" height=\"100\" \/><\/a><!--bestpublic-voz04--><!--desk-in-out-voz04--><br \/>\n<!--publicidad-voz05--><a href=\"https:\/\/www.facebook.com\/asociaciontamborileroshellin?locale=es_ES\"><img decoding=\"async\" class=\"alignnone size-medium\" src=\"https:\/\/blogger.googleusercontent.com\/img\/b\/R29vZ2xl\/AVvXsEhHEEpZsKK1VpwiYMrS7aE2ujtqIDZoLd4B5wtbiseSU9s2HdTdQfhF84So2XwEB1fv0BLw95GADm6hUl1bkKtzh-eIgVigXONuu_5RxeIMPhjk8q6uNX4EaEHbooKkbu7pCADWPpVJjhKIH5NQSJpWqedC-YBez4QAQeJYokkLot9bhrIaUAeztsGis6M\/s1600\/logo-principal3.jpg\" width=\"100%\" height=\"100\" \/><\/a><!--bestpublic-voz05--><!--desk-in-out-voz05--><br \/>\n<!--publicidad-voz06--><!--bestpublic-voz06--><!--desk-in-out-voz06--><br \/>\n<!--publicidad-voz07--><!--bestpublic-voz07--><!--desk-in-out-voz07--><br \/>\n<!--publicidad-voz08--><!--bestpublic-voz08--><!--desk-in-out-voz08--><br \/>\n<!--publicidad-voz09--><!--bestpublic-voz09--><!--desk-in-out-voz09--><br \/>\n<!--publicidad-voz10--><!--bestpublic-voz10--><!--desk-in-out-voz10--><br \/>\n<!--publicidad-voz11--><!--bestpublic-voz11--><!--desk-in-out-voz11--><br \/>\n<!--publicidad-voz12--><!--bestpublic-voz12--><!--desk-in-out-voz12--><br \/>\n<!--publicidad-voz13--><!--bestpublic-voz13--><!--desk-in-out-voz13--><br \/>\n<!--publicidad-voz14--><!--bestpublic-voz14--><!--desk-in-out-voz14--><br \/>\n<!--publicidad-voz15--><!--bestpublic-voz15--><!--desk-in-out-voz15--><br \/>\n<!--publicidad-voz16--><!--bestpublic-voz16--><!--desk-in-out-voz16--><\/p>\n","protected":false},"excerpt":{"rendered":"<p>El Sal\u00f3n de Actos de la Diputaci\u00f3n de Albacete ha sido el escenario elegido por Jos\u00e9 \u00c1ngel Munera para presentar su libro \u2018Lezuza y la Iglesia de Nuestra Se\u00f1ora de&#8230;<\/p>\n","protected":false},"author":2,"featured_media":149860,"comment_status":"closed","ping_status":"closed","sticky":false,"template":"","format":"standard","meta":{"footnotes":""},"categories":[754,718,715,716,717],"tags":[],"class_list":["post-149859","post","type-post","status-publish","format-standard","has-post-thumbnail","hentry","category-blog-lv035","category-blogger","category-la-voz-de-hellin","category-la-voz-de-hellin-la-voz-de-hellin","category-noticias"],"_links":{"self":[{"href":"https:\/\/lavozdehellin.com\/noticias\/wp-json\/wp\/v2\/posts\/149859","targetHints":{"allow":["GET"]}}],"collection":[{"href":"https:\/\/lavozdehellin.com\/noticias\/wp-json\/wp\/v2\/posts"}],"about":[{"href":"https:\/\/lavozdehellin.com\/noticias\/wp-json\/wp\/v2\/types\/post"}],"author":[{"embeddable":true,"href":"https:\/\/lavozdehellin.com\/noticias\/wp-json\/wp\/v2\/users\/2"}],"replies":[{"embeddable":true,"href":"https:\/\/lavozdehellin.com\/noticias\/wp-json\/wp\/v2\/comments?post=149859"}],"version-history":[{"count":0,"href":"https:\/\/lavozdehellin.com\/noticias\/wp-json\/wp\/v2\/posts\/149859\/revisions"}],"wp:featuredmedia":[{"embeddable":true,"href":"https:\/\/lavozdehellin.com\/noticias\/wp-json\/wp\/v2\/media\/149860"}],"wp:attachment":[{"href":"https:\/\/lavozdehellin.com\/noticias\/wp-json\/wp\/v2\/media?parent=149859"}],"wp:term":[{"taxonomy":"category","embeddable":true,"href":"https:\/\/lavozdehellin.com\/noticias\/wp-json\/wp\/v2\/categories?post=149859"},{"taxonomy":"post_tag","embeddable":true,"href":"https:\/\/lavozdehellin.com\/noticias\/wp-json\/wp\/v2\/tags?post=149859"}],"curies":[{"name":"wp","href":"https:\/\/api.w.org\/{rel}","templated":true}]}}