{"id":149868,"date":"2024-04-19T08:30:40","date_gmt":"2024-04-19T06:30:40","guid":{"rendered":"https:\/\/lavozdehellin.com\/noticias\/?p=149868"},"modified":"2024-04-19T13:12:06","modified_gmt":"2024-04-19T11:12:06","slug":"v08-511-la-diputacion-de-albacete-abre-del-20-de-abril-al-9-de-mayo-y-con-350-000-euros-de-dotacion-sus-ayudas-para-rehabilitacion-de-patrimonio-historico-por-parte-de-los-ayuntamientos","status":"publish","type":"post","link":"https:\/\/lavozdehellin.com\/noticias\/v08-511-la-diputacion-de-albacete-abre-del-20-de-abril-al-9-de-mayo-y-con-350-000-euros-de-dotacion-sus-ayudas-para-rehabilitacion-de-patrimonio-historico-por-parte-de-los-ayuntamientos\/","title":{"rendered":"LVH NOTICIAS | LA DIPUTACI\u00d3N DE ALBACETE ABRE, DEL 20 DE ABRIL AL 9 DE MAYO Y CON 350.000 EUROS DE DOTACI\u00d3N, SUS AYUDAS PARA REHABILITACI\u00d3N DE PATRIMONIO HIST\u00d3RICO POR PARTE DE LOS AYUNTAMIENTOS"},"content":{"rendered":"<p style=\"text-align: justify;\">La Diputaci\u00f3n de Albacete pone a disposici\u00f3n de los ayuntamientos de la provincia la tercera edici\u00f3n de la Convocatoria de Subvenciones que la instituci\u00f3n instaur\u00f3 en 2022 para apoyarles a la hora de acometer actuaciones de recuperaci\u00f3n patrimonial en sus localidades.<\/p>\n<p><!--more--><br \/>\n<!--publicidad-voz01--><a href=\"https:\/\/www.facebook.com\/SoloRadioHellin\/?locale=es_ES\"><img decoding=\"async\" class=\"alignnone size-medium\" src=\"https:\/\/blogger.googleusercontent.com\/img\/b\/R29vZ2xl\/AVvXsEiNncirNnyGedv00mhjZjh5Wl4_YPdJGanoAl8tL8zH-HwqE8uHqjEfSt340RHdx-9tuCSIkZ8rFamZiGyYlgDGxCsmXjCH_1xk5eYM3ntFZRvJP_jndOKR7w1UAo9Tu0vrZyOLfqRpHIxYI5SymJJ-pfGCQw6QVpggBH-UgfjiFQ2JOxqxG0Jx94kW83c\/s1600\/logo-principal.jpg\" width=\"100%\" height=\"100\" \/><\/a><!--bestpublic-voz01--><!--desk-in-out-voz01--><br \/>\n<!--publicidad-voz02--><a href=\"https:\/\/www.hellincf.com\/\"><img decoding=\"async\" class=\"alignnone size-medium\" src=\"https:\/\/blogger.googleusercontent.com\/img\/b\/R29vZ2xl\/AVvXsEhuZ4-XfBVj3UtdP8-RZugy3WVrg-Zv28c53m4oV47qYCxL1rX_dqWX_YddsGSnpH5SRDqZ7bZeKPIfDVCDncpjVlhy3aQs2vojcJBn7Gdv9hC2_Nzct_pRFrnFE1a7KTCdY1bT_kAgnY3-iadRZrGeJf1fR2P5fu11bokx0pWjaypoy-ctwCjklldpEbA\/s1600\/logo-principal7.jpg\" width=\"100%\" height=\"100\" \/><\/a><!--bestpublic-voz02--><!--desk-in-out-voz02--><\/p>\n<p style=\"text-align: justify;\">Publicada este viernes, 19 de abril, en el Bolet\u00edn Oficial de la Provincia (BOP), los consistorios interesados en acogerse a la medida pueden solicitarlo entre el 20 de abril y el 9 de mayo, a trav\u00e9s del apartado \u2018Subvenciones\u2019 de la sede electr\u00f3nica de la Diputaci\u00f3n (www.dipualba.es).<\/p>\n<p style=\"text-align: justify;\">En 2022, primer a\u00f1o en vigor de la l\u00ednea, se acogieron a ella 60 localidades y, en su reedici\u00f3n del pasado 2023, un total de 69. Se abarcaron actuaciones que fueron desde trabajos de reparaci\u00f3n, pintura y arreglo de edificios y estructuras hist\u00f3ricas hasta restauraciones, conservaciones y mejoras de diferentes espacios patrimoniales locales significativos de la provincia.<\/p>\n<p style=\"text-align: justify;\">As\u00ed, se ha trabajado en la recuperaci\u00f3n de \u2018tesoros\u2019 varios: desde abrigos de arte rupestre a distintos espacios singulares, como lavaderos municipales, jardines, Casas Consistoriales, ermitas e iglesias parroquiales.<\/p>\n<p style=\"text-align: justify;\">La cuant\u00eda m\u00e1xima a conceder para cada localidad es de 10.000 euros, siendo el tope presupuestario a cubrir por parte de la Diputaci\u00f3n del 80% del total del proyecto solicitado.<\/p>\n<p style=\"text-align: justify;\">Con este tipo de rehabilitaciones de bienes inmuebles con valor patrimonial, se pretende impulsar la dinamizaci\u00f3n tur\u00edstica y generar empleo, abriendo los pueblos a nuevas oportunidades a trav\u00e9s de la conservaci\u00f3n y puesta en valor de sus recursos end\u00f3genos, siendo el patrimonio hist\u00f3rico un potencial clave para la dinamizaci\u00f3n territorial.<\/p>\n<p style=\"text-align: justify;\">Adem\u00e1s, con el apoyo a los ayuntamientos a la rehabilitaci\u00f3n y conservaci\u00f3n de su patrimonio local mediante esta Convocatoria de Ayudas, la Diputaci\u00f3n de Albacete tambi\u00e9n aspira a promover un desarrollo sostenible aplicado a la preservaci\u00f3n cultural.<\/p>\n<p><!--publicidad-voz03--><a href=\"https:\/\/www.facebook.com\/profile.php?id=100063593791305&amp;locale=es_ES\"><img decoding=\"async\" class=\"alignnone size-medium\" src=\"https:\/\/blogger.googleusercontent.com\/img\/b\/R29vZ2xl\/AVvXsEi8_n_ll8UOcGxCqzFvb_9Io4ICczlGC990BPtPj2w9Px-u7B3oqWUW5vtjZUqPNJ-nyjiUIorE0ATsib_l5tV8BVN-UJ03RTnU__IHJF_4DgDBtY4LIqXNG-FomrO-7ywes20CBCRM2Hcm7EJSh3UUw1dO-c_uTflUrtgY1i7uBRezj_DpympmEFkfbQY\/s1600\/logo-principal2.jpg\" width=\"100%\" height=\"100\" \/><\/a><!--bestpublic-voz03--><!--desk-in-out-voz03--><br \/>\n<!--publicidad-voz04--><a href=\"https:\/\/www.facebook.com\/profile.php?id=61557370768692&amp;locale=es_ES\"><img decoding=\"async\" class=\"alignnone size-medium\" src=\"https:\/\/blogger.googleusercontent.com\/img\/b\/R29vZ2xl\/AVvXsEgy5RdcfffrnrItnYTcV9bCJjgJwldsQLWssfVfrLbyfXeBNTFKgBf0rMIvhrUaGUhiXzVr9_eQgCbi-j63ZDpfTvLIty9w7s140y-m1yHe7eKmEK7v2NAHUJDVYGdfeiQFeRCqUjdwWmN1MX_AUxxz4IVdJ4WIM0APxit8bjWkXzrnEFGqBvW_1F13H1g\/s1600\/logo-principal5.jpg\" width=\"100%\" height=\"100\" \/><\/a><!--bestpublic-voz04--><!--desk-in-out-voz04--><br \/>\n<!--publicidad-voz05--><a href=\"https:\/\/www.facebook.com\/asociaciontamborileroshellin?locale=es_ES\"><img decoding=\"async\" class=\"alignnone size-medium\" src=\"https:\/\/blogger.googleusercontent.com\/img\/b\/R29vZ2xl\/AVvXsEhHEEpZsKK1VpwiYMrS7aE2ujtqIDZoLd4B5wtbiseSU9s2HdTdQfhF84So2XwEB1fv0BLw95GADm6hUl1bkKtzh-eIgVigXONuu_5RxeIMPhjk8q6uNX4EaEHbooKkbu7pCADWPpVJjhKIH5NQSJpWqedC-YBez4QAQeJYokkLot9bhrIaUAeztsGis6M\/s1600\/logo-principal3.jpg\" width=\"100%\" height=\"100\" \/><\/a><!--bestpublic-voz05--><!--desk-in-out-voz05--><br \/>\n<!--publicidad-voz06--><!--bestpublic-voz06--><!--desk-in-out-voz06--><br \/>\n<!--publicidad-voz07--><!--bestpublic-voz07--><!--desk-in-out-voz07--><br \/>\n<!--publicidad-voz08--><!--bestpublic-voz08--><!--desk-in-out-voz08--><br \/>\n<!--publicidad-voz09--><!--bestpublic-voz09--><!--desk-in-out-voz09--><br \/>\n<!--publicidad-voz10--><!--bestpublic-voz10--><!--desk-in-out-voz10--><br \/>\n<!--publicidad-voz11--><!--bestpublic-voz11--><!--desk-in-out-voz11--><br \/>\n<!--publicidad-voz12--><!--bestpublic-voz12--><!--desk-in-out-voz12--><br \/>\n<!--publicidad-voz13--><!--bestpublic-voz13--><!--desk-in-out-voz13--><br \/>\n<!--publicidad-voz14--><!--bestpublic-voz14--><!--desk-in-out-voz14--><br \/>\n<!--publicidad-voz15--><!--bestpublic-voz15--><!--desk-in-out-voz15--><br \/>\n<!--publicidad-voz16--><!--bestpublic-voz16--><!--desk-in-out-voz16--><\/p>\n","protected":false},"excerpt":{"rendered":"<p>La Diputaci\u00f3n de Albacete pone a disposici\u00f3n de los ayuntamientos de la provincia la tercera edici\u00f3n de la Convocatoria de Subvenciones que la instituci\u00f3n instaur\u00f3 en 2022 para apoyarles a&#8230;<\/p>\n","protected":false},"author":2,"featured_media":149869,"comment_status":"closed","ping_status":"closed","sticky":false,"template":"","format":"standard","meta":{"footnotes":""},"categories":[754,718,715,716,717],"tags":[],"class_list":["post-149868","post","type-post","status-publish","format-standard","has-post-thumbnail","hentry","category-blog-lv035","category-blogger","category-la-voz-de-hellin","category-la-voz-de-hellin-la-voz-de-hellin","category-noticias"],"_links":{"self":[{"href":"https:\/\/lavozdehellin.com\/noticias\/wp-json\/wp\/v2\/posts\/149868","targetHints":{"allow":["GET"]}}],"collection":[{"href":"https:\/\/lavozdehellin.com\/noticias\/wp-json\/wp\/v2\/posts"}],"about":[{"href":"https:\/\/lavozdehellin.com\/noticias\/wp-json\/wp\/v2\/types\/post"}],"author":[{"embeddable":true,"href":"https:\/\/lavozdehellin.com\/noticias\/wp-json\/wp\/v2\/users\/2"}],"replies":[{"embeddable":true,"href":"https:\/\/lavozdehellin.com\/noticias\/wp-json\/wp\/v2\/comments?post=149868"}],"version-history":[{"count":0,"href":"https:\/\/lavozdehellin.com\/noticias\/wp-json\/wp\/v2\/posts\/149868\/revisions"}],"wp:featuredmedia":[{"embeddable":true,"href":"https:\/\/lavozdehellin.com\/noticias\/wp-json\/wp\/v2\/media\/149869"}],"wp:attachment":[{"href":"https:\/\/lavozdehellin.com\/noticias\/wp-json\/wp\/v2\/media?parent=149868"}],"wp:term":[{"taxonomy":"category","embeddable":true,"href":"https:\/\/lavozdehellin.com\/noticias\/wp-json\/wp\/v2\/categories?post=149868"},{"taxonomy":"post_tag","embeddable":true,"href":"https:\/\/lavozdehellin.com\/noticias\/wp-json\/wp\/v2\/tags?post=149868"}],"curies":[{"name":"wp","href":"https:\/\/api.w.org\/{rel}","templated":true}]}}