{"id":149871,"date":"2024-04-19T10:52:11","date_gmt":"2024-04-19T08:52:11","guid":{"rendered":"https:\/\/lavozdehellin.com\/noticias\/?p=149871"},"modified":"2024-04-19T13:12:06","modified_gmt":"2024-04-19T11:12:06","slug":"v08-512-festival-de-teatro-clasico-de-chinchilla-subira-el-telon-del-23-al-30-de-junio-con-ocho-grandes-espectaculos","status":"publish","type":"post","link":"https:\/\/lavozdehellin.com\/noticias\/v08-512-festival-de-teatro-clasico-de-chinchilla-subira-el-telon-del-23-al-30-de-junio-con-ocho-grandes-espectaculos\/","title":{"rendered":"LVH NOTICIAS | EL 28\u00ba FESTIVAL DE TEATRO CL\u00c1SICO DE CHINCHILLA SUBIR\u00c1 EL TEL\u00d3N, DEL 23 AL 30 DE JUNIO, CON OCHO GRANDES ESPECT\u00c1CULOS"},"content":{"rendered":"<p style=\"text-align: justify;\">El Festival de Teatro Cl\u00e1sico de Chinchilla contin\u00faa cumpliendo a\u00f1os desde una apuesta firme por la calidad.<\/p>\n<p><!--more--><br \/>\n<!--publicidad-voz01--><a href=\"https:\/\/www.facebook.com\/SoloRadioHellin\/?locale=es_ES\"><img decoding=\"async\" class=\"alignnone size-medium\" src=\"https:\/\/blogger.googleusercontent.com\/img\/b\/R29vZ2xl\/AVvXsEiNncirNnyGedv00mhjZjh5Wl4_YPdJGanoAl8tL8zH-HwqE8uHqjEfSt340RHdx-9tuCSIkZ8rFamZiGyYlgDGxCsmXjCH_1xk5eYM3ntFZRvJP_jndOKR7w1UAo9Tu0vrZyOLfqRpHIxYI5SymJJ-pfGCQw6QVpggBH-UgfjiFQ2JOxqxG0Jx94kW83c\/s1600\/logo-principal.jpg\" width=\"100%\" height=\"100\" \/><\/a><!--bestpublic-voz01--><!--desk-in-out-voz01--><br \/>\n<!--publicidad-voz02--><a href=\"https:\/\/www.hellincf.com\/\"><img decoding=\"async\" class=\"alignnone size-medium\" src=\"https:\/\/blogger.googleusercontent.com\/img\/b\/R29vZ2xl\/AVvXsEhuZ4-XfBVj3UtdP8-RZugy3WVrg-Zv28c53m4oV47qYCxL1rX_dqWX_YddsGSnpH5SRDqZ7bZeKPIfDVCDncpjVlhy3aQs2vojcJBn7Gdv9hC2_Nzct_pRFrnFE1a7KTCdY1bT_kAgnY3-iadRZrGeJf1fR2P5fu11bokx0pWjaypoy-ctwCjklldpEbA\/s1600\/logo-principal7.jpg\" width=\"100%\" height=\"100\" \/><\/a><!--bestpublic-voz02--><!--desk-in-out-voz02--><\/p>\n<p style=\"text-align: justify;\">Este 2024, llega a su 28\u00aa edici\u00f3n con una programaci\u00f3n conformada por ocho grandes espect\u00e1culos teatrales que, del 23 al 30 de junio, tendr\u00e1n lugar en el Claustro de Santo Domingo en esta \u2018Ciudad Centenaria\u2019.<\/p>\n<p style=\"text-align: justify;\">As\u00ed, lo ha anunciado el diputado provincial de Cultura, Miguel Zamora, junto a la edil de Cultura de la localidad anfitriona, Silvia Abell\u00e1n; al gerente de Cultural Albacete (entidad en cuyo seno naci\u00f3 esta iniciativa), Ricardo Bel\u00e9ndez; y al delegado provincial de Educaci\u00f3n, Cultura y Deportes de la JCCM, Diego P\u00e9rez. Protagonistas que han coincidido en apuntar que este proyecto trasciende las fronteras locales y provinciales.<br \/>\nEl Festival de Teatro Cl\u00e1sico de Chinchilla, premio \u2018Artes Esc\u00e9nicas\u2019 del Francisco Nieva<\/p>\n<p style=\"text-align: justify;\">La mejor prueba es, como ha subrayado Zamora, que el evento avanza cosechando reconocimientos, como el premio de \u2018Artes Esc\u00e9nicas\u2019 que le ha otorgado el Festival Regional \u2018Francisco Nieva\u2019 y que se entregar\u00e1 este 20 de abril en su gala de clausura.<\/p>\n<p style=\"text-align: justify;\">En esta l\u00ednea, el diputado provincial tambi\u00e9n ha visibilizado el potencial de la cita, apuntando que algunas de las obras que se presentar\u00e1n en la localidad albacetense se podr\u00e1n disfrutar despu\u00e9s en la 47\u00aa edici\u00f3n del Festival de Teatro Cl\u00e1sico de Almagro (del 4 al 25 de julio), como es el caso de \u2018Burro\u2019, \u2018Las locuras por el verano\u2019, \u2018El Alcalde de Zalamea\u2019 o \u2018Los bandos de Verona\u2019.<\/p>\n<p style=\"text-align: justify;\">Zamora ha afirmado que el de Chinchilla \u201ces un festival referente\u201d en el pa\u00eds, advirtiendo que esto se ha conseguido gracias al trabajo bien hecho, apostando por obras y compa\u00f1\u00edas excepcionales que, unidas a la belleza del Claustro de Santo Domingo en particular y de la ciudad centenaria en general, son la llave del \u00e9xito.<\/p>\n<p style=\"text-align: justify;\">\u201cSe trata de uno de los eventos m\u00e1s relevantes del calendario cultural y (siempre a\u00f1ado) patrimonial de la provincia, entre otras cosas, por el patrimonio que supone la recuperaci\u00f3n del teatro cl\u00e1sico a todos los niveles, y lo que significa para la provincia de Albacete (y tambi\u00e9n por lo que supone el que se desarrolle en un enclave patrimonial tan importante como es Chinchilla de Montearag\u00f3n\u201d, ha reiterado.<br \/>\nUna de las grandes propuestas culturales de la provincia<\/p>\n<p style=\"text-align: justify;\">Felicitando tanto al Consistorio como a Cultural Albacete, ha afirmado que se trata de una de las grandes propuestas culturales de la provincia, a\u00f1adiendo que tambi\u00e9n es \u201cun gran ejemplo\u201d del trabajo que realiza este Consorcio de la mano de los ayuntamientos para impulsar y dinamizar la cultura en la provincia, desde su apuesta por llevar los espect\u00e1culos a cada rinc\u00f3n de la geograf\u00eda albacetense a precios asequibles (como evidencia, en el caso del propio Festival de Teatro Cl\u00e1sico de Chinchilla, el que el importe de las entradas no supere los 20 euros).<\/p>\n<p style=\"text-align: justify;\">Durante la presentaci\u00f3n, adem\u00e1s, se ha puesto el foco en la excepcionalidad de las propuestas que se podr\u00e1n disfrutar en esta 28\u00aa edici\u00f3n del evento, donde se contar\u00e1 con grandes adaptaciones de obras cl\u00e1sicas de Miguel de Cervantes, Calder\u00f3n de la Barca, Lope de Vega, Rojas Zorrilla o Carlo Goldoni, as\u00ed como con autores de nuestra \u00e9poca, como \u00c1lvaro Tato y Arturo Tendero. Siendo este \u00faltimo natural de Chinchilla y el art\u00edfice de \u2018La Priora\u2019 (23 de junio), as\u00ed como el director de la compa\u00f1\u00eda que la va a representar, La locomotora EA! Teatro.<\/p>\n<p style=\"text-align: justify;\">En este punto, Miguel Zamora se ha referido a la apuesta compartida que, tanto la Diputaci\u00f3n de Albacete como el propio Festival, hacen en favor del talento local: otra de las \u2018se\u00f1as de identidad\u2019 de Cultural Albacete.<\/p>\n<p style=\"text-align: justify;\">Por su parte, el delegado provincial de Educaci\u00f3n y Cultura de la JCCM ha aludido a la Programaci\u00f3n de Primavera de las Red de Artes Esc\u00e9nicas y Musicales de 2024, con unos 143 espect\u00e1culos y en torno a 581 actuaciones que se van a desarrollar en 225 municipios de toda la regi\u00f3n (siendo 101 de las compa\u00f1\u00edas participantes, de C-LM). Diego P\u00e9rez ha concretado que, en Albacete, esta campa\u00f1a ha sumado a 51 municipios donde se van a desarrollar 171 representaciones de teatro, m\u00fasica, circo y danza. Localidades entre las que est\u00e1 Chinchilla, mostr\u00e1ndose tres de esas obras en el Festival de Teatro Cl\u00e1sico: \u2018 La Malcasada\u2019, \u2018Ma\u00f1anas de Abril y Mayo\u2019 y \u2018Ejemplares\u2019.<\/p>\n<p style=\"text-align: justify;\">Silvia Abell\u00e1n ha dado las gracias a la Diputaci\u00f3n de Albacete, a Cultural Albacete y a la JCCM \u201cporque, sin ellas, municipios como Chinchilla de Monterag\u00f3n ser\u00eda imposible tener un acceso a la cultura tan rica\u201d.<\/p>\n<p style=\"text-align: justify;\">Adem\u00e1s, ha anunciado que, a la vez del Festival de Teatro Cl\u00e1sico, el Ayuntamiento va a impulsar \u201cunas jornadas de puertas abiertas en todo el \u00e1mbito cultural, llamadas \u2018Chinchilla de Montearag\u00f3n a plena luz\u2019, que abrir\u00e1 las murallas de Chinchilla en cuanto a su patrimonio, cultura, museos y exhibiciones de combate de caballeros de Belmonte en el Castillo de Chinchilla, as\u00ed como de esgrima medieval en las Tercias Reales\u2026 Unas jornadas de convivencia con todos nuestros hosteleros que nos permitir\u00e1n probar magn\u00edficas etapas y magn\u00edficas recetas culinarias que a nosotros nos garantizan un \u00e9xito seguro para esas jornadas inolvidables para toda la provincia\u201d, ha explicad0.<\/p>\n<p style=\"text-align: justify;\">Gran programaci\u00f3n<\/p>\n<p style=\"text-align: justify;\">El gerente de Cultural Albacete ha dado todos los detalles de la programaci\u00f3n de este 28\u00ba Festival de Teatro Cl\u00e1sico de Chinchilla, en la que todos los espect\u00e1culos se celebrar\u00e1n en el Claustro de Santo Domingo a partir de las 22:30 horas, incluye junto a \u2018La Priora\u2019, las siguientes obras: \u2018Burro\u2019 de la compa\u00f1\u00eda Ay Teatro (24 de junio); \u2018Las locuras por el verano\u2019 con Noviembre compa\u00f1\u00eda de Teatro (25 de junio); \u2018El Alcalde de Zalamea\u2019 de Teatro Corsario (26 de junio); \u2018La Malcasada\u2019 con Tumbalobos Teatro (27 de junio); \u2018Ejemplares\u2019 de C\u00eda Antonio Campos (28 de junio); \u2018Ma\u00f1anas de abril y mayo\u2019 de Teatro Fern\u00e1n G\u00f3mez, Teatro Malya y A Priori (29 de mayo); y \u2018Los bandos de Verona\u2019 producida por Secuencia 3 (30 de junio).<\/p>\n<p style=\"text-align: justify;\">Por su parte, las entradas, con precios que oscilan entre los 10 y los 20 euros, se pueden adquirir desde el 27 de mayo en las taquillas del Teatro Circo, en la Oficina de Turismo de Chinchilla de Montearag\u00f3n y en la p\u00e1gina web www.globalentradas.com.<\/p>\n<p style=\"text-align: justify;\">En el caso de los abonos, se ha establecido uno para el conjunto de actuaciones por valor de 90 euros, a la venta hasta el 24 de mayo. Del mismo modo, existe un bono transporte, por un precio de 10 euros, que incluye los 8 viajes, si bien tambi\u00e9n se podr\u00e1n sacar individualmente en las taquillas del Teatro Circo (al precio de 5 euros por viaje).<\/p>\n<p><!--publicidad-voz03--><a href=\"https:\/\/www.facebook.com\/profile.php?id=100063593791305&amp;locale=es_ES\"><img decoding=\"async\" class=\"alignnone size-medium\" src=\"https:\/\/blogger.googleusercontent.com\/img\/b\/R29vZ2xl\/AVvXsEi8_n_ll8UOcGxCqzFvb_9Io4ICczlGC990BPtPj2w9Px-u7B3oqWUW5vtjZUqPNJ-nyjiUIorE0ATsib_l5tV8BVN-UJ03RTnU__IHJF_4DgDBtY4LIqXNG-FomrO-7ywes20CBCRM2Hcm7EJSh3UUw1dO-c_uTflUrtgY1i7uBRezj_DpympmEFkfbQY\/s1600\/logo-principal2.jpg\" width=\"100%\" height=\"100\" \/><\/a><!--bestpublic-voz03--><!--desk-in-out-voz03--><br \/>\n<!--publicidad-voz04--><a href=\"https:\/\/www.facebook.com\/profile.php?id=61557370768692&amp;locale=es_ES\"><img decoding=\"async\" class=\"alignnone size-medium\" src=\"https:\/\/blogger.googleusercontent.com\/img\/b\/R29vZ2xl\/AVvXsEgy5RdcfffrnrItnYTcV9bCJjgJwldsQLWssfVfrLbyfXeBNTFKgBf0rMIvhrUaGUhiXzVr9_eQgCbi-j63ZDpfTvLIty9w7s140y-m1yHe7eKmEK7v2NAHUJDVYGdfeiQFeRCqUjdwWmN1MX_AUxxz4IVdJ4WIM0APxit8bjWkXzrnEFGqBvW_1F13H1g\/s1600\/logo-principal5.jpg\" width=\"100%\" height=\"100\" \/><\/a><!--bestpublic-voz04--><!--desk-in-out-voz04--><br \/>\n<!--publicidad-voz05--><a href=\"https:\/\/www.facebook.com\/asociaciontamborileroshellin?locale=es_ES\"><img decoding=\"async\" class=\"alignnone size-medium\" src=\"https:\/\/blogger.googleusercontent.com\/img\/b\/R29vZ2xl\/AVvXsEhHEEpZsKK1VpwiYMrS7aE2ujtqIDZoLd4B5wtbiseSU9s2HdTdQfhF84So2XwEB1fv0BLw95GADm6hUl1bkKtzh-eIgVigXONuu_5RxeIMPhjk8q6uNX4EaEHbooKkbu7pCADWPpVJjhKIH5NQSJpWqedC-YBez4QAQeJYokkLot9bhrIaUAeztsGis6M\/s1600\/logo-principal3.jpg\" width=\"100%\" height=\"100\" \/><\/a><!--bestpublic-voz05--><!--desk-in-out-voz05--><br \/>\n<!--publicidad-voz06--><!--bestpublic-voz06--><!--desk-in-out-voz06--><br \/>\n<!--publicidad-voz07--><!--bestpublic-voz07--><!--desk-in-out-voz07--><br \/>\n<!--publicidad-voz08--><!--bestpublic-voz08--><!--desk-in-out-voz08--><br \/>\n<!--publicidad-voz09--><!--bestpublic-voz09--><!--desk-in-out-voz09--><br \/>\n<!--publicidad-voz10--><!--bestpublic-voz10--><!--desk-in-out-voz10--><br \/>\n<!--publicidad-voz11--><!--bestpublic-voz11--><!--desk-in-out-voz11--><br \/>\n<!--publicidad-voz12--><!--bestpublic-voz12--><!--desk-in-out-voz12--><br \/>\n<!--publicidad-voz13--><!--bestpublic-voz13--><!--desk-in-out-voz13--><br \/>\n<!--publicidad-voz14--><!--bestpublic-voz14--><!--desk-in-out-voz14--><br \/>\n<!--publicidad-voz15--><!--bestpublic-voz15--><!--desk-in-out-voz15--><br \/>\n<!--publicidad-voz16--><!--bestpublic-voz16--><!--desk-in-out-voz16--><\/p>\n","protected":false},"excerpt":{"rendered":"<p>El Festival de Teatro Cl\u00e1sico de Chinchilla contin\u00faa cumpliendo a\u00f1os desde una apuesta firme por la calidad.<\/p>\n","protected":false},"author":2,"featured_media":149872,"comment_status":"closed","ping_status":"closed","sticky":false,"template":"","format":"standard","meta":{"footnotes":""},"categories":[754,718,715,716,717],"tags":[],"class_list":["post-149871","post","type-post","status-publish","format-standard","has-post-thumbnail","hentry","category-blog-lv035","category-blogger","category-la-voz-de-hellin","category-la-voz-de-hellin-la-voz-de-hellin","category-noticias"],"_links":{"self":[{"href":"https:\/\/lavozdehellin.com\/noticias\/wp-json\/wp\/v2\/posts\/149871","targetHints":{"allow":["GET"]}}],"collection":[{"href":"https:\/\/lavozdehellin.com\/noticias\/wp-json\/wp\/v2\/posts"}],"about":[{"href":"https:\/\/lavozdehellin.com\/noticias\/wp-json\/wp\/v2\/types\/post"}],"author":[{"embeddable":true,"href":"https:\/\/lavozdehellin.com\/noticias\/wp-json\/wp\/v2\/users\/2"}],"replies":[{"embeddable":true,"href":"https:\/\/lavozdehellin.com\/noticias\/wp-json\/wp\/v2\/comments?post=149871"}],"version-history":[{"count":0,"href":"https:\/\/lavozdehellin.com\/noticias\/wp-json\/wp\/v2\/posts\/149871\/revisions"}],"wp:featuredmedia":[{"embeddable":true,"href":"https:\/\/lavozdehellin.com\/noticias\/wp-json\/wp\/v2\/media\/149872"}],"wp:attachment":[{"href":"https:\/\/lavozdehellin.com\/noticias\/wp-json\/wp\/v2\/media?parent=149871"}],"wp:term":[{"taxonomy":"category","embeddable":true,"href":"https:\/\/lavozdehellin.com\/noticias\/wp-json\/wp\/v2\/categories?post=149871"},{"taxonomy":"post_tag","embeddable":true,"href":"https:\/\/lavozdehellin.com\/noticias\/wp-json\/wp\/v2\/tags?post=149871"}],"curies":[{"name":"wp","href":"https:\/\/api.w.org\/{rel}","templated":true}]}}