{"id":149878,"date":"2024-04-23T10:30:40","date_gmt":"2024-04-23T08:30:40","guid":{"rendered":"https:\/\/lavozdehellin.com\/noticias\/?p=149878"},"modified":"2024-04-23T17:36:26","modified_gmt":"2024-04-23T15:36:26","slug":"v08-513-el-grupo-municipal-socialista-de-tobarra-exige-un-pleno-extraordinario-para-que-la-alcaldesa-explique-su-comportamiento","status":"publish","type":"post","link":"https:\/\/lavozdehellin.com\/noticias\/v08-513-el-grupo-municipal-socialista-de-tobarra-exige-un-pleno-extraordinario-para-que-la-alcaldesa-explique-su-comportamiento\/","title":{"rendered":"LVH NOTICIAS | EL GRUPO MUNICIPAL SOCIALISTA DE TOBARRA EXIGE UN PLENO EXTRAORDINARIO PARA QUE LA ALCALDESA EXPLIQUE SU COMPORTAMIENTO"},"content":{"rendered":"<p style=\"text-align: justify;\">NOTA DE PRENSA.<\/p>\n<p><!--more--><br \/>\n<!--publicidad-voz01--><a href=\"https:\/\/www.facebook.com\/SoloRadioHellin\/?locale=es_ES\"><img decoding=\"async\" class=\"alignnone size-medium\" src=\"https:\/\/blogger.googleusercontent.com\/img\/b\/R29vZ2xl\/AVvXsEiNncirNnyGedv00mhjZjh5Wl4_YPdJGanoAl8tL8zH-HwqE8uHqjEfSt340RHdx-9tuCSIkZ8rFamZiGyYlgDGxCsmXjCH_1xk5eYM3ntFZRvJP_jndOKR7w1UAo9Tu0vrZyOLfqRpHIxYI5SymJJ-pfGCQw6QVpggBH-UgfjiFQ2JOxqxG0Jx94kW83c\/s1600\/logo-principal.jpg\" width=\"100%\" height=\"100\" \/><\/a><!--bestpublic-voz01--><!--desk-in-out-voz01--><br \/>\n<!--publicidad-voz02--><a href=\"https:\/\/www.hellincf.com\/\"><img decoding=\"async\" class=\"alignnone size-medium\" src=\"https:\/\/blogger.googleusercontent.com\/img\/b\/R29vZ2xl\/AVvXsEhuZ4-XfBVj3UtdP8-RZugy3WVrg-Zv28c53m4oV47qYCxL1rX_dqWX_YddsGSnpH5SRDqZ7bZeKPIfDVCDncpjVlhy3aQs2vojcJBn7Gdv9hC2_Nzct_pRFrnFE1a7KTCdY1bT_kAgnY3-iadRZrGeJf1fR2P5fu11bokx0pWjaypoy-ctwCjklldpEbA\/s1600\/logo-principal7.jpg\" width=\"100%\" height=\"100\" \/><\/a><!--bestpublic-voz02--><!--desk-in-out-voz02--><\/p>\n<p style=\"text-align: justify;\">El Grupo Municipal Socialista de Tobarra exige un pleno extraordinario para que la alcaldesa explique su comportamiento y asuma, en su caso, responsabilidades pol\u00edticas<\/p>\n<p style=\"text-align: justify;\">Se trata de una petici\u00f3n relacionada con la publicaci\u00f3n de informaciones que describen que la alcaldesa dio positivo en un control de alcoholemia esgrimiendo una \u00abactitud absolutamente impropia\u00bb<\/p>\n<p style=\"text-align: justify;\">El Grupo Municipal Socialista en el Ayuntamiento de Tobarra ha solicitado la celebraci\u00f3n de un pleno extraordinario en el municipio albacete\u00f1o con el fin de que la actual alcaldesa del Partido Popular, Manuela Garrido, d\u00e9 explicaciones respecto a las informaciones que se han conocido esta semana acerca de que dio positivo en un control de alcoholemia en un control de la Polic\u00eda Local.<\/p>\n<p style=\"text-align: justify;\">Los socialistas han solicitado, adem\u00e1s, una copia del atestado policial realizado \u00a8con el fin de que los vecinos y vecinas de Tobarra sepan qu\u00e9 ocurri\u00f3 el pasado s\u00e1bado\u00a8, seg\u00fan ha explicado Estefan\u00eda Escribano, concejala del Grupo Socialista, quien tambi\u00e9n ha pedido al resto de grupos pol\u00edticos representados en el consistorio \u201cque se sumen a esta petici\u00f3n plenaria porque es necesario la transparencia total ante unos hechos de por s\u00ed impropios de un representante p\u00fablico.\u201d<\/p>\n<p style=\"text-align: justify;\">\u201cSi estas informaciones se confirman nos parece extremadamente grave que la alcaldesa del municipio superara ampliamente el l\u00edmite de alcohol establecido para conductores\u201d, ha a\u00f1adido la concejala, para quien resulta \u201cmuy triste que el municipio de Tobarra se haya convertido en actualidad por esta circunstancia\u201d, que incluy\u00f3 al parecer la inmovilizaci\u00f3n de su veh\u00edculo \u201cy una actitud de la alcaldesa con los polic\u00edas locales que entendemos como absolutamente impropia y que qued\u00f3 reflejada en el atestado seg\u00fan hemos podido leer en los medios\u201d.<\/p>\n<p style=\"text-align: justify;\">Escribano ha lamentado este suceso, \u00a8del que queremos tener toda la informaci\u00f3n asociada para valorar las acciones a emprender, comenzando por la necesidad de conocerlo todo en un pleno extraordinario\u00a8, ha continuado, asegurando que si se confirma \u00a8que conduc\u00eda poniendo en riesgo la seguridad vial con esas tasas de alcoholemia y esa conducta impropia ante la Polic\u00eda Local, la alcaldesa de Tobarra deber\u00eda asumir responsabilidades pol\u00edticas\u201d.<\/p>\n<p style=\"text-align: justify;\">Por ello, el Grupo Socialista pide responsabilidad al resto de concejales y concejalas de todos los partidos, \u00a8ya que son necesarias las explicaciones y la transparencia m\u00e1s absoluta por parte de la alcaldesa\u201d, ha a\u00f1adido la concejala socialista.<\/p>\n<p style=\"text-align: justify;\">Hay que recordar al respecto que la \u201cpopular\u201d Manuela Garrido fue investida alcaldesa en la sesi\u00f3n constitutiva del pasado 17 de junio de 2023, gracias a un acuerdo de gobierno entre el Partido Popular y la Plataforma Ciudadana de Tobarra, partido con el que gobierna en coalici\u00f3n. De hecho, siete de las \u00e1reas municipales est\u00e1n al cargo de concejales y concejalas del Partido Popular y tres son dirigidas por concejales de la<\/p>\n<p style=\"text-align: justify;\">Plataforma Ciudadana.<\/p>\n<p style=\"text-align: justify;\">La actual alcaldesa es tambi\u00e9n vocal del Comit\u00e9 Ejecutivo de la Federaci\u00f3n de Municipios y Provincias de Castilla-La Mancha.<\/p>\n<p><!--publicidad-voz03--><a href=\"https:\/\/www.facebook.com\/profile.php?id=100063593791305&amp;locale=es_ES\"><img decoding=\"async\" class=\"alignnone size-medium\" src=\"https:\/\/blogger.googleusercontent.com\/img\/b\/R29vZ2xl\/AVvXsEi8_n_ll8UOcGxCqzFvb_9Io4ICczlGC990BPtPj2w9Px-u7B3oqWUW5vtjZUqPNJ-nyjiUIorE0ATsib_l5tV8BVN-UJ03RTnU__IHJF_4DgDBtY4LIqXNG-FomrO-7ywes20CBCRM2Hcm7EJSh3UUw1dO-c_uTflUrtgY1i7uBRezj_DpympmEFkfbQY\/s1600\/logo-principal2.jpg\" width=\"100%\" height=\"100\" \/><\/a><!--bestpublic-voz03--><!--desk-in-out-voz03--><br \/>\n<!--publicidad-voz04--><a href=\"https:\/\/www.facebook.com\/profile.php?id=61557370768692&amp;locale=es_ES\"><img decoding=\"async\" class=\"alignnone size-medium\" src=\"https:\/\/blogger.googleusercontent.com\/img\/b\/R29vZ2xl\/AVvXsEgy5RdcfffrnrItnYTcV9bCJjgJwldsQLWssfVfrLbyfXeBNTFKgBf0rMIvhrUaGUhiXzVr9_eQgCbi-j63ZDpfTvLIty9w7s140y-m1yHe7eKmEK7v2NAHUJDVYGdfeiQFeRCqUjdwWmN1MX_AUxxz4IVdJ4WIM0APxit8bjWkXzrnEFGqBvW_1F13H1g\/s1600\/logo-principal5.jpg\" width=\"100%\" height=\"100\" \/><\/a><!--bestpublic-voz04--><!--desk-in-out-voz04--><br \/>\n<!--publicidad-voz05--><a href=\"https:\/\/www.facebook.com\/asociaciontamborileroshellin?locale=es_ES\"><img decoding=\"async\" class=\"alignnone size-medium\" src=\"https:\/\/blogger.googleusercontent.com\/img\/b\/R29vZ2xl\/AVvXsEhHEEpZsKK1VpwiYMrS7aE2ujtqIDZoLd4B5wtbiseSU9s2HdTdQfhF84So2XwEB1fv0BLw95GADm6hUl1bkKtzh-eIgVigXONuu_5RxeIMPhjk8q6uNX4EaEHbooKkbu7pCADWPpVJjhKIH5NQSJpWqedC-YBez4QAQeJYokkLot9bhrIaUAeztsGis6M\/s1600\/logo-principal3.jpg\" width=\"100%\" height=\"100\" \/><\/a><!--bestpublic-voz05--><!--desk-in-out-voz05--><br \/>\n<!--publicidad-voz06--><!--bestpublic-voz06--><!--desk-in-out-voz06--><br \/>\n<!--publicidad-voz07--><!--bestpublic-voz07--><!--desk-in-out-voz07--><br \/>\n<!--publicidad-voz08--><!--bestpublic-voz08--><!--desk-in-out-voz08--><br \/>\n<!--publicidad-voz09--><!--bestpublic-voz09--><!--desk-in-out-voz09--><br \/>\n<!--publicidad-voz10--><!--bestpublic-voz10--><!--desk-in-out-voz10--><br \/>\n<!--publicidad-voz11--><!--bestpublic-voz11--><!--desk-in-out-voz11--><br \/>\n<!--publicidad-voz12--><!--bestpublic-voz12--><!--desk-in-out-voz12--><br \/>\n<!--publicidad-voz13--><!--bestpublic-voz13--><!--desk-in-out-voz13--><br \/>\n<!--publicidad-voz14--><!--bestpublic-voz14--><!--desk-in-out-voz14--><br \/>\n<!--publicidad-voz15--><!--bestpublic-voz15--><!--desk-in-out-voz15--><br \/>\n<!--publicidad-voz16--><!--bestpublic-voz16--><!--desk-in-out-voz16--><\/p>\n","protected":false},"excerpt":{"rendered":"<p>NOTA DE PRENSA.<\/p>\n","protected":false},"author":2,"featured_media":149879,"comment_status":"closed","ping_status":"closed","sticky":false,"template":"","format":"standard","meta":{"footnotes":""},"categories":[754,718,715,716,717],"tags":[],"class_list":["post-149878","post","type-post","status-publish","format-standard","has-post-thumbnail","hentry","category-blog-lv035","category-blogger","category-la-voz-de-hellin","category-la-voz-de-hellin-la-voz-de-hellin","category-noticias"],"_links":{"self":[{"href":"https:\/\/lavozdehellin.com\/noticias\/wp-json\/wp\/v2\/posts\/149878","targetHints":{"allow":["GET"]}}],"collection":[{"href":"https:\/\/lavozdehellin.com\/noticias\/wp-json\/wp\/v2\/posts"}],"about":[{"href":"https:\/\/lavozdehellin.com\/noticias\/wp-json\/wp\/v2\/types\/post"}],"author":[{"embeddable":true,"href":"https:\/\/lavozdehellin.com\/noticias\/wp-json\/wp\/v2\/users\/2"}],"replies":[{"embeddable":true,"href":"https:\/\/lavozdehellin.com\/noticias\/wp-json\/wp\/v2\/comments?post=149878"}],"version-history":[{"count":0,"href":"https:\/\/lavozdehellin.com\/noticias\/wp-json\/wp\/v2\/posts\/149878\/revisions"}],"wp:featuredmedia":[{"embeddable":true,"href":"https:\/\/lavozdehellin.com\/noticias\/wp-json\/wp\/v2\/media\/149879"}],"wp:attachment":[{"href":"https:\/\/lavozdehellin.com\/noticias\/wp-json\/wp\/v2\/media?parent=149878"}],"wp:term":[{"taxonomy":"category","embeddable":true,"href":"https:\/\/lavozdehellin.com\/noticias\/wp-json\/wp\/v2\/categories?post=149878"},{"taxonomy":"post_tag","embeddable":true,"href":"https:\/\/lavozdehellin.com\/noticias\/wp-json\/wp\/v2\/tags?post=149878"}],"curies":[{"name":"wp","href":"https:\/\/api.w.org\/{rel}","templated":true}]}}