{"id":149899,"date":"2024-04-19T13:31:47","date_gmt":"2024-04-19T11:31:47","guid":{"rendered":"https:\/\/lavozdehellin.com\/noticias\/?p=149899"},"modified":"2024-04-23T19:29:48","modified_gmt":"2024-04-23T17:29:48","slug":"v08-517-cabanero-inicia-la-cuenta-atras-del-iii-gran-fondo-sierra-de-albacete-que-este-sabado-hara-del-ciclismo-el-mejor-escaparate-provincial-de-la-mano-de-la-diputacion","status":"publish","type":"post","link":"https:\/\/lavozdehellin.com\/noticias\/v08-517-cabanero-inicia-la-cuenta-atras-del-iii-gran-fondo-sierra-de-albacete-que-este-sabado-hara-del-ciclismo-el-mejor-escaparate-provincial-de-la-mano-de-la-diputacion\/","title":{"rendered":"LVH NOTICIAS | CABA\u00d1ERO INICIA LA \u2018CUENTA ATR\u00c1S\u2019 DEL III GRAN FONDO SIERRA DE ALBACETE, QUE ESTE S\u00c1BADO HAR\u00c1 DEL CICLISMO EL MEJOR ESCAPARATE PROVINCIAL DE LA MANO DE LA DIPUTACI\u00d3N"},"content":{"rendered":"<p style=\"text-align: justify;\">\u2018Cuenta atr\u00e1s\u2019 de lujo la que el presidente de la Diputaci\u00f3n de Albacete, Santi Caba\u00f1ero, ha marcado este viernes para el III Gran Fondo Internacional Cicloturista Sierra de Albacete que, este s\u00e1bado 20 de abril, impresionar\u00e1 de la mano del mejor ciclismo.<\/p>\n<p><!--more--><br \/>\n<!--publicidad-voz01--><a href=\"https:\/\/www.facebook.com\/SoloRadioHellin\/?locale=es_ES\"><img decoding=\"async\" class=\"alignnone size-medium\" src=\"https:\/\/blogger.googleusercontent.com\/img\/b\/R29vZ2xl\/AVvXsEiNncirNnyGedv00mhjZjh5Wl4_YPdJGanoAl8tL8zH-HwqE8uHqjEfSt340RHdx-9tuCSIkZ8rFamZiGyYlgDGxCsmXjCH_1xk5eYM3ntFZRvJP_jndOKR7w1UAo9Tu0vrZyOLfqRpHIxYI5SymJJ-pfGCQw6QVpggBH-UgfjiFQ2JOxqxG0Jx94kW83c\/s1600\/logo-principal.jpg\" width=\"100%\" height=\"100\" \/><\/a><!--bestpublic-voz01--><!--desk-in-out-voz01--><br \/>\n<!--publicidad-voz02--><a href=\"https:\/\/www.hellincf.com\/\"><img decoding=\"async\" class=\"alignnone size-medium\" src=\"https:\/\/blogger.googleusercontent.com\/img\/b\/R29vZ2xl\/AVvXsEhuZ4-XfBVj3UtdP8-RZugy3WVrg-Zv28c53m4oV47qYCxL1rX_dqWX_YddsGSnpH5SRDqZ7bZeKPIfDVCDncpjVlhy3aQs2vojcJBn7Gdv9hC2_Nzct_pRFrnFE1a7KTCdY1bT_kAgnY3-iadRZrGeJf1fR2P5fu11bokx0pWjaypoy-ctwCjklldpEbA\/s1600\/logo-principal7.jpg\" width=\"100%\" height=\"100\" \/><\/a><!--bestpublic-voz02--><!--desk-in-out-voz02--><\/p>\n<p style=\"text-align: justify;\">Lo ha hecho en \u2018la previa\u2019 que se ha celebrado en el Palacio Provincial, acompa\u00f1ado del diputado de Deportes, Dani Sancha, y con Roberto Heras, Melchor Mauri, Marta \u00c1lvarez y Almudena Jim\u00e9nez como \u2018avanzadilla\u2019 de las y los participantes que tomar\u00e1n la salida en Ri\u00f3par.<\/p>\n<p style=\"text-align: justify;\">\u2018Joven\u2019 pero plenamente asentado, a tenor de los registros, este a\u00f1o el evento impulsado por la Diputaci\u00f3n de Albacete (en colaboraci\u00f3n con el Club Ciclista Onturense), y parte del calendario internacional de la UCI, ha establecido un nuevo r\u00e9cord de participaci\u00f3n con 1.458 inscripciones (el \u2018tope\u2019 dispuesto para este 2024, por \u2018log\u00edstica\u2019), marcando un incremento del 32% con respecto al a\u00f1o pasado y del 192% desde su primera edici\u00f3n, en 2022, como ha puesto en valor el presidente.<\/p>\n<p style=\"text-align: justify;\">Caba\u00f1ero ha concretado que entre los y las participantes hay representantes de 13 pa\u00edses que, en el caso de Espa\u00f1a, proceden de hasta 33 provincias espa\u00f1olas, destacando la presencia de ciclistas de Murcia, Ciudad Real y Alicante, tras Albacete como \u2018anfitriona\u2019.<\/p>\n<p style=\"text-align: justify;\">Participantes que incluyen 79 mujeres: como recordaba Almudena Jim\u00e9nez, muy lejos de las 3 que tomaron la saluda en la primera edici\u00f3n, algo que ha resaltado mostr\u00e1ndose \u201ccontenta por todas las mujeres que se han inscrito y de que se vayan animando\u201d.<\/p>\n<p style=\"text-align: justify;\">Grandes \u2018de ayer\u2019 y \u2018de hoy\u2019 se suman a la cita<\/p>\n<p style=\"text-align: justify;\">Un a\u00f1o m\u00e1s, la prueba contar\u00e1 con la presencia de grandes figuras del ciclismo \u2018de ayer y de hoy\u2019 ahora\u2019, como Roberto Heras, cuatro veces campe\u00f3n de la Vuelta Ciclista a Espa\u00f1a; Melchor Mauri, ganador de la Vuelta en 1991; y las destacadas ciclistas Marta \u00c1lvarez y Almudena Jim\u00e9nez (\u00e9sta \u00faltima, l\u00edder del Circuito Provincial de BTT de la Diputaci\u00f3n de Albacete). Deportistas que, en esta \u2018antesala\u2019 a la cita, han compartido sus expectativas y sensaciones previas a la carrera.<\/p>\n<p style=\"text-align: justify;\">En el caso de Melchor Mauri y este Gran Fondo, \u201cno hay dos sin tres\u201d, afirmando sentirse \u201cmuy a gusto en este tipo de pruebas, porque realmente podemos compartir lo que es el ciclismo, que me sigue apasionando\u2026 es algo que empec\u00e9 con nueve a\u00f1os y a lo que tuve la gran suerte de dedicarme durante 16 a\u00f1os en el campo profesional; y, una vez he terminado mi carrera deportiva, he seguido disfrutando de este deporte que me encanta\u2026 Ahora, como un cicloturista m\u00e1s siempre digo que he pasado de ser ciclista profesional a cicloturista: ahora lo disfruto sin sufrir tanto porque el ciclismo es un deporte muy exigente, es muy duro\u2026 un deporte masoquista donde, el que m\u00e1s capacidad tiene (bien sea por forma f\u00edsica o por capacidad de sufrimiento), es muchas veces quien m\u00e1s puede conseguir un buen resultado o ganar una prueba\u201d ha explicado, sobre esa otra forma de vivir el ciclismo que afronta y con la que tambi\u00e9n Roberto Heras se ha manifestado plenamente identificado.<\/p>\n<p style=\"text-align: justify;\">\u201cUn antes y un despu\u00e9s\u201d en el ciclismo de carretera provincial y regional<\/p>\n<p style=\"text-align: justify;\">Agradeciendo a los cuatro protagonista su presencia, clave para dar m\u00e1s valor a la cita, Santi Caba\u00f1ero ha subrayado c\u00f3mo esta prueba deportiva ha marcado \u201cun antes y un despu\u00e9s en el ciclismo de carretera provincial y regional\u201d, dando \u201cun giro de 180\u00ba\u201d a la percepci\u00f3n que (sobre todo, fuera de aqu\u00ed) se tiene de la provincia en el \u00e1mbito ciclista, relacion\u00e1ndola tradicionalmente con el llano y los memorables \u2018abanicos\u2019 que han marcado tantas llegadas de la Vuelta al territorio provincial, algo que han comentado el conjunto de los y las ciclistas presentes, entre risas, se\u00f1alando el \u2018sue\u00f1o\u2019 y la conveniencia de que la Vuelta Ciclista a Espa\u00f1a se plantee contar con la Sierra de Albacete para futuras ediciones\u2026<\/p>\n<p style=\"text-align: justify;\">\u201cPara m\u00ed va a ser una experiencia in\u00e9dita porque, nunca la Vuelta a Espa\u00f1a, en los a\u00f1os que yo corr\u00ed, pas\u00f3 por la Sierra de Albacete\u2026 Cuando me contactasteis para participar, me sorprendi\u00f3 porque, habiendo participado en la Vuelta a Espa\u00f1a en nueve ocasiones, conoces toda Espa\u00f1a y, cuando me hablaban de Albacete\u2026 \u2018abanicos\u2019, aire\u2026era sin\u00f3nimo de agon\u00eda\u201d, ha recordado Heras.<\/p>\n<p style=\"text-align: justify;\">E in\u00e9dita ser\u00e1 tambi\u00e9n la experiencia para Marta \u00c1lvarez, que se ha mostrado \u201cs\u00faper agradecida\u201d de poder compartirla junto a esos \u201cgrandes profesionales\u201d disfrutando de esta prueba cicloturista \u201cpreciosa\u201d que ha afirmado tener muchas ganas de conocer y de la que le han hablado maravillas.<\/p>\n<p style=\"text-align: justify;\">En ese sentido, el presidente ha resaltado lo importante del c\u00f3mo se est\u00e1 produciendo ese crecimiento: creando \u2018familia\u2019, tejiendo amistades, e impulsando v\u00ednculos que, a trav\u00e9s del deporte y del \u2018boca a boca\u2019, han hecho crecer la carrera, rodeada del cari\u00f1o y de las buenas impresiones que ha generado en quienes ya han podido vivirla en citas previas caso de \u2018ilustres\u2019, como el propio Melchor Mauri (que repite), Abraham Olano, Joaquim \u2018Purito\u2019 Rodr\u00edguez, Dori Ruano, y los paisanos albacetenses H\u00e9ctor Carretero y \u00d3scar Sevilla.<\/p>\n<p style=\"text-align: justify;\">\u00abCon cada edici\u00f3n de la Gran Fondo, la Diputaci\u00f3n de Albacete refuerza su compromiso con el deporte y con la provincia. Estamos orgullosos de c\u00f3mo este evento no s\u00f3lo ha mejorado nuestro potencial, sino que ha fomentado la convivencia, la camarader\u00eda y el esp\u00edritu deportivo entre participantes de diversas nacionalidades y generaciones\u00bb, ha afirmado el presidente.<\/p>\n<p style=\"text-align: justify;\">Recorridos desafiantes por parajes espectaculares<\/p>\n<p style=\"text-align: justify;\">Adapt\u00e1ndose a todos los estados de forma, el Gran Fondo ofrece dos recorridos: uno, de 157 km (y con un desnivel acumulado de +3000 metros) que incluye seis exigentes puertos; y otro, m\u00e1s \u2018accesible\u2019, de 113 km que acumula cinco ascensos. Ambos propuestas prometen ser un desaf\u00edo para los y las participantes y, sobre todo, una \u201cgran oportunidad\u201d para descubrir los \u201cimpresionantes parajes naturales\u201d de esta zona del Parque Natural de los Calares del r\u00edo Mundo y de la Sima.<\/p>\n<p style=\"text-align: justify;\">Algo en lo que ha sido clave el trabajo realizado en estos tanto, tanto en lo relativo a la mejora de carreteras como en la propia se\u00f1alizaci\u00f3n de puertos para su dinamizaci\u00f3n deportiva. Asimismo, se han establecido puntos de atenci\u00f3n m\u00e9dica y mec\u00e1nica, coordinaci\u00f3n de seguridad y servicios de cronometraje y avituallamiento para garantizar una experiencia segura y profesional para los y las asistentes.<\/p>\n<p style=\"text-align: justify;\">El evento no s\u00f3lo ser\u00e1 una competici\u00f3n, sino una verdadera \u201ccelebraci\u00f3n del ciclismo\u201d, con actividades paralelas como una zona expo y actividades infantiles. Adem\u00e1s, la Plaza Luis Escudero en Ri\u00f3par albergar\u00e1 stands de marcas y entidades ciclistas desde la tarde de este viernes, cuando tendr\u00e1 lugar la recepci\u00f3n oficial a las y los participantes que vayan llegando a la localidad.<\/p>\n<p style=\"text-align: justify;\">El m\u00e1ximo responsable provincial ha subrayado su agradecimiento a los ayuntamientos de las localidades implicadas, al personal del Servicio de Deportes, y a todas las personas y entidades que, desde diversos \u00e1mbitos, ser\u00e1n claves para un nuevo \u00e9xito en torno al III Gran Fondo Sierra de Albacete.<\/p>\n<p><!--publicidad-voz03--><a href=\"https:\/\/www.facebook.com\/profile.php?id=100063593791305&amp;locale=es_ES\"><img decoding=\"async\" class=\"alignnone size-medium\" src=\"https:\/\/blogger.googleusercontent.com\/img\/b\/R29vZ2xl\/AVvXsEi8_n_ll8UOcGxCqzFvb_9Io4ICczlGC990BPtPj2w9Px-u7B3oqWUW5vtjZUqPNJ-nyjiUIorE0ATsib_l5tV8BVN-UJ03RTnU__IHJF_4DgDBtY4LIqXNG-FomrO-7ywes20CBCRM2Hcm7EJSh3UUw1dO-c_uTflUrtgY1i7uBRezj_DpympmEFkfbQY\/s1600\/logo-principal2.jpg\" width=\"100%\" height=\"100\" \/><\/a><!--bestpublic-voz03--><!--desk-in-out-voz03--><br \/>\n<!--publicidad-voz04--><a href=\"https:\/\/www.facebook.com\/profile.php?id=61557370768692&amp;locale=es_ES\"><img decoding=\"async\" class=\"alignnone size-medium\" src=\"https:\/\/blogger.googleusercontent.com\/img\/b\/R29vZ2xl\/AVvXsEgy5RdcfffrnrItnYTcV9bCJjgJwldsQLWssfVfrLbyfXeBNTFKgBf0rMIvhrUaGUhiXzVr9_eQgCbi-j63ZDpfTvLIty9w7s140y-m1yHe7eKmEK7v2NAHUJDVYGdfeiQFeRCqUjdwWmN1MX_AUxxz4IVdJ4WIM0APxit8bjWkXzrnEFGqBvW_1F13H1g\/s1600\/logo-principal5.jpg\" width=\"100%\" height=\"100\" \/><\/a><!--bestpublic-voz04--><!--desk-in-out-voz04--><br \/>\n<!--publicidad-voz05--><a href=\"https:\/\/www.facebook.com\/asociaciontamborileroshellin?locale=es_ES\"><img decoding=\"async\" class=\"alignnone size-medium\" src=\"https:\/\/blogger.googleusercontent.com\/img\/b\/R29vZ2xl\/AVvXsEhHEEpZsKK1VpwiYMrS7aE2ujtqIDZoLd4B5wtbiseSU9s2HdTdQfhF84So2XwEB1fv0BLw95GADm6hUl1bkKtzh-eIgVigXONuu_5RxeIMPhjk8q6uNX4EaEHbooKkbu7pCADWPpVJjhKIH5NQSJpWqedC-YBez4QAQeJYokkLot9bhrIaUAeztsGis6M\/s1600\/logo-principal3.jpg\" width=\"100%\" height=\"100\" \/><\/a><!--bestpublic-voz05--><!--desk-in-out-voz05--><br \/>\n<!--publicidad-voz06--><!--bestpublic-voz06--><!--desk-in-out-voz06--><br \/>\n<!--publicidad-voz07--><!--bestpublic-voz07--><!--desk-in-out-voz07--><br \/>\n<!--publicidad-voz08--><!--bestpublic-voz08--><!--desk-in-out-voz08--><br \/>\n<!--publicidad-voz09--><!--bestpublic-voz09--><!--desk-in-out-voz09--><br \/>\n<!--publicidad-voz10--><!--bestpublic-voz10--><!--desk-in-out-voz10--><br \/>\n<!--publicidad-voz11--><!--bestpublic-voz11--><!--desk-in-out-voz11--><br \/>\n<!--publicidad-voz12--><!--bestpublic-voz12--><!--desk-in-out-voz12--><br \/>\n<!--publicidad-voz13--><!--bestpublic-voz13--><!--desk-in-out-voz13--><br \/>\n<!--publicidad-voz14--><!--bestpublic-voz14--><!--desk-in-out-voz14--><br \/>\n<!--publicidad-voz15--><!--bestpublic-voz15--><!--desk-in-out-voz15--><br \/>\n<!--publicidad-voz16--><!--bestpublic-voz16--><!--desk-in-out-voz16--><\/p>\n","protected":false},"excerpt":{"rendered":"<p>\u2018Cuenta atr\u00e1s\u2019 de lujo la que el presidente de la Diputaci\u00f3n de Albacete, Santi Caba\u00f1ero, ha marcado este viernes para el III Gran Fondo Internacional Cicloturista Sierra de Albacete que,&#8230;<\/p>\n","protected":false},"author":2,"featured_media":149900,"comment_status":"closed","ping_status":"closed","sticky":false,"template":"","format":"standard","meta":{"footnotes":""},"categories":[754,718,715,716,717],"tags":[],"class_list":["post-149899","post","type-post","status-publish","format-standard","has-post-thumbnail","hentry","category-blog-lv035","category-blogger","category-la-voz-de-hellin","category-la-voz-de-hellin-la-voz-de-hellin","category-noticias"],"_links":{"self":[{"href":"https:\/\/lavozdehellin.com\/noticias\/wp-json\/wp\/v2\/posts\/149899","targetHints":{"allow":["GET"]}}],"collection":[{"href":"https:\/\/lavozdehellin.com\/noticias\/wp-json\/wp\/v2\/posts"}],"about":[{"href":"https:\/\/lavozdehellin.com\/noticias\/wp-json\/wp\/v2\/types\/post"}],"author":[{"embeddable":true,"href":"https:\/\/lavozdehellin.com\/noticias\/wp-json\/wp\/v2\/users\/2"}],"replies":[{"embeddable":true,"href":"https:\/\/lavozdehellin.com\/noticias\/wp-json\/wp\/v2\/comments?post=149899"}],"version-history":[{"count":0,"href":"https:\/\/lavozdehellin.com\/noticias\/wp-json\/wp\/v2\/posts\/149899\/revisions"}],"wp:featuredmedia":[{"embeddable":true,"href":"https:\/\/lavozdehellin.com\/noticias\/wp-json\/wp\/v2\/media\/149900"}],"wp:attachment":[{"href":"https:\/\/lavozdehellin.com\/noticias\/wp-json\/wp\/v2\/media?parent=149899"}],"wp:term":[{"taxonomy":"category","embeddable":true,"href":"https:\/\/lavozdehellin.com\/noticias\/wp-json\/wp\/v2\/categories?post=149899"},{"taxonomy":"post_tag","embeddable":true,"href":"https:\/\/lavozdehellin.com\/noticias\/wp-json\/wp\/v2\/tags?post=149899"}],"curies":[{"name":"wp","href":"https:\/\/api.w.org\/{rel}","templated":true}]}}