{"id":149905,"date":"2024-04-20T10:36:58","date_gmt":"2024-04-20T08:36:58","guid":{"rendered":"https:\/\/lavozdehellin.com\/noticias\/?p=149905"},"modified":"2024-04-23T19:29:48","modified_gmt":"2024-04-23T17:29:48","slug":"v08-519-cabanero-subraya-el-compromiso-con-la-preservacion-del-legado-cultural-y-patrimonial-que-emana-del-xv-congreso-nacional-de-cofradias-de-jesus-de-medinaceli-que-acoge-hellin","status":"publish","type":"post","link":"https:\/\/lavozdehellin.com\/noticias\/v08-519-cabanero-subraya-el-compromiso-con-la-preservacion-del-legado-cultural-y-patrimonial-que-emana-del-xv-congreso-nacional-de-cofradias-de-jesus-de-medinaceli-que-acoge-hellin\/","title":{"rendered":"LVH NOTICIAS | CABA\u00d1ERO SUBRAYA \u201cEL COMPROMISO CON LA PRESERVACI\u00d3N DEL LEGADO CULTURAL Y PATRIMONIAL\u201d QUE EMANA DEL XV CONGRESO NACIONAL DE COFRAD\u00cdAS DE JES\u00daS DE MEDINACELI QUE ACOGE HELL\u00cdN"},"content":{"rendered":"<p style=\"text-align: justify;\">Este s\u00e1bado, en torno a las 10:00 horas, ha dado comienzo en el Sal\u00f3n de Actos del Museo de Semana Santa y Tamborada \u2018Rafael S\u00e1nchez Hortelano\u2019 de Hell\u00edn la inauguraci\u00f3n del XV Congreso Nacional de Cofrad\u00edas de Jes\u00fas Nazareno Cautivo, Rescatado de Medinaceli que, hasta este domingo, alberga la localidad.<\/p>\n<p><!--more--><br \/>\n<!--publicidad-voz01--><a href=\"https:\/\/www.facebook.com\/SoloRadioHellin\/?locale=es_ES\"><img decoding=\"async\" class=\"alignnone size-medium\" src=\"https:\/\/blogger.googleusercontent.com\/img\/b\/R29vZ2xl\/AVvXsEiNncirNnyGedv00mhjZjh5Wl4_YPdJGanoAl8tL8zH-HwqE8uHqjEfSt340RHdx-9tuCSIkZ8rFamZiGyYlgDGxCsmXjCH_1xk5eYM3ntFZRvJP_jndOKR7w1UAo9Tu0vrZyOLfqRpHIxYI5SymJJ-pfGCQw6QVpggBH-UgfjiFQ2JOxqxG0Jx94kW83c\/s1600\/logo-principal.jpg\" width=\"100%\" height=\"100\" \/><\/a><!--bestpublic-voz01--><!--desk-in-out-voz01--><br \/>\n<!--publicidad-voz02--><a href=\"https:\/\/www.hellincf.com\/\"><img decoding=\"async\" class=\"alignnone size-medium\" src=\"https:\/\/blogger.googleusercontent.com\/img\/b\/R29vZ2xl\/AVvXsEhuZ4-XfBVj3UtdP8-RZugy3WVrg-Zv28c53m4oV47qYCxL1rX_dqWX_YddsGSnpH5SRDqZ7bZeKPIfDVCDncpjVlhy3aQs2vojcJBn7Gdv9hC2_Nzct_pRFrnFE1a7KTCdY1bT_kAgnY3-iadRZrGeJf1fR2P5fu11bokx0pWjaypoy-ctwCjklldpEbA\/s1600\/logo-principal7.jpg\" width=\"100%\" height=\"100\" \/><\/a><!--bestpublic-voz02--><!--desk-in-out-voz02--><\/p>\n<p style=\"text-align: justify;\">Una cita en la que ha participado el presidente de la Diputaci\u00f3n de Albacete, Santi Caba\u00f1ero, destacando lo que supone para la provincia de Albacete acoger por primera vez en su territorio un encuentro tan significativo como \u00e9ste que, en anteriores ediciones, ha recalado en ciudades como \u00c1vila, Bilbao, Madrid, Valencia, Ceuta, Le\u00f3n, Zaragoza, Sevilla, Castell\u00f3n, Palencia, Cartagena o Tomelloso.<\/p>\n<p style=\"text-align: justify;\">En la mesa inaugural, junto a Caba\u00f1ero, han intervenido: el alcalde de Hell\u00edn, Manuel Serena; el delegado provincial de la JCCM en Albacete, Pedro Antonio Ruiz Santos; el consiliario y p\u00e1rroco San Roque de Hell\u00edn, Jon \u00c1lex; el Hermano Mayor de la Archicofrad\u00eda Nuestro Padre Jes\u00fas de Medinaceli de Hell\u00edn (organizadora del evento), Jos\u00e9 Aurelio Mart\u00ednez Medina; y el Obispo Em\u00e9rito de la Di\u00f3cesis de Albacete, \u00c1ngel Fern\u00e1ndez (hacia quien el presidente provincial ha tenido palabras p\u00fablicas de cari\u00f1o, tras su reciente renuncia al cargo de obispo por razones de salud).<\/p>\n<p style=\"text-align: justify;\">En su intervenci\u00f3n, Santi Caba\u00f1ero ha expresado su orgullo por la capacidad de Hell\u00edn para acoger un evento de esta magnitud que, nuevamente, demuestra que \u00e9sta es una ciudad que destaca por su hospitalidad y su rica tradici\u00f3n cultural, especialmente evidentes durante la Semana Santa (de Inter\u00e9s Tur\u00edstico Internacional) y sus \u201cimpresionantes\u201d Tamboradas.<\/p>\n<p style=\"text-align: justify;\">Una imagen inolvidable, \u201cexpresi\u00f3n viva\u201d del legado de todo un pueblo<\/p>\n<p style=\"text-align: justify;\">\u201cRecuerdo que, cuando hace un par de meses, pude visitar la sede de la Archicofrad\u00eda junto a su \u2018Hermano Mayor\u2019, Jos\u00e9 Aurelio, (pudiendo despu\u00e9s estar en San Roque, ante el Medinaceli de Hell\u00edn), le contaba mi recuerdo sobre algo que os animo a vivir aqu\u00ed (si no lo hab\u00e9is hecho a\u00fan): esa imagen impresionante (que me ha marcado como pocas) del Medinaceli, casi levitando, entre miles de tamborileros y tamborileras que le abren paso en un Rabal abarrotado el mi\u00e9rcoles santo\u2026 Ser testigo de momentos as\u00ed es descubrir la expresi\u00f3n viva del legado de todo un pueblo, reconocido en su profundidad y devoci\u00f3n. Y este encuentro que viv\u00eds estos d\u00edas, es una plataforma para ensalzar y compartir toda esa riqueza que une\u201d, ha explicado Caba\u00f1ero ante las y los presentes en la apertura oficial del congreso.<\/p>\n<p style=\"text-align: justify;\">La Diputaci\u00f3n de Albacete ha contribuido con la Archicofrad\u00eda de Nuestro Padre Jes\u00fas de Medinaceli para hacer posible la organizaci\u00f3n de este evento, dentro de su compromiso compartido con la promoci\u00f3n y preservaci\u00f3n del patrimonio cultural de los territorios.<\/p>\n<p style=\"text-align: justify;\">\u00abSiempre es un placer visitar Hell\u00edn, m\u00e1s si cabe en ocasiones como \u00e9sta, donde la ciudad se muestra en su esplendor y se abre. \u00c9ste no es s\u00f3lo un evento de relevancia cultural, tambi\u00e9n es una inversi\u00f3n en la comunidad y en la econom\u00eda, que fortalece una identidad cultural profunda y amplia\u00bb, ha subrayado el dirigente provincial.<\/p>\n<p style=\"text-align: justify;\">Poniendo en valor el trabajo que ha venido realizando, con dedicaci\u00f3n y tes\u00f3n, todo el equipo de la Archicofrad\u00eda hellinera, ha resaltado la importancia de la colaboraci\u00f3n y el trabajo conjunto: \u00abNos unen muchas cosas, pero especialmente el compromiso con la promoci\u00f3n y preservaci\u00f3n del legado cultural y patrimonial. Por eso, la Diputaci\u00f3n no dud\u00f3 en apoyar este evento que tanto se merece Hell\u00edn\u2026\u00bb, ha explicado.<\/p>\n<p style=\"text-align: justify;\">Durante este s\u00e1bado y domingo, el XV Congreso Nacional de Cofrad\u00edas de Jes\u00fas Nazareno Cautivo, Rescatado de Medinaceli, con m\u00e1s de 150 inscripciones procedentes de distintos puntos del pa\u00eds, ofrece \u201cun espacio para la reflexi\u00f3n y el intercambio de experiencias\u201d que ha sido muy puesto en valor por Santi Caba\u00f1ero, que ha resaltado esa finalidad \u00faltima de \u201cfortalecer los lazos\u201d que acercan a las cofrad\u00edas a trav\u00e9s de sus diversas experiencias y perspectivas.<\/p>\n<p style=\"text-align: justify;\">Tras la ceremonia de apertura, han dado comienzo las distintas sesiones que conformaci\u00f3n una extensa programaci\u00f3n con charlas u encuentros en el marco de un evento que, ha resaltado Caba\u00f1ero, \u201cno s\u00f3lo promete ser un \u00e9xito, sino un motivo de orgullo que resaltar\u00e1 a\u00fan m\u00e1s la importancia cultural, art\u00edstica y patrimonial de Hell\u00edn\u201d.<\/p>\n<p><!--publicidad-voz03--><a href=\"https:\/\/www.facebook.com\/profile.php?id=100063593791305&amp;locale=es_ES\"><img decoding=\"async\" class=\"alignnone size-medium\" src=\"https:\/\/blogger.googleusercontent.com\/img\/b\/R29vZ2xl\/AVvXsEi8_n_ll8UOcGxCqzFvb_9Io4ICczlGC990BPtPj2w9Px-u7B3oqWUW5vtjZUqPNJ-nyjiUIorE0ATsib_l5tV8BVN-UJ03RTnU__IHJF_4DgDBtY4LIqXNG-FomrO-7ywes20CBCRM2Hcm7EJSh3UUw1dO-c_uTflUrtgY1i7uBRezj_DpympmEFkfbQY\/s1600\/logo-principal2.jpg\" width=\"100%\" height=\"100\" \/><\/a><!--bestpublic-voz03--><!--desk-in-out-voz03--><br \/>\n<!--publicidad-voz04--><a href=\"https:\/\/www.facebook.com\/profile.php?id=61557370768692&amp;locale=es_ES\"><img decoding=\"async\" class=\"alignnone size-medium\" src=\"https:\/\/blogger.googleusercontent.com\/img\/b\/R29vZ2xl\/AVvXsEgy5RdcfffrnrItnYTcV9bCJjgJwldsQLWssfVfrLbyfXeBNTFKgBf0rMIvhrUaGUhiXzVr9_eQgCbi-j63ZDpfTvLIty9w7s140y-m1yHe7eKmEK7v2NAHUJDVYGdfeiQFeRCqUjdwWmN1MX_AUxxz4IVdJ4WIM0APxit8bjWkXzrnEFGqBvW_1F13H1g\/s1600\/logo-principal5.jpg\" width=\"100%\" height=\"100\" \/><\/a><!--bestpublic-voz04--><!--desk-in-out-voz04--><br \/>\n<!--publicidad-voz05--><a href=\"https:\/\/www.facebook.com\/asociaciontamborileroshellin?locale=es_ES\"><img decoding=\"async\" class=\"alignnone size-medium\" src=\"https:\/\/blogger.googleusercontent.com\/img\/b\/R29vZ2xl\/AVvXsEhHEEpZsKK1VpwiYMrS7aE2ujtqIDZoLd4B5wtbiseSU9s2HdTdQfhF84So2XwEB1fv0BLw95GADm6hUl1bkKtzh-eIgVigXONuu_5RxeIMPhjk8q6uNX4EaEHbooKkbu7pCADWPpVJjhKIH5NQSJpWqedC-YBez4QAQeJYokkLot9bhrIaUAeztsGis6M\/s1600\/logo-principal3.jpg\" width=\"100%\" height=\"100\" \/><\/a><!--bestpublic-voz05--><!--desk-in-out-voz05--><br \/>\n<!--publicidad-voz06--><!--bestpublic-voz06--><!--desk-in-out-voz06--><br \/>\n<!--publicidad-voz07--><!--bestpublic-voz07--><!--desk-in-out-voz07--><br \/>\n<!--publicidad-voz08--><!--bestpublic-voz08--><!--desk-in-out-voz08--><br \/>\n<!--publicidad-voz09--><!--bestpublic-voz09--><!--desk-in-out-voz09--><br \/>\n<!--publicidad-voz10--><!--bestpublic-voz10--><!--desk-in-out-voz10--><br \/>\n<!--publicidad-voz11--><!--bestpublic-voz11--><!--desk-in-out-voz11--><br \/>\n<!--publicidad-voz12--><!--bestpublic-voz12--><!--desk-in-out-voz12--><br \/>\n<!--publicidad-voz13--><!--bestpublic-voz13--><!--desk-in-out-voz13--><br \/>\n<!--publicidad-voz14--><!--bestpublic-voz14--><!--desk-in-out-voz14--><br \/>\n<!--publicidad-voz15--><!--bestpublic-voz15--><!--desk-in-out-voz15--><br \/>\n<!--publicidad-voz16--><!--bestpublic-voz16--><!--desk-in-out-voz16--><\/p>\n","protected":false},"excerpt":{"rendered":"<p>Este s\u00e1bado, en torno a las 10:00 horas, ha dado comienzo en el Sal\u00f3n de Actos del Museo de Semana Santa y Tamborada \u2018Rafael S\u00e1nchez Hortelano\u2019 de Hell\u00edn la inauguraci\u00f3n&#8230;<\/p>\n","protected":false},"author":2,"featured_media":149906,"comment_status":"closed","ping_status":"closed","sticky":false,"template":"","format":"standard","meta":{"footnotes":""},"categories":[754,718,715,716,717],"tags":[],"class_list":["post-149905","post","type-post","status-publish","format-standard","has-post-thumbnail","hentry","category-blog-lv035","category-blogger","category-la-voz-de-hellin","category-la-voz-de-hellin-la-voz-de-hellin","category-noticias"],"_links":{"self":[{"href":"https:\/\/lavozdehellin.com\/noticias\/wp-json\/wp\/v2\/posts\/149905","targetHints":{"allow":["GET"]}}],"collection":[{"href":"https:\/\/lavozdehellin.com\/noticias\/wp-json\/wp\/v2\/posts"}],"about":[{"href":"https:\/\/lavozdehellin.com\/noticias\/wp-json\/wp\/v2\/types\/post"}],"author":[{"embeddable":true,"href":"https:\/\/lavozdehellin.com\/noticias\/wp-json\/wp\/v2\/users\/2"}],"replies":[{"embeddable":true,"href":"https:\/\/lavozdehellin.com\/noticias\/wp-json\/wp\/v2\/comments?post=149905"}],"version-history":[{"count":0,"href":"https:\/\/lavozdehellin.com\/noticias\/wp-json\/wp\/v2\/posts\/149905\/revisions"}],"wp:featuredmedia":[{"embeddable":true,"href":"https:\/\/lavozdehellin.com\/noticias\/wp-json\/wp\/v2\/media\/149906"}],"wp:attachment":[{"href":"https:\/\/lavozdehellin.com\/noticias\/wp-json\/wp\/v2\/media?parent=149905"}],"wp:term":[{"taxonomy":"category","embeddable":true,"href":"https:\/\/lavozdehellin.com\/noticias\/wp-json\/wp\/v2\/categories?post=149905"},{"taxonomy":"post_tag","embeddable":true,"href":"https:\/\/lavozdehellin.com\/noticias\/wp-json\/wp\/v2\/tags?post=149905"}],"curies":[{"name":"wp","href":"https:\/\/api.w.org\/{rel}","templated":true}]}}