{"id":149908,"date":"2024-04-20T13:25:48","date_gmt":"2024-04-20T11:25:48","guid":{"rendered":"https:\/\/lavozdehellin.com\/noticias\/?p=149908"},"modified":"2024-04-23T19:29:48","modified_gmt":"2024-04-23T17:29:48","slug":"v08-520-albadalejo-participa-en-la-entrega-del-x-premio-sanchez-de-la-rosa-de-periodismo-otorgado-por-la-apab-con-el-apoyo-de-la-diputacion-de-albacete","status":"publish","type":"post","link":"https:\/\/lavozdehellin.com\/noticias\/v08-520-albadalejo-participa-en-la-entrega-del-x-premio-sanchez-de-la-rosa-de-periodismo-otorgado-por-la-apab-con-el-apoyo-de-la-diputacion-de-albacete\/","title":{"rendered":"LVH NOTICIAS | ALBADALEJO PARTICIPA EN LA ENTREGA DEL X PREMIO S\u00c1NCHEZ DE LA ROSA DE PERIODISMO OTORGADO POR LA APAB CON EL APOYO DE LA DIPUTACI\u00d3N DE ALBACETE"},"content":{"rendered":"<p style=\"text-align: justify;\">La Asociaci\u00f3n de Periodistas de Albacete ha entregado este s\u00e1bado sus premios anuales en el Centro de Interpretaci\u00f3n del Agua de la ciudad.<\/p>\n<p><!--more--><br \/>\n<!--publicidad-voz01--><a href=\"https:\/\/www.facebook.com\/SoloRadioHellin\/?locale=es_ES\"><img decoding=\"async\" class=\"alignnone size-medium\" src=\"https:\/\/blogger.googleusercontent.com\/img\/b\/R29vZ2xl\/AVvXsEiNncirNnyGedv00mhjZjh5Wl4_YPdJGanoAl8tL8zH-HwqE8uHqjEfSt340RHdx-9tuCSIkZ8rFamZiGyYlgDGxCsmXjCH_1xk5eYM3ntFZRvJP_jndOKR7w1UAo9Tu0vrZyOLfqRpHIxYI5SymJJ-pfGCQw6QVpggBH-UgfjiFQ2JOxqxG0Jx94kW83c\/s1600\/logo-principal.jpg\" width=\"100%\" height=\"100\" \/><\/a><!--bestpublic-voz01--><!--desk-in-out-voz01--><br \/>\n<!--publicidad-voz02--><a href=\"https:\/\/www.hellincf.com\/\"><img decoding=\"async\" class=\"alignnone size-medium\" src=\"https:\/\/blogger.googleusercontent.com\/img\/b\/R29vZ2xl\/AVvXsEhuZ4-XfBVj3UtdP8-RZugy3WVrg-Zv28c53m4oV47qYCxL1rX_dqWX_YddsGSnpH5SRDqZ7bZeKPIfDVCDncpjVlhy3aQs2vojcJBn7Gdv9hC2_Nzct_pRFrnFE1a7KTCdY1bT_kAgnY3-iadRZrGeJf1fR2P5fu11bokx0pWjaypoy-ctwCjklldpEbA\/s1600\/logo-principal7.jpg\" width=\"100%\" height=\"100\" \/><\/a><!--bestpublic-voz02--><!--desk-in-out-voz02--><\/p>\n<p style=\"text-align: justify;\">Un donde se ha puesto de relieve el papel fundamental que desempe\u00f1a esta profesi\u00f3n en la provincia y en el que la diputada de Atenci\u00f3n Ciudadana, Ana Albaladejo, ha sido la encargada de entregar el X Premio \u2018S\u00e1nchez de la Rosa\u2019 de Periodismo patrocinado por la Diputaci\u00f3n de Albacete.<\/p>\n<p style=\"text-align: justify;\">Este galard\u00f3n cumple una d\u00e9cada reconociendo el trabajo period\u00edstico que mejor ha reflejado durante el a\u00f1o previo el patrimonio, las tradiciones, la econom\u00eda y la cultura de la provincia. Cualidades que, en esta ocasi\u00f3n, reun\u00eda la propuesta presentada por Jos\u00e9 Iv\u00e1n Su\u00e1rez: \u2018Siete excavaciones simult\u00e1neas: el tesoro arqueol\u00f3gico que esconde Hell\u00edn en su subsuelo\u2019, publicada en elDiarioclm.es.<\/p>\n<p style=\"text-align: justify;\">No obstante, en un d\u00eda doblemente especial para \u00e9l, el periodista natural de Elche de la Sierra no ha podido recoger personalmente el reconocimiento por coincidir con su boda pero, a trav\u00e9s de un v\u00eddeo, ha podido dirigirse a las y los asistentes transmitiendo su alegr\u00eda y el motivo de orgullo que le supone recibir este gesto de parte del gremio period\u00edstico y que, en su nombre, ha recibido su compa\u00f1era, la periodista Cristina Torres.<\/p>\n<p style=\"text-align: justify;\">El trabajo condecorado comparte \u2018filosof\u00eda\u2019 con la propia instituci\u00f3n provincial, firmemente comprometida con la investigaci\u00f3n, conservaci\u00f3n, protecci\u00f3n, recuperaci\u00f3n y difusi\u00f3n del patrimonio hist\u00f3rico de este territorio. Una tarea en la que trabaja tanto con Convocatorias de Ayudas propias, como a trav\u00e9s de su Instituto de Estudios Albacetenses \u2018Don Juan Manuel\u2019.<\/p>\n<p style=\"text-align: justify;\">Ana Albaladejo ha comentado con las y los asistentes al evento, tanto la calidad del reportaje como el af\u00e1n constante del que Jos\u00e9 Iv\u00e1n hace gala en cada uno de sus textos, siempre buscando \u2018dar voz\u2019 al legado hist\u00f3rico y las ra\u00edces de la provincia. Una tarea que, en 2023, le llev\u00f3 a publicar su libro \u2018Mujeres pioneras en la historia de la prensa de Albacete\u2019 de la mano de la Diputaci\u00f3n que, a trav\u00e9s del IEA, se encarg\u00f3 de la edici\u00f3n. La diputada ha subrayado el buen hacer de la prensa albacetense a la hora de contribuir a la divulgaci\u00f3n de, entre otras cuestiones claves para el progreso provincial, la riqueza patrimonial provincial.<\/p>\n<p style=\"text-align: justify;\">El Jurado de este X Premio \u2018Jos\u00e9 S\u00e1nchez de la Rosa\u2019, que rinde homenaje a quien fuera primer secretario de la prensa local y Cronista Oficial de la Ciudad, fallecido en 2013 y dedicado a esta labor profesional durante toda su vida, ha estado conformado por la vicerrectora de Coordinaci\u00f3n, Promoci\u00f3n y Comunicaci\u00f3n de la Universidad de Castilla-La Mancha, Leonor Gallardo; el historiador Antonio Caul\u00edn; la escritora Elena Fuentes; la Jefa de Prensa de la Diputaci\u00f3n Provincial de Albacete, M\u00edriam Mart\u00ednez, y los vocales de la APAB, Javier Escudero (en calidad de secretario) y Armando Jim\u00e9nez (de presidente).<\/p>\n<p style=\"text-align: justify;\">Herminio Molina y \u00c1ngel Antonio Herrera, tambi\u00e9n premiados<\/p>\n<p style=\"text-align: justify;\">Durante el acto, tambi\u00e9n se ha reconocido con el Premio a la Colaboraci\u00f3n con la Actividad Period\u00edstica a Herminio Molina (actual presidente de la Fundaci\u00f3n Globalcaja Albacete), por atender a los medios de comunicaci\u00f3n y facilitar informaci\u00f3n cualificada de la actividad de las instituciones que ha representado durante su etapa como presidente de la Junta Central de Regantes de la Mancha Oriental (desde noviembre de 2015 hasta el mismo mes del pasado a\u00f1o) y de la Federaci\u00f3n de Regantes de Castilla-La Mancha (en los \u00faltimos tres a\u00f1os). Una colaboraci\u00f3n que, como apuntan desde la APAB, \u201cha contribuido a poder elaborar y difundir informaci\u00f3n veraz y precisa en asuntos tan delicados como el uso y aprovechamiento de los recursos h\u00eddricos\u201d.<\/p>\n<p style=\"text-align: justify;\">Del mismo modo, el periodista y escritor albacete\u00f1o, \u00c1ngel Antonio Herrera, ha sido distinguido con el galard\u00f3n a la Trayectoria Period\u00edstica, con el que la Asociaci\u00f3n de Periodistas de Albacete valora \u201csu trabajo en medios de reconocido prestigio nacional tanto en radio, como en televisi\u00f3n o en prensa escrita. Tambi\u00e9n su aportaci\u00f3n a la literatura, especialmente a la poes\u00eda\u201d.<\/p>\n<p style=\"text-align: justify;\">En un acto en el que los y las protagonistas han sido quienes habitualmente trabajaban \u2018a la sombra\u2019 de las informaciones, la diputada provincial ha reiterado, en nombre del presidente Santi Caba\u00f1ero, el apoyo de la instituci\u00f3n provincial a la Asociaci\u00f3n de Periodistas de Albacete, dando a sus integrantes la enhorabuena por el trabajo que encarnan a diario, acercando a la sociedad una actualidad compleja, siempre desde el rigor y la honestidad, apuntando que \u201crealizan una labor imprescindible para la salud democr\u00e1tica de cualquier pa\u00eds\u201d y que son \u201cejemplo de profesionales comprometidos, con la informaci\u00f3n veraz y con la provincia\u201d.<\/p>\n<p><!--publicidad-voz03--><a href=\"https:\/\/www.facebook.com\/profile.php?id=100063593791305&amp;locale=es_ES\"><img decoding=\"async\" class=\"alignnone size-medium\" src=\"https:\/\/blogger.googleusercontent.com\/img\/b\/R29vZ2xl\/AVvXsEi8_n_ll8UOcGxCqzFvb_9Io4ICczlGC990BPtPj2w9Px-u7B3oqWUW5vtjZUqPNJ-nyjiUIorE0ATsib_l5tV8BVN-UJ03RTnU__IHJF_4DgDBtY4LIqXNG-FomrO-7ywes20CBCRM2Hcm7EJSh3UUw1dO-c_uTflUrtgY1i7uBRezj_DpympmEFkfbQY\/s1600\/logo-principal2.jpg\" width=\"100%\" height=\"100\" \/><\/a><!--bestpublic-voz03--><!--desk-in-out-voz03--><br \/>\n<!--publicidad-voz04--><a href=\"https:\/\/www.facebook.com\/profile.php?id=61557370768692&amp;locale=es_ES\"><img decoding=\"async\" class=\"alignnone size-medium\" src=\"https:\/\/blogger.googleusercontent.com\/img\/b\/R29vZ2xl\/AVvXsEgy5RdcfffrnrItnYTcV9bCJjgJwldsQLWssfVfrLbyfXeBNTFKgBf0rMIvhrUaGUhiXzVr9_eQgCbi-j63ZDpfTvLIty9w7s140y-m1yHe7eKmEK7v2NAHUJDVYGdfeiQFeRCqUjdwWmN1MX_AUxxz4IVdJ4WIM0APxit8bjWkXzrnEFGqBvW_1F13H1g\/s1600\/logo-principal5.jpg\" width=\"100%\" height=\"100\" \/><\/a><!--bestpublic-voz04--><!--desk-in-out-voz04--><br \/>\n<!--publicidad-voz05--><a href=\"https:\/\/www.facebook.com\/asociaciontamborileroshellin?locale=es_ES\"><img decoding=\"async\" class=\"alignnone size-medium\" src=\"https:\/\/blogger.googleusercontent.com\/img\/b\/R29vZ2xl\/AVvXsEhHEEpZsKK1VpwiYMrS7aE2ujtqIDZoLd4B5wtbiseSU9s2HdTdQfhF84So2XwEB1fv0BLw95GADm6hUl1bkKtzh-eIgVigXONuu_5RxeIMPhjk8q6uNX4EaEHbooKkbu7pCADWPpVJjhKIH5NQSJpWqedC-YBez4QAQeJYokkLot9bhrIaUAeztsGis6M\/s1600\/logo-principal3.jpg\" width=\"100%\" height=\"100\" \/><\/a><!--bestpublic-voz05--><!--desk-in-out-voz05--><br \/>\n<!--publicidad-voz06--><!--bestpublic-voz06--><!--desk-in-out-voz06--><br \/>\n<!--publicidad-voz07--><!--bestpublic-voz07--><!--desk-in-out-voz07--><br \/>\n<!--publicidad-voz08--><!--bestpublic-voz08--><!--desk-in-out-voz08--><br \/>\n<!--publicidad-voz09--><!--bestpublic-voz09--><!--desk-in-out-voz09--><br \/>\n<!--publicidad-voz10--><!--bestpublic-voz10--><!--desk-in-out-voz10--><br \/>\n<!--publicidad-voz11--><!--bestpublic-voz11--><!--desk-in-out-voz11--><br \/>\n<!--publicidad-voz12--><!--bestpublic-voz12--><!--desk-in-out-voz12--><br \/>\n<!--publicidad-voz13--><!--bestpublic-voz13--><!--desk-in-out-voz13--><br \/>\n<!--publicidad-voz14--><!--bestpublic-voz14--><!--desk-in-out-voz14--><br \/>\n<!--publicidad-voz15--><!--bestpublic-voz15--><!--desk-in-out-voz15--><br \/>\n<!--publicidad-voz16--><!--bestpublic-voz16--><!--desk-in-out-voz16--><\/p>\n","protected":false},"excerpt":{"rendered":"<p>La Asociaci\u00f3n de Periodistas de Albacete ha entregado este s\u00e1bado sus premios anuales en el Centro de Interpretaci\u00f3n del Agua de la ciudad.<\/p>\n","protected":false},"author":2,"featured_media":149909,"comment_status":"closed","ping_status":"closed","sticky":false,"template":"","format":"standard","meta":{"footnotes":""},"categories":[754,718,715,716,717],"tags":[],"class_list":["post-149908","post","type-post","status-publish","format-standard","has-post-thumbnail","hentry","category-blog-lv035","category-blogger","category-la-voz-de-hellin","category-la-voz-de-hellin-la-voz-de-hellin","category-noticias"],"_links":{"self":[{"href":"https:\/\/lavozdehellin.com\/noticias\/wp-json\/wp\/v2\/posts\/149908","targetHints":{"allow":["GET"]}}],"collection":[{"href":"https:\/\/lavozdehellin.com\/noticias\/wp-json\/wp\/v2\/posts"}],"about":[{"href":"https:\/\/lavozdehellin.com\/noticias\/wp-json\/wp\/v2\/types\/post"}],"author":[{"embeddable":true,"href":"https:\/\/lavozdehellin.com\/noticias\/wp-json\/wp\/v2\/users\/2"}],"replies":[{"embeddable":true,"href":"https:\/\/lavozdehellin.com\/noticias\/wp-json\/wp\/v2\/comments?post=149908"}],"version-history":[{"count":0,"href":"https:\/\/lavozdehellin.com\/noticias\/wp-json\/wp\/v2\/posts\/149908\/revisions"}],"wp:featuredmedia":[{"embeddable":true,"href":"https:\/\/lavozdehellin.com\/noticias\/wp-json\/wp\/v2\/media\/149909"}],"wp:attachment":[{"href":"https:\/\/lavozdehellin.com\/noticias\/wp-json\/wp\/v2\/media?parent=149908"}],"wp:term":[{"taxonomy":"category","embeddable":true,"href":"https:\/\/lavozdehellin.com\/noticias\/wp-json\/wp\/v2\/categories?post=149908"},{"taxonomy":"post_tag","embeddable":true,"href":"https:\/\/lavozdehellin.com\/noticias\/wp-json\/wp\/v2\/tags?post=149908"}],"curies":[{"name":"wp","href":"https:\/\/api.w.org\/{rel}","templated":true}]}}