{"id":149911,"date":"2024-04-20T15:58:42","date_gmt":"2024-04-20T13:58:42","guid":{"rendered":"https:\/\/lavozdehellin.com\/noticias\/?p=149911"},"modified":"2024-04-23T19:29:47","modified_gmt":"2024-04-23T17:29:47","slug":"v08-521-la-iii-edicion-de-la-gran-fondo-sierra-de-albacete-promovida-por-la-diputacion-supera-expectativas-con-record-de-participacion-y-grandes-dosis-de-espectacularidad-deportiva","status":"publish","type":"post","link":"https:\/\/lavozdehellin.com\/noticias\/v08-521-la-iii-edicion-de-la-gran-fondo-sierra-de-albacete-promovida-por-la-diputacion-supera-expectativas-con-record-de-participacion-y-grandes-dosis-de-espectacularidad-deportiva\/","title":{"rendered":"LVH NOTICIAS | LA III EDICI\u00d3N DE LA GRAN FONDO SIERRA DE ALBACETE, PROMOVIDA POR LA DIPUTACI\u00d3N, SUPERA EXPECTATIVAS CON R\u00c9CORD DE PARTICIPACI\u00d3N Y GRANDES DOSIS DE ESPECTACULARIDAD DEPORTIVA"},"content":{"rendered":"<p style=\"text-align: justify;\">La tercera edici\u00f3n de la Gran Fondo Sierra de Albacete, celebrada este 20 de abril, ha culminado con un \u00e9xito rotundo, contando con la participaci\u00f3n de m\u00e1s 1.450 ciclistas que han marcando un nuevo r\u00e9cord para el evento.<\/p>\n<p><!--more--><br \/>\n<!--publicidad-voz01--><a href=\"https:\/\/www.facebook.com\/SoloRadioHellin\/?locale=es_ES\"><img decoding=\"async\" class=\"alignnone size-medium\" src=\"https:\/\/blogger.googleusercontent.com\/img\/b\/R29vZ2xl\/AVvXsEiNncirNnyGedv00mhjZjh5Wl4_YPdJGanoAl8tL8zH-HwqE8uHqjEfSt340RHdx-9tuCSIkZ8rFamZiGyYlgDGxCsmXjCH_1xk5eYM3ntFZRvJP_jndOKR7w1UAo9Tu0vrZyOLfqRpHIxYI5SymJJ-pfGCQw6QVpggBH-UgfjiFQ2JOxqxG0Jx94kW83c\/s1600\/logo-principal.jpg\" width=\"100%\" height=\"100\" \/><\/a><!--bestpublic-voz01--><!--desk-in-out-voz01--><br \/>\n<!--publicidad-voz02--><a href=\"https:\/\/www.hellincf.com\/\"><img decoding=\"async\" class=\"alignnone size-medium\" src=\"https:\/\/blogger.googleusercontent.com\/img\/b\/R29vZ2xl\/AVvXsEhuZ4-XfBVj3UtdP8-RZugy3WVrg-Zv28c53m4oV47qYCxL1rX_dqWX_YddsGSnpH5SRDqZ7bZeKPIfDVCDncpjVlhy3aQs2vojcJBn7Gdv9hC2_Nzct_pRFrnFE1a7KTCdY1bT_kAgnY3-iadRZrGeJf1fR2P5fu11bokx0pWjaypoy-ctwCjklldpEbA\/s1600\/logo-principal7.jpg\" width=\"100%\" height=\"100\" \/><\/a><!--bestpublic-voz02--><!--desk-in-out-voz02--><\/p>\n<p style=\"text-align: justify;\">Promovida por la Diputaci\u00f3n de Albacete con la colaboraci\u00f3n del Club Ciclista Onturense, la prueba ha destacado, un a\u00f1o m\u00e1s, por su impacto significativo tanto en el \u00e1mbito deportivo como en la percepci\u00f3n tur\u00edstica de la provincia (y, m\u00e1s particularmente , de la Sierra del Segura).<\/p>\n<p style=\"text-align: justify;\">El presidente provincial, Santi Caba\u00f1ero, junto al diputado de Deportes, Dani Sancha, y al alcalde de Ri\u00f3par con localidad \u2018sede\u2019, Federico Moreno, ha sido testigo directo de una prueba en la que, adem\u00e1s, han tomado parte (como participantes), tanto el vicepresidente provincial, Fran Valera, como el diputado de Educaci\u00f3n y Cultura, Miguel Zamora y Carlos Yuste, el director general de Deportes de C-LM, siendo el Gobierno Auton\u00f3mico parte de esta cita tambi\u00e9n emblem\u00e1tica dentro de las actividades como Regi\u00f3n Europea del Deporte.<\/p>\n<p style=\"text-align: justify;\">Una cita clave para elevar la imagen provincial de la mano del ciclismo<\/p>\n<p style=\"text-align: justify;\">Un marco desde el que Caba\u00f1ero ha subrayado el papel crucial que esta competici\u00f3n en concreto est\u00e1 teniendo en la transformaci\u00f3n de la imagen de la provincia: \u201cEstamos presenciando c\u00f3mo esta prueba no s\u00f3lo eleva el perfil deportivo de Albacete, sino que lo fortalece y fomenta nuevas amistades, v\u00ednculos y oportunidades a trav\u00e9s del deporte\u201d.<\/p>\n<p style=\"text-align: justify;\">Con dos recorridos disponibles, uno de 157 km y otro de 113 km, la carrera ha incluido la \u2018escalada\u2019 espectacular de varios puertos significativos (como Crucetillas, el Barrancazo, el Alto de Bogarra, Pontarr\u00f3n, Las Quebradas y el Pardal), atravesando el espectacular Parque Natural de los Calares del R\u00edo Mundo y de la Sima. Un dise\u00f1o de ruta que, adem\u00e1s de promover el desaf\u00edo deportivo, despierta la admiraci\u00f3n por la belleza natural de la zona.<\/p>\n<p style=\"text-align: justify;\">Un a\u00f1o m\u00e1s, el evento ha contado con la presencia de figuras destacadas del ciclismo (incluyendo tanto veteran\u00eda como \u2018savia nueva\u2019), siendo testigo de otro un notable aumento en la participaci\u00f3n femenina, con 79 mujeres inscritas: \u201cReferentes que son esenciales para promover la igualdad en el deporte\u201d, algo que, como ha se\u00f1alado Caba\u00f1ero, la Diputaci\u00f3n de Albacete est\u00e1 plenamente comprometida a seguir fomentando.<\/p>\n<p style=\"text-align: justify;\">La tercera entrega III Gran Fondo Sierra de Albacete ha logrado atraer a competidores de 13 pa\u00edses y 33 provincias espa\u00f1olas, afirm\u00e1ndose como uno de los eventos ciclistas m\u00e1s importantes y especiales de Espa\u00f1a, especialmente por su capacidad de \u201csorprender y desafiar las expectativas tradicionales asociadas con la provincia en lo relativo a este deporte\u201d, ha comentado el presidente.<\/p>\n<p style=\"text-align: justify;\">Caba\u00f1ero agradece el esfuerzo a todas las personas y entidades implicadas en la cita<\/p>\n<p style=\"text-align: justify;\">Muy especialmente, Caba\u00f1ero ha agradecido a las localidades implicadas (Ri\u00f3par, Paterna del Madera, Molinicos, Yeste, Ayna y Bogarra) c\u00f3mo sus respectivas poblaciones se han volcado con la cita; as\u00ed como al personal sanitario, los agentes de la Guardia Civil intervinientes en el impresionante despliegue de tr\u00e1fico, al resto de las fuerzas y cuerpos de seguridad, bomberos, Cruz Roja, Protecci\u00f3n Civil, y voluntarios y voluntarias que, cada cual desde su \u2018misi\u00f3n\u2019, han hecho posible el total lucimiento de este evento.<\/p>\n<p style=\"text-align: justify;\">Adem\u00e1s, ha resaltado el \u201cgran ambiente\u201d que, desde el viernes y durante todo el s\u00e1bado, ha marcado la prueba en su \u2018punto sede\u2019: Ri\u00f3par, donde Caba\u00f1ero tambi\u00e9n ha tenido ocasi\u00f3n de saludar a las entidades patrocinadoras y colaboradoras que, en \u00e1reas como la \u2018Zona Expo Ciclismo\u2019 , han contribuido significativamente a dar mayor dimensi\u00f3n y \u00e9xito al evento.<\/p>\n<p style=\"text-align: justify;\">\u201cCon cada edici\u00f3n buscamos mejorar y asentar esta prueba entre las referentes del pa\u00eds. Creo que, como provincia, podemos sentir mucho orgullo por lo logrado hasta ahora, pero siempre sin conformarnos: seguiremos trabajando con entusiasmo para garantizar que la Gran Fondo Sierra de Albacete siga creciendo y siendo una celebraci\u00f3n en todos los sentidos en torno al ciclismo\u201d, ha concluido el presidente.<\/p>\n<p style=\"text-align: justify;\">\u00c9xito, tambi\u00e9n en lo deportivo<\/p>\n<p style=\"text-align: justify;\">A nivel deportivo, tambi\u00e9n la prueba ha sido todo un \u00e9xito gracias a la perfecta organizaci\u00f3n, a una climatolog\u00eda que acompa\u00f1aba en todo momento y embajadores de lujo: Roberto Heras, Melchor Mauri, Auxi Mart\u00edn y Marta \u00c1lvarez. Y, por supuesto, gracias a la participaci\u00f3n de esos casi 1.500 corredores que han convertido Ri\u00f3par y alrededores en epicentro del ciclismo este intenso s\u00e1bado.<\/p>\n<p style=\"text-align: justify;\">El III Gran Fondo Sierra de Albacete viv\u00eda un desenlace similar al del a\u00f1o pasado, pues \u00d3scar Gonz\u00e1lez del Campo repitiendo el triunfo que ya consigui\u00f3 en la anterior edici\u00f3n. El corredor del Club BTT Valle de Alcudia lleg\u00f3 en solitario a la l\u00ednea de meta, tras completar los 157 kil\u00f3metros de distancia en 4h26\u201902\u2019\u2019. La segunda posici\u00f3n fue para Pedro Antonio Rodr\u00edguez Moya (Independiente), que entr\u00f3 a cuarenta y siete segundos del ganador. Complet\u00f3 el p\u00f3dium masculino el corredor Sergio Dom\u00ednguez Mu\u00f1oz (Independiente), segundo en la pasada edici\u00f3n.<\/p>\n<p style=\"text-align: justify;\">En la categor\u00eda femenina venc\u00eda Cristina Zabala Garc\u00eda (Independiente), con un tiempo en meta de 5h18\u201921\u2019\u2019. En la segunda posici\u00f3n entraba Marta Rosillo Marchante, que fue la campeona de la primera edici\u00f3n. La almanse\u00f1a A\u00edda Mil\u00e1n, habitual corredora de nuestro Circuito BTT, subi\u00f3 al tercer caj\u00f3n del p\u00f3dium, al igual que en 2023.<\/p>\n<p style=\"text-align: justify;\">Por su parte, en la prueba de Medio Fondo, con una distancia de 113 kil\u00f3metros de recorrido, el campe\u00f3n ha sido Pablo Jim\u00e9nez Valcarcel (Torrevieja C.C.), que tambi\u00e9n ganaba el a\u00f1o pasado. Estuvo acompa\u00f1ado en el p\u00f3dium por Generoso Polese (Ekuon Conchel Sport Team) y \u00c1lvaro Carretero Ruiz (Independiente). En la categor\u00eda femenina la campeona fue Eva Sim\u00f3n Mart\u00ednez (La Alcayna-Altorreal C.C.), secundada por Mari Cruz Moreno Rabasco y Esmeralda Asensio Mart\u00ednez, ambas compa\u00f1eras de equipo en el Globeros de \u00c9lite C.C. y que entraron juntas en l\u00ednea de meta.<\/p>\n<p style=\"text-align: justify;\">Clasificaci\u00f3n Gran Fondo Sierra de Albacete<\/p>\n<p style=\"text-align: justify;\">Categor\u00eda masculina:<\/p>\n<p style=\"text-align: justify;\">1-. \u00d3scar Gonz\u00e1lez del Campo (Club BTT Valle de Alcudia) 4h26\u201902\u2019\u2019<\/p>\n<p style=\"text-align: justify;\">2-. Pedro Antonio Rodr\u00edguez Moya (Independiente) 4h26\u201949\u2019\u2019<\/p>\n<p style=\"text-align: justify;\">3-. Sergio Dom\u00ednguez Mu\u00f1oz (Independiente) 4h28\u201936\u2019\u2019<\/p>\n<p style=\"text-align: justify;\">Categor\u00eda femenina:<\/p>\n<p style=\"text-align: justify;\">1-. Cristina Zabala Garc\u00eda (Independiente) 5h18\u201921\u2019\u2019<\/p>\n<p style=\"text-align: justify;\">2-. Marta Rosillo Marchante (Independiente) 5h27\u201958\u2019\u2019<\/p>\n<p style=\"text-align: justify;\">3-. A\u00edda Mil\u00e1n Arellano (Bicicletas Rumbo Team) 5h37\u201933\u2019\u2019<\/p>\n<p style=\"text-align: justify;\">Clasificaci\u00f3n Medio Fondo Sierra de Albacete:<\/p>\n<p style=\"text-align: justify;\">Categor\u00eda masculina:<\/p>\n<p style=\"text-align: justify;\">1-. Pablo Jim\u00e9nez Valcarcel (Torrevieja C.C.) 3h30\u201908\u2019\u2019<\/p>\n<p style=\"text-align: justify;\">2-. Generoso Polese (Ekuon El Conchel Sport Team) 3h32\u201920\u2019\u2019<\/p>\n<p style=\"text-align: justify;\">3-. \u00c1lvaro Carretero Ruiz (Independiente) 3h35\u201915\u2019\u2019<\/p>\n<p style=\"text-align: justify;\">Categor\u00eda femenina:<\/p>\n<p style=\"text-align: justify;\">1-. Eva Sim\u00f3n Mart\u00ednez (La Alcayna-Altorreal C.C.) 4h08\u201906\u2019\u2019<\/p>\n<p style=\"text-align: justify;\">2-. Mari Cruz Moreno Rabasco (Globeros de \u00c9lite C.C.) 4h30\u201928\u2019\u2019<\/p>\n<p style=\"text-align: justify;\">3-. Esmeralda Asensio Mart\u00ednez (Globeros de \u00c9lite C.C.) 4h30\u201928\u2019\u2019<\/p>\n<p><!--publicidad-voz03--><a href=\"https:\/\/www.facebook.com\/profile.php?id=100063593791305&amp;locale=es_ES\"><img decoding=\"async\" class=\"alignnone size-medium\" src=\"https:\/\/blogger.googleusercontent.com\/img\/b\/R29vZ2xl\/AVvXsEi8_n_ll8UOcGxCqzFvb_9Io4ICczlGC990BPtPj2w9Px-u7B3oqWUW5vtjZUqPNJ-nyjiUIorE0ATsib_l5tV8BVN-UJ03RTnU__IHJF_4DgDBtY4LIqXNG-FomrO-7ywes20CBCRM2Hcm7EJSh3UUw1dO-c_uTflUrtgY1i7uBRezj_DpympmEFkfbQY\/s1600\/logo-principal2.jpg\" width=\"100%\" height=\"100\" \/><\/a><!--bestpublic-voz03--><!--desk-in-out-voz03--><br \/>\n<!--publicidad-voz04--><a href=\"https:\/\/www.facebook.com\/profile.php?id=61557370768692&amp;locale=es_ES\"><img decoding=\"async\" class=\"alignnone size-medium\" src=\"https:\/\/blogger.googleusercontent.com\/img\/b\/R29vZ2xl\/AVvXsEgy5RdcfffrnrItnYTcV9bCJjgJwldsQLWssfVfrLbyfXeBNTFKgBf0rMIvhrUaGUhiXzVr9_eQgCbi-j63ZDpfTvLIty9w7s140y-m1yHe7eKmEK7v2NAHUJDVYGdfeiQFeRCqUjdwWmN1MX_AUxxz4IVdJ4WIM0APxit8bjWkXzrnEFGqBvW_1F13H1g\/s1600\/logo-principal5.jpg\" width=\"100%\" height=\"100\" \/><\/a><!--bestpublic-voz04--><!--desk-in-out-voz04--><br \/>\n<!--publicidad-voz05--><a href=\"https:\/\/www.facebook.com\/asociaciontamborileroshellin?locale=es_ES\"><img decoding=\"async\" class=\"alignnone size-medium\" src=\"https:\/\/blogger.googleusercontent.com\/img\/b\/R29vZ2xl\/AVvXsEhHEEpZsKK1VpwiYMrS7aE2ujtqIDZoLd4B5wtbiseSU9s2HdTdQfhF84So2XwEB1fv0BLw95GADm6hUl1bkKtzh-eIgVigXONuu_5RxeIMPhjk8q6uNX4EaEHbooKkbu7pCADWPpVJjhKIH5NQSJpWqedC-YBez4QAQeJYokkLot9bhrIaUAeztsGis6M\/s1600\/logo-principal3.jpg\" width=\"100%\" height=\"100\" \/><\/a><!--bestpublic-voz05--><!--desk-in-out-voz05--><br \/>\n<!--publicidad-voz06--><!--bestpublic-voz06--><!--desk-in-out-voz06--><br \/>\n<!--publicidad-voz07--><!--bestpublic-voz07--><!--desk-in-out-voz07--><br \/>\n<!--publicidad-voz08--><!--bestpublic-voz08--><!--desk-in-out-voz08--><br \/>\n<!--publicidad-voz09--><!--bestpublic-voz09--><!--desk-in-out-voz09--><br \/>\n<!--publicidad-voz10--><!--bestpublic-voz10--><!--desk-in-out-voz10--><br \/>\n<!--publicidad-voz11--><!--bestpublic-voz11--><!--desk-in-out-voz11--><br \/>\n<!--publicidad-voz12--><!--bestpublic-voz12--><!--desk-in-out-voz12--><br \/>\n<!--publicidad-voz13--><!--bestpublic-voz13--><!--desk-in-out-voz13--><br \/>\n<!--publicidad-voz14--><!--bestpublic-voz14--><!--desk-in-out-voz14--><br \/>\n<!--publicidad-voz15--><!--bestpublic-voz15--><!--desk-in-out-voz15--><br \/>\n<!--publicidad-voz16--><!--bestpublic-voz16--><!--desk-in-out-voz16--><\/p>\n","protected":false},"excerpt":{"rendered":"<p>La tercera edici\u00f3n de la Gran Fondo Sierra de Albacete, celebrada este 20 de abril, ha culminado con un \u00e9xito rotundo, contando con la participaci\u00f3n de m\u00e1s 1.450 ciclistas que&#8230;<\/p>\n","protected":false},"author":2,"featured_media":149912,"comment_status":"closed","ping_status":"closed","sticky":false,"template":"","format":"standard","meta":{"footnotes":""},"categories":[754,718,715,716,717],"tags":[],"class_list":["post-149911","post","type-post","status-publish","format-standard","has-post-thumbnail","hentry","category-blog-lv035","category-blogger","category-la-voz-de-hellin","category-la-voz-de-hellin-la-voz-de-hellin","category-noticias"],"_links":{"self":[{"href":"https:\/\/lavozdehellin.com\/noticias\/wp-json\/wp\/v2\/posts\/149911","targetHints":{"allow":["GET"]}}],"collection":[{"href":"https:\/\/lavozdehellin.com\/noticias\/wp-json\/wp\/v2\/posts"}],"about":[{"href":"https:\/\/lavozdehellin.com\/noticias\/wp-json\/wp\/v2\/types\/post"}],"author":[{"embeddable":true,"href":"https:\/\/lavozdehellin.com\/noticias\/wp-json\/wp\/v2\/users\/2"}],"replies":[{"embeddable":true,"href":"https:\/\/lavozdehellin.com\/noticias\/wp-json\/wp\/v2\/comments?post=149911"}],"version-history":[{"count":0,"href":"https:\/\/lavozdehellin.com\/noticias\/wp-json\/wp\/v2\/posts\/149911\/revisions"}],"wp:featuredmedia":[{"embeddable":true,"href":"https:\/\/lavozdehellin.com\/noticias\/wp-json\/wp\/v2\/media\/149912"}],"wp:attachment":[{"href":"https:\/\/lavozdehellin.com\/noticias\/wp-json\/wp\/v2\/media?parent=149911"}],"wp:term":[{"taxonomy":"category","embeddable":true,"href":"https:\/\/lavozdehellin.com\/noticias\/wp-json\/wp\/v2\/categories?post=149911"},{"taxonomy":"post_tag","embeddable":true,"href":"https:\/\/lavozdehellin.com\/noticias\/wp-json\/wp\/v2\/tags?post=149911"}],"curies":[{"name":"wp","href":"https:\/\/api.w.org\/{rel}","templated":true}]}}