{"id":149917,"date":"2024-04-21T14:14:38","date_gmt":"2024-04-21T12:14:38","guid":{"rendered":"https:\/\/lavozdehellin.com\/noticias\/?p=149917"},"modified":"2024-04-23T19:29:47","modified_gmt":"2024-04-23T17:29:47","slug":"v08-523-la-diputacion-de-albacete-se-suma-a-la-vi-concentracion-de-cortadores-de-jamon-impulsada-por-acepain-en-apoyo-a-la-investigacion-del-cancer","status":"publish","type":"post","link":"https:\/\/lavozdehellin.com\/noticias\/v08-523-la-diputacion-de-albacete-se-suma-a-la-vi-concentracion-de-cortadores-de-jamon-impulsada-por-acepain-en-apoyo-a-la-investigacion-del-cancer\/","title":{"rendered":"LVH NOTICIAS | LA DIPUTACI\u00d3N DE ALBACETE SE SUMA A LA VI CONCENTRACI\u00d3N DE CORTADORES DE JAM\u00d3N IMPULSADA POR ACEPAIN EN APOYO A LA INVESTIGACI\u00d3N DEL C\u00c1NCER"},"content":{"rendered":"<p style=\"text-align: justify;\">El Diputado responsable de coordinar el \u00c1rea Social de la Diputaci\u00f3n de Albacete, Jos\u00e9 Gonz\u00e1lez, no ha faltado a la cita con la VI edici\u00f3n de la Concentraci\u00f3n de Cortadores de Jam\u00f3n impulsada por Acepain.<\/p>\n<p><!--more--><br \/>\n<!--publicidad-voz01--><a href=\"https:\/\/www.facebook.com\/SoloRadioHellin\/?locale=es_ES\"><img decoding=\"async\" class=\"alignnone size-medium\" src=\"https:\/\/blogger.googleusercontent.com\/img\/b\/R29vZ2xl\/AVvXsEiNncirNnyGedv00mhjZjh5Wl4_YPdJGanoAl8tL8zH-HwqE8uHqjEfSt340RHdx-9tuCSIkZ8rFamZiGyYlgDGxCsmXjCH_1xk5eYM3ntFZRvJP_jndOKR7w1UAo9Tu0vrZyOLfqRpHIxYI5SymJJ-pfGCQw6QVpggBH-UgfjiFQ2JOxqxG0Jx94kW83c\/s1600\/logo-principal.jpg\" width=\"100%\" height=\"100\" \/><\/a><!--bestpublic-voz01--><!--desk-in-out-voz01--><br \/>\n<!--publicidad-voz02--><a href=\"https:\/\/www.hellincf.com\/\"><img decoding=\"async\" class=\"alignnone size-medium\" src=\"https:\/\/blogger.googleusercontent.com\/img\/b\/R29vZ2xl\/AVvXsEhuZ4-XfBVj3UtdP8-RZugy3WVrg-Zv28c53m4oV47qYCxL1rX_dqWX_YddsGSnpH5SRDqZ7bZeKPIfDVCDncpjVlhy3aQs2vojcJBn7Gdv9hC2_Nzct_pRFrnFE1a7KTCdY1bT_kAgnY3-iadRZrGeJf1fR2P5fu11bokx0pWjaypoy-ctwCjklldpEbA\/s1600\/logo-principal7.jpg\" width=\"100%\" height=\"100\" \/><\/a><!--bestpublic-voz02--><!--desk-in-out-voz02--><\/p>\n<p style=\"text-align: justify;\">El entorno del m\u00edtico \u2018Pincho de la Feria\u2019 ha servido de escenario a este evento solidario que arrancaba en torno a las 11:00 horas, con alrededor de 70 cortadores de jam\u00f3n de diferentes partes de Espa\u00f1a uni\u00e9ndose para ofrecer platos de jam\u00f3n y queso.<\/p>\n<p style=\"text-align: justify;\">Gonz\u00e1lez ha trasladado a la presidenta de Acepain, Joaqui Alarc\u00f3n, y a toda la entidad que representa, el firme compromiso de la Diputaci\u00f3n de Albacete en la lucha contra el c\u00e1ncer y su apoyo a iniciativas que fomenten la imprescindible y vital labor de investigaci\u00f3n y el tratamiento de esta enfermedad.<\/p>\n<p style=\"text-align: justify;\">Precisamente, la recaudaci\u00f3n obtenida en esta concentraci\u00f3n se destinar\u00e1 a ese objetivo, contribuyendo as\u00ed a la b\u00fasqueda de nuevos f\u00e1rmacos y tratamientos para combatir el c\u00e1ncer y sus secuelas.<\/p>\n<p style=\"text-align: justify;\">El diputado ha mostrado su satisfacci\u00f3n por tener ocasi\u00f3n de acompa\u00f1ar a la asociaci\u00f3n en esta jornada, resaltando su importante labor en la lucha contra la enfermedad y el apoyo a quienes la padecen y a sus familias.<\/p>\n<p style=\"text-align: justify;\">En este evento, ha reiterado no s\u00f3lo el compromiso compartido (tanto por parte de la Diputaci\u00f3n como de la Fundaci\u00f3n Acepain) contra el C\u00e1ncer, sino tambi\u00e9n la solidaridad ejemplar de los cortadores de jam\u00f3n participantes que, generosamente han donado su tiempo y habilidades este domingo para sumarse sin dudarlo a esta causa.<\/p>\n<p style=\"text-align: justify;\">Adem\u00e1s, ha se\u00f1alado lo impresionante que siempre resulta ver c\u00f3mo la poblaci\u00f3n de Albacete responde y se une a este tipo de jornadas de convivencia y solidaridad, demostrando una vez m\u00e1s su compromiso con cuestiones que importan y que necesitan de todo el respaldo posible.<\/p>\n<p style=\"text-align: justify;\">Jos\u00e9 Gonz\u00e1lez ha aplaudido la originalidad y el dinamismo que caracterizan a este tipo de eventos, reflejo del esp\u00edritu de colaboraci\u00f3n que desprende el tejido asociativo de la provincia de Albacete. En este caso, construyendo un futuro m\u00e1s esperanzador para quienes luchan contra el c\u00e1ncer.<\/p>\n<p><!--publicidad-voz03--><a href=\"https:\/\/www.facebook.com\/profile.php?id=100063593791305&amp;locale=es_ES\"><img decoding=\"async\" class=\"alignnone size-medium\" src=\"https:\/\/blogger.googleusercontent.com\/img\/b\/R29vZ2xl\/AVvXsEi8_n_ll8UOcGxCqzFvb_9Io4ICczlGC990BPtPj2w9Px-u7B3oqWUW5vtjZUqPNJ-nyjiUIorE0ATsib_l5tV8BVN-UJ03RTnU__IHJF_4DgDBtY4LIqXNG-FomrO-7ywes20CBCRM2Hcm7EJSh3UUw1dO-c_uTflUrtgY1i7uBRezj_DpympmEFkfbQY\/s1600\/logo-principal2.jpg\" width=\"100%\" height=\"100\" \/><\/a><!--bestpublic-voz03--><!--desk-in-out-voz03--><br \/>\n<!--publicidad-voz04--><a href=\"https:\/\/www.facebook.com\/profile.php?id=61557370768692&amp;locale=es_ES\"><img decoding=\"async\" class=\"alignnone size-medium\" src=\"https:\/\/blogger.googleusercontent.com\/img\/b\/R29vZ2xl\/AVvXsEgy5RdcfffrnrItnYTcV9bCJjgJwldsQLWssfVfrLbyfXeBNTFKgBf0rMIvhrUaGUhiXzVr9_eQgCbi-j63ZDpfTvLIty9w7s140y-m1yHe7eKmEK7v2NAHUJDVYGdfeiQFeRCqUjdwWmN1MX_AUxxz4IVdJ4WIM0APxit8bjWkXzrnEFGqBvW_1F13H1g\/s1600\/logo-principal5.jpg\" width=\"100%\" height=\"100\" \/><\/a><!--bestpublic-voz04--><!--desk-in-out-voz04--><br \/>\n<!--publicidad-voz05--><a href=\"https:\/\/www.facebook.com\/asociaciontamborileroshellin?locale=es_ES\"><img decoding=\"async\" class=\"alignnone size-medium\" src=\"https:\/\/blogger.googleusercontent.com\/img\/b\/R29vZ2xl\/AVvXsEhHEEpZsKK1VpwiYMrS7aE2ujtqIDZoLd4B5wtbiseSU9s2HdTdQfhF84So2XwEB1fv0BLw95GADm6hUl1bkKtzh-eIgVigXONuu_5RxeIMPhjk8q6uNX4EaEHbooKkbu7pCADWPpVJjhKIH5NQSJpWqedC-YBez4QAQeJYokkLot9bhrIaUAeztsGis6M\/s1600\/logo-principal3.jpg\" width=\"100%\" height=\"100\" \/><\/a><!--bestpublic-voz05--><!--desk-in-out-voz05--><br \/>\n<!--publicidad-voz06--><!--bestpublic-voz06--><!--desk-in-out-voz06--><br \/>\n<!--publicidad-voz07--><!--bestpublic-voz07--><!--desk-in-out-voz07--><br \/>\n<!--publicidad-voz08--><!--bestpublic-voz08--><!--desk-in-out-voz08--><br \/>\n<!--publicidad-voz09--><!--bestpublic-voz09--><!--desk-in-out-voz09--><br \/>\n<!--publicidad-voz10--><!--bestpublic-voz10--><!--desk-in-out-voz10--><br \/>\n<!--publicidad-voz11--><!--bestpublic-voz11--><!--desk-in-out-voz11--><br \/>\n<!--publicidad-voz12--><!--bestpublic-voz12--><!--desk-in-out-voz12--><br \/>\n<!--publicidad-voz13--><!--bestpublic-voz13--><!--desk-in-out-voz13--><br \/>\n<!--publicidad-voz14--><!--bestpublic-voz14--><!--desk-in-out-voz14--><br \/>\n<!--publicidad-voz15--><!--bestpublic-voz15--><!--desk-in-out-voz15--><br \/>\n<!--publicidad-voz16--><!--bestpublic-voz16--><!--desk-in-out-voz16--><\/p>\n","protected":false},"excerpt":{"rendered":"<p>El Diputado responsable de coordinar el \u00c1rea Social de la Diputaci\u00f3n de Albacete, Jos\u00e9 Gonz\u00e1lez, no ha faltado a la cita con la VI edici\u00f3n de la Concentraci\u00f3n de Cortadores&#8230;<\/p>\n","protected":false},"author":2,"featured_media":149918,"comment_status":"closed","ping_status":"closed","sticky":false,"template":"","format":"standard","meta":{"footnotes":""},"categories":[754,718,715,716,717],"tags":[],"class_list":["post-149917","post","type-post","status-publish","format-standard","has-post-thumbnail","hentry","category-blog-lv035","category-blogger","category-la-voz-de-hellin","category-la-voz-de-hellin-la-voz-de-hellin","category-noticias"],"_links":{"self":[{"href":"https:\/\/lavozdehellin.com\/noticias\/wp-json\/wp\/v2\/posts\/149917","targetHints":{"allow":["GET"]}}],"collection":[{"href":"https:\/\/lavozdehellin.com\/noticias\/wp-json\/wp\/v2\/posts"}],"about":[{"href":"https:\/\/lavozdehellin.com\/noticias\/wp-json\/wp\/v2\/types\/post"}],"author":[{"embeddable":true,"href":"https:\/\/lavozdehellin.com\/noticias\/wp-json\/wp\/v2\/users\/2"}],"replies":[{"embeddable":true,"href":"https:\/\/lavozdehellin.com\/noticias\/wp-json\/wp\/v2\/comments?post=149917"}],"version-history":[{"count":0,"href":"https:\/\/lavozdehellin.com\/noticias\/wp-json\/wp\/v2\/posts\/149917\/revisions"}],"wp:featuredmedia":[{"embeddable":true,"href":"https:\/\/lavozdehellin.com\/noticias\/wp-json\/wp\/v2\/media\/149918"}],"wp:attachment":[{"href":"https:\/\/lavozdehellin.com\/noticias\/wp-json\/wp\/v2\/media?parent=149917"}],"wp:term":[{"taxonomy":"category","embeddable":true,"href":"https:\/\/lavozdehellin.com\/noticias\/wp-json\/wp\/v2\/categories?post=149917"},{"taxonomy":"post_tag","embeddable":true,"href":"https:\/\/lavozdehellin.com\/noticias\/wp-json\/wp\/v2\/tags?post=149917"}],"curies":[{"name":"wp","href":"https:\/\/api.w.org\/{rel}","templated":true}]}}