{"id":149920,"date":"2024-04-21T17:05:24","date_gmt":"2024-04-21T15:05:24","guid":{"rendered":"https:\/\/lavozdehellin.com\/noticias\/?p=149920"},"modified":"2024-04-23T19:29:47","modified_gmt":"2024-04-23T17:29:47","slug":"v08-524-la-diputacion-de-albacete-celebrara-el-dia-internacional-de-la-danza-desde-este-lunes-con-la-innovadora-campana-escolar-me-concede-este-baile","status":"publish","type":"post","link":"https:\/\/lavozdehellin.com\/noticias\/v08-524-la-diputacion-de-albacete-celebrara-el-dia-internacional-de-la-danza-desde-este-lunes-con-la-innovadora-campana-escolar-me-concede-este-baile\/","title":{"rendered":"LVH NOTICIAS | LA DIPUTACI\u00d3N DE ALBACETE CELEBRAR\u00c1 EL D\u00cdA INTERNACIONAL DE LA DANZA DESDE ESTE LUNES, CON LA INNOVADORA CAMPA\u00d1A ESCOLAR \u2018\u00bfME CONCEDE ESTE BAILE?\u2019"},"content":{"rendered":"<p style=\"text-align: justify;\">En un nuevo paso en el objetivo de enriquecer la educaci\u00f3n cultural y art\u00edstica en la provincia, la Diputaci\u00f3n de Albacete, a trav\u00e9s de su Servicio de Educaci\u00f3n y Cultura, ha organizado una serie de citas y actividades pedag\u00f3gicas para conmemorar el D\u00eda Internacional de la Danza, que se celebra el 29 de abril.<\/p>\n<p><!--more--><br \/>\n<!--publicidad-voz01--><a href=\"https:\/\/www.facebook.com\/SoloRadioHellin\/?locale=es_ES\"><img decoding=\"async\" class=\"alignnone size-medium\" src=\"https:\/\/blogger.googleusercontent.com\/img\/b\/R29vZ2xl\/AVvXsEiNncirNnyGedv00mhjZjh5Wl4_YPdJGanoAl8tL8zH-HwqE8uHqjEfSt340RHdx-9tuCSIkZ8rFamZiGyYlgDGxCsmXjCH_1xk5eYM3ntFZRvJP_jndOKR7w1UAo9Tu0vrZyOLfqRpHIxYI5SymJJ-pfGCQw6QVpggBH-UgfjiFQ2JOxqxG0Jx94kW83c\/s1600\/logo-principal.jpg\" width=\"100%\" height=\"100\" \/><\/a><!--bestpublic-voz01--><!--desk-in-out-voz01--><br \/>\n<!--publicidad-voz02--><a href=\"https:\/\/www.hellincf.com\/\"><img decoding=\"async\" class=\"alignnone size-medium\" src=\"https:\/\/blogger.googleusercontent.com\/img\/b\/R29vZ2xl\/AVvXsEhuZ4-XfBVj3UtdP8-RZugy3WVrg-Zv28c53m4oV47qYCxL1rX_dqWX_YddsGSnpH5SRDqZ7bZeKPIfDVCDncpjVlhy3aQs2vojcJBn7Gdv9hC2_Nzct_pRFrnFE1a7KTCdY1bT_kAgnY3-iadRZrGeJf1fR2P5fu11bokx0pWjaypoy-ctwCjklldpEbA\/s1600\/logo-principal7.jpg\" width=\"100%\" height=\"100\" \/><\/a><!--bestpublic-voz02--><!--desk-in-out-voz02--><\/p>\n<p style=\"text-align: justify;\">La campa\u00f1a escolar titulada \u2018\u00bfMe concede este baile? La historia de la historia de la danza\u2019 es el eje central de esta conmemoraci\u00f3n y se perfila como una oportunidad \u00fanica para que los y las estudiantes de la provincia descubran y se \u2018enganchen\u2019 al infinito y apasionante mundo de la danza.<\/p>\n<p style=\"text-align: justify;\">Enfoque pedag\u00f3gico y colaborativo en torno a la danza<\/p>\n<p style=\"text-align: justify;\">La propuesta de este a\u00f1o ha sido cuidadosamente dise\u00f1ada para captar el inter\u00e9s de los y las estudiantes, desde Educaci\u00f3n Primaria hasta Secundaria, abri\u00e9ndose tambi\u00e9n a alumnado de conservatorios y academias de danza. La campa\u00f1a destaca por su fuerte componente pedag\u00f3gico, que se implementa a trav\u00e9s de un dossier educativo desarrollado en colaboraci\u00f3n con los centros educativos participantes. Este material est\u00e1 dise\u00f1ado para preparar a los y las escolares antes de asistir al teatro, con el fin de maximizar su comprensi\u00f3n y apreciaci\u00f3n del espect\u00e1culo.<\/p>\n<p style=\"text-align: justify;\">Ocho citas en el Teatro de la Paz de la Diputaci\u00f3n de Albacete del 22 al 26 de abril<\/p>\n<p style=\"text-align: justify;\">El Teatro de la Paz de Albacete ser\u00e1 el escenario para las presentaciones que se van a desarrollar del lunes 22 al viernes 26 de abril. Durante estos d\u00edas, se llevar\u00e1n a cabo un total de ocho pases del espect\u00e1culo \u2018\u00bfMe concede este baile?\u2019, con funciones programadas a las 10:00 y 12:00 horas cada jornada excepto el jueves, cuando habr\u00e1 una funci\u00f3n por la ma\u00f1ana (a las 10:00 horas) y otra por la tarde (a las 18:00 horas) que, en este caso, estar\u00e1 dirigida espec\u00edficamente a alumnado de conservatorios y academias de danza.<\/p>\n<p style=\"text-align: justify;\">La obra, presentada por la compa\u00f1\u00eda de Cecilia Jim\u00e9nez, es una exploraci\u00f3n creativa de la historia de la danza, dise\u00f1ada para ser tanto educativa como entretenida. Se estima que aproximadamente 3.000 estudiantes disfruten de las representaciones en esta experiencia cultural enriquecedora.<\/p>\n<p style=\"text-align: justify;\">\u2018\u00bfMe concede este baile?, un viaje accesible por la historia de la danza<\/p>\n<p style=\"text-align: justify;\">El espect\u00e1culo propuesto por la Diputaci\u00f3n de Albacete tiene sus ra\u00edces en un proyecto educativo que comenz\u00f3 en el curso escolar 2013\/2014, de la mano de su Real Conservatorio Profesional de M\u00fasica y Danza. Originado por la docente Lola Puentes, el proyecto naci\u00f3 con el objetivo de divulgar y profundizar en la historia de la danza de una manera accesible y colectiva de la mano de bailarines, bailarinas, core\u00f3grafas y core\u00f3grafos profesionales locales.<\/p>\n<p style=\"text-align: justify;\">Un proyecto al que se han sumado otras instituciones, como la Universidad Popular y el Aula de Artes Pl\u00e1sticas, para la creaci\u00f3n de componentes audiovisuales que enriquecen la puesta en escena.<\/p>\n<p style=\"text-align: justify;\">Actividades complementarias<\/p>\n<p style=\"text-align: justify;\">Adem\u00e1s de esas representaciones teatrales, desde la Diputaci\u00f3n de Albacete se ha organizado una serie de actividades complementarias para fortalecer el aprendizaje y la experiencia de los y las estudiantes con respecto a esta forma universal de arte en movimiento.<\/p>\n<p style=\"text-align: justify;\">Entre ellas, est\u00e1 la \u2018Maleta de la historia de la danza\u2019, que tambi\u00e9n ser\u00e1 exhibida y trabajada en el Real Conservatorio de M\u00fasica y Danza desde el 22 de abril y hasta el 3 de mayo. Esta herramienta pedag\u00f3gica es fundamental para los y las docentes de M\u00fasica y Educaci\u00f3n F\u00edsica, proporcion\u00e1ndoles recursos para ense\u00f1ar sobre la danza y su evoluci\u00f3n a lo largo del tiempo.<\/p>\n<p style=\"text-align: justify;\">Con estas iniciativas, la Diputaci\u00f3n de Albacete reafirma su compromiso con la promoci\u00f3n de las artes esc\u00e9nicas y la educaci\u00f3n cultural esperando que esta iniciativa, adem\u00e1s de celebrar como merece el D\u00eda Internacional de la Danza, sirva tambi\u00e9n para inspirar a nuevas generaciones de estudiantes a explorar y apreciar la riqueza de este tipo de expresiones art\u00edsticas.<\/p>\n<p><!--publicidad-voz03--><a href=\"https:\/\/www.facebook.com\/profile.php?id=100063593791305&amp;locale=es_ES\"><img decoding=\"async\" class=\"alignnone size-medium\" src=\"https:\/\/blogger.googleusercontent.com\/img\/b\/R29vZ2xl\/AVvXsEi8_n_ll8UOcGxCqzFvb_9Io4ICczlGC990BPtPj2w9Px-u7B3oqWUW5vtjZUqPNJ-nyjiUIorE0ATsib_l5tV8BVN-UJ03RTnU__IHJF_4DgDBtY4LIqXNG-FomrO-7ywes20CBCRM2Hcm7EJSh3UUw1dO-c_uTflUrtgY1i7uBRezj_DpympmEFkfbQY\/s1600\/logo-principal2.jpg\" width=\"100%\" height=\"100\" \/><\/a><!--bestpublic-voz03--><!--desk-in-out-voz03--><br \/>\n<!--publicidad-voz04--><a href=\"https:\/\/www.facebook.com\/profile.php?id=61557370768692&amp;locale=es_ES\"><img decoding=\"async\" class=\"alignnone size-medium\" src=\"https:\/\/blogger.googleusercontent.com\/img\/b\/R29vZ2xl\/AVvXsEgy5RdcfffrnrItnYTcV9bCJjgJwldsQLWssfVfrLbyfXeBNTFKgBf0rMIvhrUaGUhiXzVr9_eQgCbi-j63ZDpfTvLIty9w7s140y-m1yHe7eKmEK7v2NAHUJDVYGdfeiQFeRCqUjdwWmN1MX_AUxxz4IVdJ4WIM0APxit8bjWkXzrnEFGqBvW_1F13H1g\/s1600\/logo-principal5.jpg\" width=\"100%\" height=\"100\" \/><\/a><!--bestpublic-voz04--><!--desk-in-out-voz04--><br \/>\n<!--publicidad-voz05--><a href=\"https:\/\/www.facebook.com\/asociaciontamborileroshellin?locale=es_ES\"><img decoding=\"async\" class=\"alignnone size-medium\" src=\"https:\/\/blogger.googleusercontent.com\/img\/b\/R29vZ2xl\/AVvXsEhHEEpZsKK1VpwiYMrS7aE2ujtqIDZoLd4B5wtbiseSU9s2HdTdQfhF84So2XwEB1fv0BLw95GADm6hUl1bkKtzh-eIgVigXONuu_5RxeIMPhjk8q6uNX4EaEHbooKkbu7pCADWPpVJjhKIH5NQSJpWqedC-YBez4QAQeJYokkLot9bhrIaUAeztsGis6M\/s1600\/logo-principal3.jpg\" width=\"100%\" height=\"100\" \/><\/a><!--bestpublic-voz05--><!--desk-in-out-voz05--><br \/>\n<!--publicidad-voz06--><!--bestpublic-voz06--><!--desk-in-out-voz06--><br \/>\n<!--publicidad-voz07--><!--bestpublic-voz07--><!--desk-in-out-voz07--><br \/>\n<!--publicidad-voz08--><!--bestpublic-voz08--><!--desk-in-out-voz08--><br \/>\n<!--publicidad-voz09--><!--bestpublic-voz09--><!--desk-in-out-voz09--><br \/>\n<!--publicidad-voz10--><!--bestpublic-voz10--><!--desk-in-out-voz10--><br \/>\n<!--publicidad-voz11--><!--bestpublic-voz11--><!--desk-in-out-voz11--><br \/>\n<!--publicidad-voz12--><!--bestpublic-voz12--><!--desk-in-out-voz12--><br \/>\n<!--publicidad-voz13--><!--bestpublic-voz13--><!--desk-in-out-voz13--><br \/>\n<!--publicidad-voz14--><!--bestpublic-voz14--><!--desk-in-out-voz14--><br \/>\n<!--publicidad-voz15--><!--bestpublic-voz15--><!--desk-in-out-voz15--><br \/>\n<!--publicidad-voz16--><!--bestpublic-voz16--><!--desk-in-out-voz16--><\/p>\n","protected":false},"excerpt":{"rendered":"<p>En un nuevo paso en el objetivo de enriquecer la educaci\u00f3n cultural y art\u00edstica en la provincia, la Diputaci\u00f3n de Albacete, a trav\u00e9s de su Servicio de Educaci\u00f3n y Cultura,&#8230;<\/p>\n","protected":false},"author":2,"featured_media":149921,"comment_status":"closed","ping_status":"closed","sticky":false,"template":"","format":"standard","meta":{"footnotes":""},"categories":[754,718,715,716,717],"tags":[],"class_list":["post-149920","post","type-post","status-publish","format-standard","has-post-thumbnail","hentry","category-blog-lv035","category-blogger","category-la-voz-de-hellin","category-la-voz-de-hellin-la-voz-de-hellin","category-noticias"],"_links":{"self":[{"href":"https:\/\/lavozdehellin.com\/noticias\/wp-json\/wp\/v2\/posts\/149920","targetHints":{"allow":["GET"]}}],"collection":[{"href":"https:\/\/lavozdehellin.com\/noticias\/wp-json\/wp\/v2\/posts"}],"about":[{"href":"https:\/\/lavozdehellin.com\/noticias\/wp-json\/wp\/v2\/types\/post"}],"author":[{"embeddable":true,"href":"https:\/\/lavozdehellin.com\/noticias\/wp-json\/wp\/v2\/users\/2"}],"replies":[{"embeddable":true,"href":"https:\/\/lavozdehellin.com\/noticias\/wp-json\/wp\/v2\/comments?post=149920"}],"version-history":[{"count":0,"href":"https:\/\/lavozdehellin.com\/noticias\/wp-json\/wp\/v2\/posts\/149920\/revisions"}],"wp:featuredmedia":[{"embeddable":true,"href":"https:\/\/lavozdehellin.com\/noticias\/wp-json\/wp\/v2\/media\/149921"}],"wp:attachment":[{"href":"https:\/\/lavozdehellin.com\/noticias\/wp-json\/wp\/v2\/media?parent=149920"}],"wp:term":[{"taxonomy":"category","embeddable":true,"href":"https:\/\/lavozdehellin.com\/noticias\/wp-json\/wp\/v2\/categories?post=149920"},{"taxonomy":"post_tag","embeddable":true,"href":"https:\/\/lavozdehellin.com\/noticias\/wp-json\/wp\/v2\/tags?post=149920"}],"curies":[{"name":"wp","href":"https:\/\/api.w.org\/{rel}","templated":true}]}}