{"id":149924,"date":"2024-04-22T13:15:32","date_gmt":"2024-04-22T11:15:32","guid":{"rendered":"https:\/\/lavozdehellin.com\/noticias\/?p=149924"},"modified":"2024-04-23T19:29:47","modified_gmt":"2024-04-23T17:29:47","slug":"v08-525-cabanero-presenta-el-primer-libro-escrito-sobre-la-historia-de-pozo-canada-que-a-pesar-de-remontarse-a-la-edad-de-bronce-tiene-la-paradoja-de-ser-el-municipio-mas-joven-de-la-provincia-de-alba","status":"publish","type":"post","link":"https:\/\/lavozdehellin.com\/noticias\/v08-525-cabanero-presenta-el-primer-libro-escrito-sobre-la-historia-de-pozo-canada-que-a-pesar-de-remontarse-a-la-edad-de-bronce-tiene-la-paradoja-de-ser-el-municipio-mas-joven-de-la-provincia-de-alba\/","title":{"rendered":"LVH NOTICIAS | CABA\u00d1ERO PRESENTA EL PRIMER LIBRO ESCRITO SOBRE LA HISTORIA DE POZO CA\u00d1ADA QUE, A PESAR DE REMONTARSE A LA EDAD DE BRONCE, TIENE LA PARADOJA DE SER EL MUNICIPIO M\u00c1S JOVEN DE LA PROVINCIA DE ALBACETE"},"content":{"rendered":"<p style=\"text-align: justify;\">La Diputaci\u00f3n de Albacete ha sido el escenario elegido por el Ayuntamiento de Pozo Ca\u00f1ada para dar a conocer \u2018Pozo Ca\u00f1ada.<\/p>\n<p style=\"text-align: justify;\">Un paseo por la historia\u2019: el primer libro escrito sobre la historia de dicha localidad.<\/p>\n<p><!--more--><br \/>\n<!--publicidad-voz01--><a href=\"https:\/\/www.facebook.com\/SoloRadioHellin\/?locale=es_ES\"><img decoding=\"async\" class=\"alignnone size-medium\" src=\"https:\/\/blogger.googleusercontent.com\/img\/b\/R29vZ2xl\/AVvXsEiNncirNnyGedv00mhjZjh5Wl4_YPdJGanoAl8tL8zH-HwqE8uHqjEfSt340RHdx-9tuCSIkZ8rFamZiGyYlgDGxCsmXjCH_1xk5eYM3ntFZRvJP_jndOKR7w1UAo9Tu0vrZyOLfqRpHIxYI5SymJJ-pfGCQw6QVpggBH-UgfjiFQ2JOxqxG0Jx94kW83c\/s1600\/logo-principal.jpg\" width=\"100%\" height=\"100\" \/><\/a><!--bestpublic-voz01--><!--desk-in-out-voz01--><br \/>\n<!--publicidad-voz02--><a href=\"https:\/\/www.hellincf.com\/\"><img decoding=\"async\" class=\"alignnone size-medium\" src=\"https:\/\/blogger.googleusercontent.com\/img\/b\/R29vZ2xl\/AVvXsEhuZ4-XfBVj3UtdP8-RZugy3WVrg-Zv28c53m4oV47qYCxL1rX_dqWX_YddsGSnpH5SRDqZ7bZeKPIfDVCDncpjVlhy3aQs2vojcJBn7Gdv9hC2_Nzct_pRFrnFE1a7KTCdY1bT_kAgnY3-iadRZrGeJf1fR2P5fu11bokx0pWjaypoy-ctwCjklldpEbA\/s1600\/logo-principal7.jpg\" width=\"100%\" height=\"100\" \/><\/a><!--bestpublic-voz02--><!--desk-in-out-voz02--><\/p>\n<p style=\"text-align: justify;\">El presidente provincial, Santi Caba\u00f1ero, lo ha presentado, junto al alcalde, Francisco Garc\u00eda, y al coordinador del trabajo, Juan Manuel Vila, en una rueda de prensa a la que ha asistido tambi\u00e9n el resto de los autores: Alonso Villar, Pedro Alberto Cebri\u00e1n y Francisco Javier Castell\u00f3 (miembros del GEIH- Grupo de Estudios de Investigaci\u00f3n Hist\u00f3rica).<\/p>\n<p style=\"text-align: justify;\">El ejemplar, editado por el Ayuntamiento y por la propia Diputaci\u00f3n con una tirada de unos 500 ejemplares, hace un recorrido exhaustivo, documentado y did\u00e1ctico por los acontecimientos m\u00e1s relevantes de Pozo Ca\u00f1ada, desde su origen y los primeros pobladores en la Edad de Bronce hasta el 8 de mayo de 1999, momento en el que el barrio rural de la localidad se segrega de Albacete y se constituye como municipio, como ha explicado Caba\u00f1ero, quien ha subrayado la idoneidad de que esta \u201c\u2019peque\u00f1a\u2019 enciclopedia de bolsillo\u201d vea la luz coincidiendo con el 25\u00ba Aniversario de la efem\u00e9ride.<\/p>\n<p style=\"text-align: justify;\">La \u2018paradoja\u2019 tras Pozo Ca\u00f1ada<\/p>\n<p style=\"text-align: justify;\">El presiente ha felicitado a los autores, destacando el arduo trabajo de investigaci\u00f3n y documentaci\u00f3n que han realizado, as\u00ed como su rigor, apuntando que cuando alguien recopila y salvaguarda la historia de pueblos o ciudades, hay que dar las \u2018gracias\u2019.<\/p>\n<p style=\"text-align: justify;\">Caba\u00f1ero ha puesto el foco en lo que ha calificado como una paradoja en torno a Pozo Ca\u00f1ada, siendo \u201cel municipio m\u00e1s joven de la provincia y, al mismo tiempo, un pueblo cuya historia se remonta a la Edad de Bronce\u201d, llamando la atenci\u00f3n sobre unos erizos de mar, con entre 12 y 15 millones de a\u00f1os de antig\u00fcedad que fueron encontrados all\u00ed y se conservan, en la actualidad, en el Museo Paleontol\u00f3gico de C-LM.<\/p>\n<p style=\"text-align: justify;\">En esta l\u00ednea, ha felicitado al alcalde de la localidad (bromeando sobre el hecho de Garc\u00eda Alcaraz formase parte de aquella Comisi\u00f3n Gestora con la que ech\u00f3 a andar de facto la \u2018independencia\u2019 de Pozo Ca\u00f1ada). Le ha dado su m\u00e1s sincera enhorabuena por su implicaci\u00f3n en este libro y por \u201c\u2018involucrar\u2019 a la Diputaci\u00f3n\u201d para que este proyecto viera la luz y llegase a los vecinos y vecinas.<\/p>\n<p style=\"text-align: justify;\">La divulgaci\u00f3n del patrimonio, clave para el progreso provincial<\/p>\n<p style=\"text-align: justify;\">En este sentido, el presidente ha asegurado que para la Diputaci\u00f3n de Albacete es \u201cun placer\u201d colaborar en la edici\u00f3n de este ejemplar, en l\u00ednea con \u201cel compromiso y la implicaci\u00f3n\u201d de la instituci\u00f3n con la conservaci\u00f3n, protecci\u00f3n, puesta en valor y difusi\u00f3n del patrimonio provincial, conscientes de que \u00e9sta es una potente herramienta con la que, a trav\u00e9s del pasado, proyectar oportunidades futuras que contribuyan a la dinamizaci\u00f3n social, tur\u00edstica y econ\u00f3mica del territorio. \u201cEl futuro de nuestros pueblos, yo estoy convencido de que va a depender de la capacidad que tengamos de apostar por sus recursos y por ponerlos en valor\u201d, ha subrayado.<\/p>\n<p style=\"text-align: justify;\">Por ello, no ha dudado en asegurar que es fundamentar \u2018cuidar\u2019 a quienes cuidan la historia, en alusi\u00f3n a investigadores, arque\u00f3logos, divulgadores\u2026, a\u00f1adiendo que hay que \u201cdarles voz\u201d con la difusi\u00f3n de sus trabajos. Tarea en la que la Diputaci\u00f3n realiza una importante labor, especialmente, a trav\u00e9s de su Instituto de Estudios Albacetenses \u2018Don Juan Manuel\u2019 y de su Imprenta Provincial.<\/p>\n<p style=\"text-align: justify;\">Francisco Garc\u00eda Alcaraz subraya el apoyo de la Diputaci\u00f3n de Albacete a los pueblos<\/p>\n<p style=\"text-align: justify;\">En esta l\u00ednea, el alcalde de Pozo Ca\u00f1ada (y diputado provincial de Sanidad), ha agradecido a la Diputaci\u00f3n de Albacete, en la figura de su presidente, el compromiso que la instituci\u00f3n brinda a los pueblos, especialmente, a los de menos tama\u00f1o, para desarrollar con plenitud su autonom\u00eda municipal a trav\u00e9s de m\u00faltiples l\u00edneas y proyectos, entre los que ha aludido el \u2018Dipualba Responde\u2019 o esas ayudas para la conservaci\u00f3n patrimonial que el Ayuntamiento ha podido destinar, por ejemplo, a a\u00a1mejorar la ermita de San Isidro y \u2018arrojar\u2019 luz sobre el potencial del yacimiento de El Chortal.<\/p>\n<p style=\"text-align: justify;\">Y, de forma muy especial, ha agradecido la implicaci\u00f3n del presidente a la hora de hacer posible duplicar el n\u00famero de ejemplares de este libro, cuyo lanzamiento al p\u00fablico se ha enmarcado \u2018estrat\u00e9gicamente\u2019 haci\u00e9ndolo coincidir con el inminente 25\u00aa aniversario de su creaci\u00f3n como municipio (efem\u00e9ride que se celebrar\u00e1 el 8 de mayo) y con la semana en torno al D\u00eda del Libro.<\/p>\n<p style=\"text-align: justify;\">\u201cAunque sea la localidad m\u00e1s joven de la provincia, Pozo Ca\u00f1ada posee una rica historia documentada desde el a\u00f1o 1457\u201d, ha reiterado el alcalde, haciendo un atractivo recorrido , por eventos significativos (como epidemias, distintos cambios administrativos y la \u2018comida real\u2019 de la que fue escenario) que los lectores y las lectoras descubrir\u00e1n a trav\u00e9s de las p\u00e1ginas de esta obra, fruto de un trabajo que, ha avanzado, ese 8 de mayo se presentar\u00e1 al propio pueblo de Pozo Ca\u00f1ada y se har\u00e1 llegar tambi\u00e9n al alumnado de los centros educativos.<\/p>\n<p style=\"text-align: justify;\">Una lectura \u201caccesible y atractiva\u201d pensada para todos los p\u00fablicos<\/p>\n<p style=\"text-align: justify;\">Por su parte, ha sido el coordinador del libro, Juan Manuel Vila, ha dado los detalles de esta obra que est\u00e1 dividida en seis ejes tem\u00e1ticos: \u2018Geolog\u00eda y paleontolog\u00eda del municipio de Pozo Ca\u00f1ada\u2019, \u2018La prehistoria en Pozo Ca\u00f1ada\u2019, \u2018El inicio de la ocupaci\u00f3n humana\u2019, \u2018La presencia ib\u00e9rica y romanizaci\u00f3n en el entorno de Pozo Ca\u00f1ada\u2019, \u2018Tiempo de Visigodos\u2019, \u2018Mundo \u00c1rabe y Reconquista en Pozo Ca\u00f1ada\u2019, \u2018Pozo Ca\u00f1ada, nuestra presencia en documentos de los siglos XVI a XIX\u2019, y \u2018Del siglo XX hasta hoy. El reconocimiento de una identidad\u2019.<\/p>\n<p style=\"text-align: justify;\">Vila ha reiterado el agradecimiento por \u201cel esfuerzo\u201d de sus compa\u00f1eros Alonso, Pedro y Paco, que (ha reiterado) han dedicado \u201cmuchas horas a este proyecto\u201d que se origin\u00f3 en una reuni\u00f3n donde se plante\u00f3 la idea de investigar y documentar la rica historia del municipio a trav\u00e9s de diversas excavaciones en yacimientos locales, y sorprendi\u00e9ndose de lo que iban hallando en las diferentes fuentes consultadas.<\/p>\n<p style=\"text-align: justify;\">Adem\u00e1s, ha puesto en valor el proceso seguido con el objetivo de que el libro ofreciera \u201cuna lectura accesible y atractiva a todo el mundo ,tanto personas mayores como estudiantes\u201d, fomentando un mayor inter\u00e9s y conocimiento sobre la historia local entre los y las habitantes de Pozo Ca\u00f1ada y entre sus visitantes.<\/p>\n<p><!--publicidad-voz03--><a href=\"https:\/\/www.facebook.com\/profile.php?id=100063593791305&amp;locale=es_ES\"><img decoding=\"async\" class=\"alignnone size-medium\" src=\"https:\/\/blogger.googleusercontent.com\/img\/b\/R29vZ2xl\/AVvXsEi8_n_ll8UOcGxCqzFvb_9Io4ICczlGC990BPtPj2w9Px-u7B3oqWUW5vtjZUqPNJ-nyjiUIorE0ATsib_l5tV8BVN-UJ03RTnU__IHJF_4DgDBtY4LIqXNG-FomrO-7ywes20CBCRM2Hcm7EJSh3UUw1dO-c_uTflUrtgY1i7uBRezj_DpympmEFkfbQY\/s1600\/logo-principal2.jpg\" width=\"100%\" height=\"100\" \/><\/a><!--bestpublic-voz03--><!--desk-in-out-voz03--><br \/>\n<!--publicidad-voz04--><a href=\"https:\/\/www.facebook.com\/profile.php?id=61557370768692&amp;locale=es_ES\"><img decoding=\"async\" class=\"alignnone size-medium\" src=\"https:\/\/blogger.googleusercontent.com\/img\/b\/R29vZ2xl\/AVvXsEgy5RdcfffrnrItnYTcV9bCJjgJwldsQLWssfVfrLbyfXeBNTFKgBf0rMIvhrUaGUhiXzVr9_eQgCbi-j63ZDpfTvLIty9w7s140y-m1yHe7eKmEK7v2NAHUJDVYGdfeiQFeRCqUjdwWmN1MX_AUxxz4IVdJ4WIM0APxit8bjWkXzrnEFGqBvW_1F13H1g\/s1600\/logo-principal5.jpg\" width=\"100%\" height=\"100\" \/><\/a><!--bestpublic-voz04--><!--desk-in-out-voz04--><br \/>\n<!--publicidad-voz05--><a href=\"https:\/\/www.facebook.com\/asociaciontamborileroshellin?locale=es_ES\"><img decoding=\"async\" class=\"alignnone size-medium\" src=\"https:\/\/blogger.googleusercontent.com\/img\/b\/R29vZ2xl\/AVvXsEhHEEpZsKK1VpwiYMrS7aE2ujtqIDZoLd4B5wtbiseSU9s2HdTdQfhF84So2XwEB1fv0BLw95GADm6hUl1bkKtzh-eIgVigXONuu_5RxeIMPhjk8q6uNX4EaEHbooKkbu7pCADWPpVJjhKIH5NQSJpWqedC-YBez4QAQeJYokkLot9bhrIaUAeztsGis6M\/s1600\/logo-principal3.jpg\" width=\"100%\" height=\"100\" \/><\/a><!--bestpublic-voz05--><!--desk-in-out-voz05--><br \/>\n<!--publicidad-voz06--><!--bestpublic-voz06--><!--desk-in-out-voz06--><br \/>\n<!--publicidad-voz07--><!--bestpublic-voz07--><!--desk-in-out-voz07--><br \/>\n<!--publicidad-voz08--><!--bestpublic-voz08--><!--desk-in-out-voz08--><br \/>\n<!--publicidad-voz09--><!--bestpublic-voz09--><!--desk-in-out-voz09--><br \/>\n<!--publicidad-voz10--><!--bestpublic-voz10--><!--desk-in-out-voz10--><br \/>\n<!--publicidad-voz11--><!--bestpublic-voz11--><!--desk-in-out-voz11--><br \/>\n<!--publicidad-voz12--><!--bestpublic-voz12--><!--desk-in-out-voz12--><br \/>\n<!--publicidad-voz13--><!--bestpublic-voz13--><!--desk-in-out-voz13--><br \/>\n<!--publicidad-voz14--><!--bestpublic-voz14--><!--desk-in-out-voz14--><br \/>\n<!--publicidad-voz15--><!--bestpublic-voz15--><!--desk-in-out-voz15--><br \/>\n<!--publicidad-voz16--><!--bestpublic-voz16--><!--desk-in-out-voz16--><\/p>\n","protected":false},"excerpt":{"rendered":"<p>La Diputaci\u00f3n de Albacete ha sido el escenario elegido por el Ayuntamiento de Pozo Ca\u00f1ada para dar a conocer \u2018Pozo Ca\u00f1ada. Un paseo por la historia\u2019: el primer libro escrito&#8230;<\/p>\n","protected":false},"author":2,"featured_media":149925,"comment_status":"closed","ping_status":"closed","sticky":false,"template":"","format":"standard","meta":{"footnotes":""},"categories":[754,718,715,716,717],"tags":[],"class_list":["post-149924","post","type-post","status-publish","format-standard","has-post-thumbnail","hentry","category-blog-lv035","category-blogger","category-la-voz-de-hellin","category-la-voz-de-hellin-la-voz-de-hellin","category-noticias"],"_links":{"self":[{"href":"https:\/\/lavozdehellin.com\/noticias\/wp-json\/wp\/v2\/posts\/149924","targetHints":{"allow":["GET"]}}],"collection":[{"href":"https:\/\/lavozdehellin.com\/noticias\/wp-json\/wp\/v2\/posts"}],"about":[{"href":"https:\/\/lavozdehellin.com\/noticias\/wp-json\/wp\/v2\/types\/post"}],"author":[{"embeddable":true,"href":"https:\/\/lavozdehellin.com\/noticias\/wp-json\/wp\/v2\/users\/2"}],"replies":[{"embeddable":true,"href":"https:\/\/lavozdehellin.com\/noticias\/wp-json\/wp\/v2\/comments?post=149924"}],"version-history":[{"count":0,"href":"https:\/\/lavozdehellin.com\/noticias\/wp-json\/wp\/v2\/posts\/149924\/revisions"}],"wp:featuredmedia":[{"embeddable":true,"href":"https:\/\/lavozdehellin.com\/noticias\/wp-json\/wp\/v2\/media\/149925"}],"wp:attachment":[{"href":"https:\/\/lavozdehellin.com\/noticias\/wp-json\/wp\/v2\/media?parent=149924"}],"wp:term":[{"taxonomy":"category","embeddable":true,"href":"https:\/\/lavozdehellin.com\/noticias\/wp-json\/wp\/v2\/categories?post=149924"},{"taxonomy":"post_tag","embeddable":true,"href":"https:\/\/lavozdehellin.com\/noticias\/wp-json\/wp\/v2\/tags?post=149924"}],"curies":[{"name":"wp","href":"https:\/\/api.w.org\/{rel}","templated":true}]}}